{"id":125417,"date":"2025-12-31T10:52:40","date_gmt":"2025-12-31T10:52:40","guid":{"rendered":"https:\/\/www.europesays.com\/no\/125417\/"},"modified":"2025-12-31T10:52:40","modified_gmt":"2025-12-31T10:52:40","slug":"skiskytterlandslaget-skal-lade-opp-til-ol-i-lavaze","status":"publish","type":"post","link":"https:\/\/www.europesays.com\/no\/125417\/","title":{"rendered":"Skiskytterlandslaget skal lade opp til OL i Lavaze"},"content":{"rendered":"\n<p class=\"_lead_o9xde_2 _lead_xtcu6_50 layout-component text-serif-m layout-normal text-serif-l layout-component layout-wide layout-padded _wide_17hqh_1 layout-padded\">Men n\u00e5 skal ut\u00f8vere og ledelse bruke noen dager p\u00e5 \u00e5 vurdere om de skal gj\u00f8re endringer. <\/p>\n<p><img alt=\"SKISKYTTER-HOTELL: Her skal skiskytterne etter planen lade opp til OL, som starter i februar, men allerede 19. januar startet prcampen.  Foto: Fredrik Ouren Jostad \/ VG\" class=\"_image_qp4xg_65 layout-component layout-wide\" data-fullscreen- data-track-element-type=\"Article image fullscreen\" data-track-name=\"ImageFullscreen\" fetchpriority=\"high\" decoding=\"sync\" loading=\"eager\" height=\"5464\" itemprop=\"image\"  src=\"https:\/\/www.europesays.com\/no\/wp-content\/uploads\/2025\/12\/4379190c-8986-4fad-8219-f250d17b4b7c.png\"  style=\"object-position:0% 0%\" width=\"8192\"\/>SKISKYTTER-HOTELL: Her skal skiskytterne etter planen lade opp til OL, som starter i februar, men allerede 19. januar startet prcampen.  Foto: Fredrik Ouren Jostad \/ VG<\/p>\n<ul aria-hidden=\"true\" class=\"_images_ntbth_112\">\n<li><a class=\"_link_ntbth_117\" href=\"https:\/\/www.vg.no\/forfatter\/andreas-hopen\" style=\"z-index:2\" title=\"Andreas Hopen\" rel=\"nofollow noopener\" target=\"_blank\"><img alt=\"Bilde av Andreas Hopen\" class=\"_image_ntbth_93\" fetchpriority=\"low\" loading=\"lazy\" decoding=\"async\" itemprop=\"image\"  src=\"https:\/\/www.europesays.com\/no\/wp-content\/uploads\/2025\/12\/1767178358_864_8d697287-ea03-4d54-ab67-6d65b82629eb.jpeg\"  width=\"480\"\/><\/a><\/li>\n<li><a class=\"_link_ntbth_117\" href=\"https:\/\/www.vg.no\/forfatter\/camilla-vesteng\" style=\"z-index:1\" title=\"Camilla Vesteng\" rel=\"nofollow noopener\" target=\"_blank\"><img alt=\"Bilde av Camilla Vesteng\" class=\"_image_ntbth_93\" fetchpriority=\"low\" loading=\"lazy\" decoding=\"async\" itemprop=\"image\"  src=\"https:\/\/www.europesays.com\/no\/wp-content\/uploads\/2025\/12\/1767178358_47_ab49df32-fc16-44e1-a56a-ce5ad5bd90d2.jpeg\"  width=\"480\"\/><\/a><\/li>\n<\/ul>\n<p> Oppdatert tirsdag 30. desember kl. 00:01    <\/p>\n<ul class=\"_list_o9xde_3 _list_64s2r_85 _unordered_o9xde_106 text-sans-m\">\n<li class=\"_item_o9xde_30\">Skiskytterlandslaget vurderer \u00e5 endre OL-planene etter Bakken-d\u00f8dsfallet.<\/li>\n<li class=\"_item_o9xde_30\">Landslagssjef Per-Arne Botnan sier de vil la beslutningen modnes noen dager.<\/li>\n<li class=\"_item_o9xde_30\">D\u00f8dsfallet kom som et sjokk, og ut\u00f8verne har f\u00e5tt tilbud om psykolog.<\/li>\n<li class=\"_item_o9xde_30\">Oberhof og Ruhpolding verdenscuprunder venter f\u00f8r OL-forberedelsene starter.<\/li>\n<\/ul>\n<p>Vis mer <\/p>\n<p class=\"_paragraph_o9xde_4 _paragraph_xtcu6_10 layout-component text-serif-m layout-normal text-serif-m layout-padded\">Det norske skiskytterlandslaget har precamp til OL fra 19. januar. Den 5. februar reiser de videre til Anterselva og OL som starter 8. februar for skiskytterne. <\/p>\n<p class=\"_paragraph_o9xde_4 _paragraph_xtcu6_10 layout-component text-serif-m layout-normal text-serif-m layout-padded\">N\u00e5 vurderer de \u00e5 se p\u00e5 andre l\u00f8sninger for den siste oppladningen.<\/p>\n<p class=\"_paragraph_o9xde_4 _paragraph_xtcu6_10 layout-component text-serif-m layout-normal text-serif-m layout-padded\"><a href=\"https:\/\/www.tv2.no\/sport\/skiskytterne-vurderer-a-endre-ol-planene-etter-bakken-dodsfallet\/18419067\/\" class=\"_link_o9xde_39\" rel=\"nofollow noopener\" target=\"_blank\">TV 2<\/a> omtalte saken f\u00f8rst.<\/p>\n<p class=\"_paragraph_o9xde_4 _paragraph_xtcu6_10 layout-component text-serif-m layout-normal text-serif-m layout-padded\"><strong class=\"_strong_o9xde_25\">\u2013 Det kom opp som et naturlig sp\u00f8rsm\u00e5l da dette skjedde: Hva tenker vi om precamp? Vi skal la det modnes noen dager. Det er gode argument for og imot \u00e5 bo der, sier landslagssjef Per-Arne Botnan til VG.<\/strong><\/p>\n<p><img decoding=\"async\" alt=\"Bilde av Per-Arne Botnan\" class=\"_image_ygndg_42\" height=\"27\" itemprop=\"image\" loading=\"lazy\"  src=\"https:\/\/www.europesays.com\/no\/wp-content\/uploads\/2025\/12\/019bf747-34c7-4f94-bdab-5968bfde8327.jpeg\"  width=\"40\"\/><strong class=\"_name_ygndg_51 title-serif-xs\">Per-Arne Botnan<\/strong><\/p>\n<p class=\"_paragraph_o9xde_4 text-sans-m _description_ygndg_56\">Landslagssjef skiskyting<\/p>\n<p class=\"_paragraph_o9xde_4 _paragraph_xtcu6_10 layout-component text-serif-m layout-normal text-serif-m layout-padded\">Han forteller at ut\u00f8verne ikke har gitt noen konkret tilbakemelding p\u00e5 hva de tenker om \u00e5 ha pre-camp p\u00e5 akkurat dette hotellet.<\/p>\n<p class=\"_paragraph_o9xde_4 _paragraph_xtcu6_10 layout-component text-serif-m layout-normal text-serif-m layout-padded\">\u2013 Vi skal bearbeide det som er skjedd litt, og la det modnes. Det skal litt til at vi bytter sted, sier landslagssjefen.<\/p>\n<p><img alt=\"Sivert Bakken i aksjon p\u00e5 Geilo tidligere i \u00e5r.  Foto: Geir Olsen \/ NTB\" class=\"_image_qp4xg_65 layout-component layout-normal\" data-fullscreen- data-track-element-type=\"Article image fullscreen\" data-track-name=\"ImageFullscreen\" decoding=\"async\" loading=\"lazy\" height=\"3413\" itemprop=\"image\"  src=\"https:\/\/www.europesays.com\/no\/wp-content\/uploads\/2025\/12\/82fe35eb-018e-4852-8748-ee603f45813f.png\"  style=\"object-position:0% 0%\" width=\"5120\"\/>Sivert Bakken i aksjon p\u00e5 Geilo tidligere i \u00e5r.  Foto: Geir Olsen \/ NTB<\/p>\n<p class=\"_paragraph_o9xde_4 _paragraph_xtcu6_10 layout-component text-serif-m layout-normal text-serif-m layout-padded\">Planen for OL-oppladningen er lagt for flere \u00e5r siden, og det er bare tre uker til pre-campen starter. Italia ble tildelt OL i juni 2019, da hadde Lavaz\u00e9 allere v\u00e6rt skiskytternes sted for trening og oppladning i mellom-Europa en god stund.<\/p>\n<p class=\"_paragraph_o9xde_4 _paragraph_xtcu6_10 layout-component text-serif-m layout-normal text-serif-m layout-padded\">\u2013 Lavaz\u00e9 har v\u00e6rt v\u00e5rt sted i veldig mange \u00e5r. Vi har planlagt det som precamp i mange \u00e5r. Vi har ikke sjekket andre steder enn\u00e5, men vet at mange andre steder er opptatt, forklarer Botnan.<\/p>\n<p class=\"_paragraph_o9xde_4 _paragraph_xtcu6_10 layout-component text-serif-m layout-normal text-serif-m layout-padded\">Lavaz\u00e9 er et lite fjellpass p\u00e5 1800 h\u00f8ydemeter nord\u00f8st i Italia. Omr\u00e5det er et yndet vintersportsted mye brukt av vintersportut\u00f8vere. <\/p>\n<p class=\"_paragraph_o9xde_4 _paragraph_xtcu6_10 layout-component text-serif-m layout-normal text-serif-m layout-padded\">Der var Sivert Guttorm Bakken sammen med flere andre norske skiskyttere p\u00e5 h\u00f8ydeopphold f\u00f8r jul. Bakken ble funnet d\u00f8d p\u00e5 lille julaften. I tillegg til norske ut\u00f8vere har ogs\u00e5 den amerikanske skistjernen Jessie Diggins brukt mye tid p\u00e5 en hytte i Lavaz\u00e9 i forberedelsene frem mot OL.<\/p>\n<p><img alt=\"Dette er hotellet skiskytterne skal bruke som precamp, og hvor Sivert Bakken ble funnet d\u00f8d 23. desember.  Foto: Bendik Hansen \/ VG \/ VG\" class=\"_image_qp4xg_65 layout-component layout-normal\" data-fullscreen- data-track-element-type=\"Article image fullscreen\" data-track-name=\"ImageFullscreen\" decoding=\"async\" loading=\"lazy\" height=\"4284\" itemprop=\"image\"  src=\"https:\/\/www.europesays.com\/no\/wp-content\/uploads\/2025\/12\/b728b78b-68a6-4fb7-9a03-d8c2906c6c71.png\"  style=\"object-position:0% 0%\" width=\"5712\"\/>Dette er hotellet skiskytterne skal bruke som precamp, og hvor Sivert Bakken ble funnet d\u00f8d 23. desember.  Foto: Bendik Hansen \/ VG \/ VG<\/p>\n<p class=\"_paragraph_o9xde_4 _paragraph_xtcu6_10 layout-component text-serif-m layout-normal text-serif-m layout-padded\">N\u00e5 venter verdenscup for skiskytterne. Oberhof venter 8. januar f\u00f8r Ruhpolding venter 14\u201318. januar. Etter denne helgen skal pre-campen etter planen starte. Landslaget ruster n\u00e5 opp f\u00f8r de kommende verdenscuphelgene.<\/p>\n<p class=\"_paragraph_o9xde_4 _paragraph_xtcu6_10 layout-component text-serif-m layout-normal text-serif-m layout-padded\">\u2013 Ut\u00f8verne har f\u00e5tt tilbud om psykolog, vi styrker ogs\u00e5 teamet for det mentale til kommende verdenscup, forteller Botnan.<\/p>\n<p class=\"_paragraph_o9xde_4 _paragraph_xtcu6_10 layout-component text-serif-m layout-normal text-serif-m layout-padded\">Sivert Guttorm Bakken <a href=\"https:\/\/www.vg.no\/sport\/i\/k0J8M9\/skiskytterforbundet-bakken-funnet-med-hoeydemaske\" data-track-element-type=\"Link\" data-track-id=\"link:k0J8M9\" class=\"_link_o9xde_39\" rel=\"nofollow noopener\" target=\"_blank\">ble funnet d\u00f8d<\/a> p\u00e5 hotellrommet sitt lille julaften. D\u00f8ds\u00e5rsaken er ikke klar, men det vil gjennomf\u00f8res obduksjon av 27-\u00e5ringen i l\u00f8pet av romjulen. Bakken var i Lavaz\u00e9 p\u00e5 kombinert treningssamling i h\u00f8yden og julefeiring. <\/p>\n<p class=\"_paragraph_o9xde_4 _paragraph_xtcu6_10 layout-component text-serif-m layout-normal text-serif-m layout-padded\">D\u00f8dsfallet kom som et sjokk i milj\u00f8et, og mandag fortalte Bakkens lagkamerat Vetle Sj\u00e5stad Christiansen om <a href=\"https:\/\/www.vg.no\/sport\/i\/GxGeem\/vetle-sjaastad-christiansen-om-sivert-bakken-det-er-saa-mange-som-uttaler-seg-som-ikke-har-kunnskap\" data-track-element-type=\"Link\" data-track-id=\"link:GxGeem\" class=\"_link_o9xde_39\" rel=\"nofollow noopener\" target=\"_blank\">sorgen etter d\u00f8dsfalle<\/a>t.<\/p>\n","protected":false},"excerpt":{"rendered":"Men n\u00e5 skal ut\u00f8vere og ledelse bruke noen dager p\u00e5 \u00e5 vurdere om de skal gj\u00f8re endringer. SKISKYTTER-HOTELL:&hellip;\n","protected":false},"author":2,"featured_media":125418,"comment_status":"","ping_status":"","sticky":false,"template":"","format":"standard","meta":{"footnotes":""},"categories":[59],"tags":[30,28,29,10469,769,83,82],"class_list":{"0":"post-125417","1":"post","2":"type-post","3":"status-publish","4":"format-standard","5":"has-post-thumbnail","7":"category-sport","8":"tag-no","9":"tag-norge","10":"tag-norway","11":"tag-ol-2026","12":"tag-skiskyting","13":"tag-sport","14":"tag-sports"},"share_on_mastodon":{"url":"https:\/\/pubeurope.com\/@no\/115813806438749803","error":""},"_links":{"self":[{"href":"https:\/\/www.europesays.com\/no\/wp-json\/wp\/v2\/posts\/125417","targetHints":{"allow":["GET"]}}],"collection":[{"href":"https:\/\/www.europesays.com\/no\/wp-json\/wp\/v2\/posts"}],"about":[{"href":"https:\/\/www.europesays.com\/no\/wp-json\/wp\/v2\/types\/post"}],"author":[{"embeddable":true,"href":"https:\/\/www.europesays.com\/no\/wp-json\/wp\/v2\/users\/2"}],"replies":[{"embeddable":true,"href":"https:\/\/www.europesays.com\/no\/wp-json\/wp\/v2\/comments?post=125417"}],"version-history":[{"count":0,"href":"https:\/\/www.europesays.com\/no\/wp-json\/wp\/v2\/posts\/125417\/revisions"}],"wp:featuredmedia":[{"embeddable":true,"href":"https:\/\/www.europesays.com\/no\/wp-json\/wp\/v2\/media\/125418"}],"wp:attachment":[{"href":"https:\/\/www.europesays.com\/no\/wp-json\/wp\/v2\/media?parent=125417"}],"wp:term":[{"taxonomy":"category","embeddable":true,"href":"https:\/\/www.europesays.com\/no\/wp-json\/wp\/v2\/categories?post=125417"},{"taxonomy":"post_tag","embeddable":true,"href":"https:\/\/www.europesays.com\/no\/wp-json\/wp\/v2\/tags?post=125417"}],"curies":[{"name":"wp","href":"https:\/\/api.w.org\/{rel}","templated":true}]}}