{"id":125423,"date":"2025-12-31T11:07:10","date_gmt":"2025-12-31T11:07:10","guid":{"rendered":"https:\/\/www.europesays.com\/no\/125423\/"},"modified":"2025-12-31T11:07:10","modified_gmt":"2025-12-31T11:07:10","slug":"mannen-siktet-for-drapet-pa-may-torill-eriksen-vil-ikke-avhores","status":"publish","type":"post","link":"https:\/\/www.europesays.com\/no\/125423\/","title":{"rendered":"Mannen siktet for drapet p\u00e5 May Torill Eriksen vil ikke avh\u00f8res"},"content":{"rendered":"\n<p class=\"_lead_o9xde_2 _lead_xtcu6_50 layout-component text-serif-m layout-normal text-serif-l layout-component layout-wide layout-padded _wide_17hqh_1 layout-padded\">Mannen som tirsdag ble p\u00e5grepet og siktet for drapet p\u00e5 May Torill Eriksen (48) \u00f8nsker per n\u00e5 ikke la seg avh\u00f8re.<\/p>\n<p><img alt=\"Politiets krimteknikere jobber p\u00e5 \u00e5stedet s\u00f8ndag.  Foto: Tore Kristiansen \/ VG\" class=\"_image_qp4xg_65 layout-component layout-wide\" data-fullscreen- data-track-element-type=\"Article image fullscreen\" data-track-name=\"ImageFullscreen\" fetchpriority=\"high\" decoding=\"sync\" loading=\"eager\" height=\"2404\" itemprop=\"image\"  src=\"https:\/\/www.europesays.com\/no\/wp-content\/uploads\/2025\/12\/1767179227_826_39f54fd8-d937-4581-a121-b3bac3642d69.png\"  style=\"object-position:0% 0%\" width=\"3014\"\/>Politiets krimteknikere jobber p\u00e5 \u00e5stedet s\u00f8ndag.  Foto: Tore Kristiansen \/ VG<\/p>\n<ul aria-hidden=\"true\" class=\"_images_ntbth_112\">\n<li><a class=\"_link_ntbth_117\" href=\"https:\/\/www.vg.no\/forfatter\/haakon-f-hoeydal\" style=\"z-index:2\" title=\"H\u00e5kon F. H\u00f8ydal\" rel=\"nofollow noopener\" target=\"_blank\"><img alt=\"Bilde av H\u00e5kon F. H\u00f8ydal\" class=\"_image_ntbth_93\" fetchpriority=\"low\" loading=\"lazy\" decoding=\"async\" itemprop=\"image\"  src=\"https:\/\/www.europesays.com\/no\/wp-content\/uploads\/2025\/12\/791defbc-20b8-4779-b615-3d02a4d66e97.jpeg\"  width=\"480\"\/><\/a><\/li>\n<li><a class=\"_link_ntbth_117\" href=\"https:\/\/www.vg.no\/forfatter\/ola-haram\" style=\"z-index:1\" title=\"Ola Haram\" rel=\"nofollow noopener\" target=\"_blank\"><img alt=\"Bilde av Ola Haram\" class=\"_image_ntbth_93\" fetchpriority=\"low\" loading=\"lazy\" decoding=\"async\" itemprop=\"image\"  src=\"https:\/\/www.europesays.com\/no\/wp-content\/uploads\/2025\/12\/eb1cd510-8bbd-41ad-8377-f4ff91e91460.png\"  width=\"480\"\/><\/a><\/li>\n<\/ul>\n<p>Rapporterer fra Hamar Oppdatert onsdag 31. desember kl. 12:04     <\/p>\n<p class=\"_paragraph_o9xde_4 _paragraph_xtcu6_10 layout-component text-serif-m layout-normal text-serif-m layout-padded\">Det skriver politiet i en kort pressemelding nytt\u00e5rsaften.<\/p>\n<p class=\"_paragraph_o9xde_4 _paragraph_xtcu6_10 layout-component text-serif-m layout-normal text-serif-m layout-padded\">\u2013 Politiet er i dialog med forsvarer, sier politiadvokat Anja Ruud i pressemeldingen.<\/p>\n<p class=\"_paragraph_o9xde_4 _paragraph_xtcu6_10 layout-component text-serif-m layout-normal text-serif-m layout-padded\">Det var i g\u00e5r at <a href=\"https:\/\/www.vg.no\/i\/WvbWM2\" data-track-element-type=\"Link\" data-track-id=\"link:WvbWM2\" class=\"_link_o9xde_39\" rel=\"nofollow noopener\" target=\"_blank\">mannen i 60-\u00e5rene ble p\u00e5grepet i Oslo<\/a>. Han hadde da siden s\u00f8ndag v\u00e6rt siktet for for drapet p\u00e5 48 \u00e5r gamle May Torill Eriksen, og v\u00e6rt etterlyst b\u00e5de nasjonalt og internasjonalt.<\/p>\n<p class=\"_paragraph_o9xde_4 _paragraph_xtcu6_10 layout-component text-serif-m layout-normal text-serif-m layout-padded\">Eriksen ble funnet d\u00f8d i sitt eget hjem i Kirken\u00e6r natt til s\u00f8ndag 28. desember. Politiet har sagt at omstendighetene tyder p\u00e5 at hun kunne ha blitt <a href=\"https:\/\/www.vg.no\/i\/JOo3LR\" data-track-element-type=\"Link\" data-track-id=\"link:JOo3LR\" class=\"_link_o9xde_39\" rel=\"nofollow noopener\" target=\"_blank\">utsatt for vold.<\/a><\/p>\n<p class=\"_paragraph_o9xde_4 _paragraph_xtcu6_10 layout-component text-serif-m layout-normal layout-padded\"><strong class=\"_strong_o9xde_25\">Les ogs\u00e5:<\/strong> <a href=\"https:\/\/www.vg.no\/i\/k0J1nL\" data-track-element-type=\"Link\" data-track-id=\"link:k0J1nL\" class=\"_link_o9xde_39\" rel=\"nofollow noopener\" target=\"_blank\">May Torill Eriksen (48) drept: \u2013 Et godt menneske   <\/a><\/p>\n<p class=\"_paragraph_o9xde_4 _paragraph_xtcu6_10 layout-component text-serif-m layout-normal text-serif-m layout-padded\">Mannen som er siktet for \u00e5 ha drept henne er tidligere d\u00f8mt for legemsbeskadigelse med d\u00f8den til f\u00f8lge.<\/p>\n<p class=\"_paragraph_o9xde_4 _paragraph_xtcu6_10 layout-component text-serif-m layout-normal text-serif-m layout-padded\">Det var\u00a0<a href=\"https:\/\/www.vg.no\/tag\/grue?utm_source=vg-article&amp;utm_medium=auto-tagger&amp;utm_campaign=q6L8mw\" class=\"_link_o9xde_39\" rel=\"nofollow noopener\" target=\"_blank\">Grue<\/a>\u00a0kommune som sendte bekymringsmelding til politiet, som f\u00f8rte til at Eriksen ble funnet.<\/p>\n<p class=\"_paragraph_o9xde_4 _paragraph_xtcu6_10 layout-component text-serif-m layout-normal text-serif-m layout-padded\">\u2013 Kommunens helsetjeneste var i kontakt med henne f\u00f8r jul, sier han.<\/p>\n<p class=\"_paragraph_o9xde_4 _paragraph_xtcu6_10 layout-component text-serif-m layout-normal text-serif-m layout-padded\">I julen fikk de derimot ikke kontakt med Eriksen. Da sendte de bekymringsmelding til politiet, og politiet rykket ut.<\/p>\n<p>Rettelse<\/p>\n<p class=\"_paragraph_o9xde_4\">I ingressen i en tidligere versjon av denne saken sto det feil alder. Dette ble rettet klokken 11.55 den 31. desember 2025. <\/p>\n<p>    <img decoding=\"async\" alt=\"Tips oss illustrasjon\" src=\"https:\/\/www.europesays.com\/no\/wp-content\/uploads\/2025\/10\/pssst-small.webp.webp\"\/>    <\/p>\n<p class=\"title-serif-s\">Har du tips?<\/p>\n<p class=\"text-sans-m\">Send oss informasjon, bilder eller video.<\/p>\n<p>  <a href=\"https:\/\/www.vg.no\/tips-oss\" rel=\"nofollow noopener\" target=\"_blank\"> Tips oss <\/a>      <\/p>\n","protected":false},"excerpt":{"rendered":"Mannen som tirsdag ble p\u00e5grepet og siktet for drapet p\u00e5 May Torill Eriksen (48) \u00f8nsker per n\u00e5 ikke&hellip;\n","protected":false},"author":2,"featured_media":125424,"comment_status":"","ping_status":"","sticky":false,"template":"","format":"standard","meta":{"footnotes":""},"categories":[10],"tags":[20,21,2320,24,25,8138,15,22,23,13,30,28,29,14,16,468,190,26,27],"class_list":{"0":"post-125423","1":"post","2":"type-post","3":"status-publish","4":"format-standard","5":"has-post-thumbnail","7":"category-norge","8":"tag-breaking-news","9":"tag-breakingnews","10":"tag-drap-i-norge","11":"tag-featured-news","12":"tag-featurednews","13":"tag-grue","14":"tag-headlines","15":"tag-latest-news","16":"tag-latestnews","17":"tag-news","18":"tag-no","19":"tag-norge","20":"tag-norway","21":"tag-nyheter","22":"tag-overskrifter","23":"tag-politiet","24":"tag-rettet","25":"tag-top-stories","26":"tag-topstories"},"share_on_mastodon":{"url":"https:\/\/pubeurope.com\/@no\/115813865529310904","error":""},"_links":{"self":[{"href":"https:\/\/www.europesays.com\/no\/wp-json\/wp\/v2\/posts\/125423","targetHints":{"allow":["GET"]}}],"collection":[{"href":"https:\/\/www.europesays.com\/no\/wp-json\/wp\/v2\/posts"}],"about":[{"href":"https:\/\/www.europesays.com\/no\/wp-json\/wp\/v2\/types\/post"}],"author":[{"embeddable":true,"href":"https:\/\/www.europesays.com\/no\/wp-json\/wp\/v2\/users\/2"}],"replies":[{"embeddable":true,"href":"https:\/\/www.europesays.com\/no\/wp-json\/wp\/v2\/comments?post=125423"}],"version-history":[{"count":0,"href":"https:\/\/www.europesays.com\/no\/wp-json\/wp\/v2\/posts\/125423\/revisions"}],"wp:featuredmedia":[{"embeddable":true,"href":"https:\/\/www.europesays.com\/no\/wp-json\/wp\/v2\/media\/125424"}],"wp:attachment":[{"href":"https:\/\/www.europesays.com\/no\/wp-json\/wp\/v2\/media?parent=125423"}],"wp:term":[{"taxonomy":"category","embeddable":true,"href":"https:\/\/www.europesays.com\/no\/wp-json\/wp\/v2\/categories?post=125423"},{"taxonomy":"post_tag","embeddable":true,"href":"https:\/\/www.europesays.com\/no\/wp-json\/wp\/v2\/tags?post=125423"}],"curies":[{"name":"wp","href":"https:\/\/api.w.org\/{rel}","templated":true}]}}