{"id":125429,"date":"2025-12-31T11:15:24","date_gmt":"2025-12-31T11:15:24","guid":{"rendered":"https:\/\/www.europesays.com\/no\/125429\/"},"modified":"2025-12-31T11:15:24","modified_gmt":"2025-12-31T11:15:24","slug":"nesten-pulverisert","status":"publish","type":"post","link":"https:\/\/www.europesays.com\/no\/125429\/","title":{"rendered":"&#8211; Nesten pulverisert"},"content":{"rendered":"<p class=\"kicker \" style=\"\">Uv\u00e6ret i nord:\u00a0<\/p>\n<p>  Det har kommet inn 300 skademeldinger i Nord-Norge etter de siste uv\u00e6rsdagene. I V\u00e6r\u00f8y i Nordland er 63 skolevinduer knust.<\/p>\n<p>\n    NORDLAND: Flere vinduer ved V\u00e6r\u00f8y skole i Nordland har blitt knust som f\u00f8lge av uv\u00e6r de siste dagene. Foto: V\u00e6r\u00f8y kommune\n  <\/p>\n<p>Det har kommet inn over 300 skademeldinger etter<a href=\"https:\/\/www.dagbladet.no\/nyheter\/politiet-hold-deg-inne\/84029990\" rel=\"nofollow noopener\" target=\"_blank\"> uv\u00e6ret som har herjet i Nord-Norge de siste dagene. <\/a>P\u00e5 V\u00e6r\u00f8y har en skole mistet n\u00e6r alle vinduene sine.<\/p>\n<p>Det sier kommunedirekt\u00f8r i V\u00e6r\u00f8y, Stig Stark-Johansen, til\u00a0<a href=\"https:\/\/www.an.no\/63-vinduer-pulverisert-av-stormen-det-kommer-til-a-bli-kamp-om-handverkere\/s\/5-4-2301415\" target=\"_blank\" rel=\"nofollow noopener\">Avisa Nordland.<\/a><\/p>\n<p>&#8211; De fleste vinduene er \u00f8delagt, de er nesten pulverisert. Det er de ogs\u00e5 p\u00e5 treningssenteret ved siden av. Forklaringen er nok l\u00f8s grus p\u00e5 plassen utenfor, sier han.<\/p>\n<p>Han legger til at skolen nylig vant nordnorsk arkitekturpris. De vurderer n\u00e5 \u00e5 bytte underlag p\u00e5 plassen utenfor skolen.<\/p>\n<p>        <img loading=\"lazy\" decoding=\"async\" src=\"https:\/\/www.europesays.com\/no\/wp-content\/uploads\/2025\/12\/84036422.webp.webp\" width=\"667\" height=\"467\" title=\"UTSIKT: Slik ser nesten alle vinduene ut p\u00e5 en skole i V\u00e6r\u00f8y etter uv\u00e6ret. Foto: V\u00e6r\u00f8y kommune\" alt=\"\" class=\"\" style=\"--aspect-ratio-image: 1.43; \"\/><\/p>\n<p>\n        UTSIKT: Slik ser nesten alle vinduene ut p\u00e5 en skole i V\u00e6r\u00f8y etter uv\u00e6ret. Foto: V\u00e6r\u00f8y kommune\n    <\/p>\n<p>&#8211; Jeg tror det har v\u00e6rt mer problematisk at vi hadde grus p\u00e5 banen. Vi m\u00e5 nok heller tenke at vi f\u00e5r ha for eksempel asfalt der framover, fordi det er voldsomme krefter i sving, sier kommunedirekt\u00f8ren.<\/p>\n<p>    <a itemprop=\"url\" href=\"https:\/\/www.dagbladet.no\/nyheter\/vaerkaos-i-nord\/84033393\" rel=\"nofollow noopener\" target=\"_blank\"><\/p>\n<p>        <img loading=\"lazy\" decoding=\"async\" src=\"https:\/\/www.europesays.com\/no\/wp-content\/uploads\/2025\/12\/1767179722_197_84033405.webp.webp\" width=\"980\" height=\"441\" title=\"V\u00e6rkaos i nord\" alt=\"\" class=\"lazyload\" style=\"--aspect-ratio-image: 2.22; \"\/><\/p>\n<p>        V\u00e6rkaos i nord<\/p>\n<p>    <\/a><\/p>\n<p>Hundretalls\t<\/p>\n<p>Skolen er ikke alene om \u00e5 ha skader etter uv\u00e6ret som har v\u00e6rt i Nord-Norge i helgen. Forsikringsselskapene har s\u00e5 langt f\u00e5tt inn minst 300 skadesaker etter romjuls-uv\u00e6ret i nord, skriver\u00a0<a href=\"https:\/\/www.nrk.no\/nordland\/vaeroy-i-lofoten_-63-vinduer-pa-skolen-knust-i-stormen-1.17707662\" target=\"_blank\" rel=\"nofollow noopener\">NRK<\/a>.<\/p>\n<p>De har snakket med If, Tryg og Gjensidige som alle melder om et hundretalls skademeldinger.<\/p>\n<p>&#8211; Vi har i overkant av 100 skademeldinger per n\u00e5. Det er i hovedsak skader p\u00e5 bygninger, samt biler som har f\u00e5tt bl\u00e5st tre og gjenstander over seg, sier pressesjef Sigmund Clementz i If forsikring til rikskringkasteren.<\/p>\n<p>        <img loading=\"lazy\" decoding=\"async\" src=\"https:\/\/www.europesays.com\/no\/wp-content\/uploads\/2025\/12\/84036424.webp.webp\" width=\"667\" height=\"381\" title=\"LAPPET SAMMEN: Slik ser skolebygningen forel\u00f8pig ut etter stormen. Foto: V\u00e6r\u00f8y kommune\" alt=\"\" class=\"\" style=\"--aspect-ratio-image: 1.75; \"\/><\/p>\n<p>\n        LAPPET SAMMEN: Slik ser skolebygningen forel\u00f8pig ut etter stormen. Foto: V\u00e6r\u00f8y kommune\n    <\/p>\n<p>Tryg skriver i en pressemelding om lignende skadetall og lignende episoder.<\/p>\n<p>&#8211; Det handler i stor grad om skader p\u00e5 hus og bygninger. Vi f\u00e5r ogs\u00e5 skademeldinger hvor gjenstander har blitt tatt av den sterke vinden og truffet biler. I tillegg meldes det om skader relatert til str\u00f8mbrudd, sier Christer Kj\u00f8rsvik, kommunikasjonssjef i Tryg.<\/p>\n<p>    <a itemprop=\"url\" href=\"https:\/\/www.dagbladet.no\/nyheter\/vinden-tok-taket-helt-absurd\/84030298\" rel=\"nofollow noopener\" target=\"_blank\"><\/p>\n<p>        <img loading=\"lazy\" decoding=\"async\" src=\"https:\/\/www.europesays.com\/no\/wp-content\/uploads\/2025\/12\/84030766.webp.webp\" width=\"147\" height=\"98\" title=\"Vinden tok taket: - Helt absurd\" alt=\"\" class=\"lazyload\" style=\"--aspect-ratio-image: 1.50; \"\/><\/p>\n<p>        Vinden tok taket: &#8211; Helt absurd<\/p>\n<p>    <\/a><\/p>\n<p>Flytr\u00f8bbel\t<\/p>\n<p>Uv\u00e6ret har ogs\u00e5 f\u00f8rt til problemer for reisende b\u00e5de med buss, ferge og fly.<\/p>\n<p>Leknes lufthavn i Lofoten er fortsatt stengt. Troms lufthavn er \u00e5pnet igjen etter perioder med stenging s\u00f8ndag, men venter en hektisk dag.<\/p>\n<p>&#8211; Det er en del passasjerer som ble booket om i g\u00e5r, som ikke kom seg av g\u00e5rde, sier Ivar Helsing Schr\u00f8en, lufthavnsjef ved Troms\u00f8 lufthavn, til iTroms\u00f8.<\/p>\n<p>&#8211; Og s\u00e5 er det meldt noen byger og frisk bris, s\u00e5 jeg regner med at vi m\u00e5 br\u00f8yte litt mellom slagene, sier han.<\/p>\n<p>I tillegg meldes det om b\u00e5de stengte veier og kolonnekj\u00f8ring.<\/p>\n<p>&#8211; Skal du ut og fly, m\u00e5 du forholde deg til informasjonen du f\u00e5r fra ditt flyselskap. Og skal du ut i trafikken nordp\u00e5, er det viktig \u00e5 sjekke vei- og f\u00f8reforhold \u2013 og eventuelt utsette kj\u00f8returen der forholdene er verst, sier Kj\u00f8rsvik i Tryg.<\/p>\n","protected":false},"excerpt":{"rendered":"Uv\u00e6ret i nord:\u00a0 Det har kommet inn 300 skademeldinger i Nord-Norge etter de siste uv\u00e6rsdagene. I V\u00e6r\u00f8y i&hellip;\n","protected":false},"author":2,"featured_media":125430,"comment_status":"","ping_status":"","sticky":false,"template":"","format":"standard","meta":{"footnotes":""},"categories":[5],"tags":[20,21,24,25,15,19,2539,22,23,17,18,13,30,28,29,14,16,26,27,3230,387],"class_list":{"0":"post-125429","1":"post","2":"type-post","3":"status-publish","4":"format-standard","5":"has-post-thumbnail","7":"category-overskrifter","8":"tag-breaking-news","9":"tag-breakingnews","10":"tag-featured-news","11":"tag-featurednews","12":"tag-headlines","13":"tag-hovedoppslag","14":"tag-innenriks","15":"tag-latest-news","16":"tag-latestnews","17":"tag-main-news","18":"tag-mainnews","19":"tag-news","20":"tag-no","21":"tag-norge","22":"tag-norway","23":"tag-nyheter","24":"tag-overskrifter","25":"tag-top-stories","26":"tag-topstories","27":"tag-uvaer","28":"tag-vaeret"},"share_on_mastodon":{"url":"https:\/\/pubeurope.com\/@no\/115813896857582615","error":""},"_links":{"self":[{"href":"https:\/\/www.europesays.com\/no\/wp-json\/wp\/v2\/posts\/125429","targetHints":{"allow":["GET"]}}],"collection":[{"href":"https:\/\/www.europesays.com\/no\/wp-json\/wp\/v2\/posts"}],"about":[{"href":"https:\/\/www.europesays.com\/no\/wp-json\/wp\/v2\/types\/post"}],"author":[{"embeddable":true,"href":"https:\/\/www.europesays.com\/no\/wp-json\/wp\/v2\/users\/2"}],"replies":[{"embeddable":true,"href":"https:\/\/www.europesays.com\/no\/wp-json\/wp\/v2\/comments?post=125429"}],"version-history":[{"count":0,"href":"https:\/\/www.europesays.com\/no\/wp-json\/wp\/v2\/posts\/125429\/revisions"}],"wp:featuredmedia":[{"embeddable":true,"href":"https:\/\/www.europesays.com\/no\/wp-json\/wp\/v2\/media\/125430"}],"wp:attachment":[{"href":"https:\/\/www.europesays.com\/no\/wp-json\/wp\/v2\/media?parent=125429"}],"wp:term":[{"taxonomy":"category","embeddable":true,"href":"https:\/\/www.europesays.com\/no\/wp-json\/wp\/v2\/categories?post=125429"},{"taxonomy":"post_tag","embeddable":true,"href":"https:\/\/www.europesays.com\/no\/wp-json\/wp\/v2\/tags?post=125429"}],"curies":[{"name":"wp","href":"https:\/\/api.w.org\/{rel}","templated":true}]}}