{"id":125433,"date":"2025-12-31T11:21:12","date_gmt":"2025-12-31T11:21:12","guid":{"rendered":"https:\/\/www.europesays.com\/no\/125433\/"},"modified":"2025-12-31T11:21:12","modified_gmt":"2025-12-31T11:21:12","slug":"bomlo-nyheter-bil-pa-taket-meteorologene-med-farevarsel","status":"publish","type":"post","link":"https:\/\/www.europesays.com\/no\/125433\/","title":{"rendered":"B\u00f8mlo, Nyheter | Bil p\u00e5 taket \u2013 meteorologene med farevarsel"},"content":{"rendered":"\n<p><b>* Det er spinnglatt flere steder p\u00e5 Haugalandet og i Sunnhordland. <\/b><\/p>\n<p>Meteorologene har sendt ut farevarsel for is p\u00e5 grunn av mildv\u00e6r og regn som fryser p\u00e5 kald bakke. Isen kan v\u00e6re vanskelige \u00e5 se.<\/p>\n<p><b>Spesielt p\u00e5 B\u00f8mlo har vi f\u00e5tt flere meldinger om ekstremt vanskelige kj\u00f8reforhold. <\/b><\/p>\n<p>P\u00e5 Spiss\u00f8y, i n\u00e6rheten av B\u00f8mlobrua, har en bil havnet p\u00e5 taket. Sj\u00e5f\u00f8ren, som var alene i bilen, skal ikke ha p\u00e5dratt seg alvorlige skader.<\/p>\n<p>Oppeg\u00e5ende sj\u00e5f\u00f8r, sv\u00e6rt vanskelige kj\u00f8reforhold<\/p>\n<p><b>\u2013 If\u00f8lge melder, som har v\u00e6rt i kontakt med bilf\u00f8rer, framsto bilf\u00f8rer som oppeg\u00e5ende, opplyser operasjonsleder Victor Fenne-Jensen.<\/b><\/p>\n<p>Politiet rykket ut til stedet og bekrefter meldingene om sv\u00e6re glatte forhold p\u00e5 ulykkesstedet.<\/p>\n<p><b> \u2013 Flere biler har holdt p\u00e5 \u00e5 skli\/kj\u00f8re ut av veien mens politiet er p\u00e5 stedet. Vi har varslet Vegtrafikksentralen, og de vil sende entrepren\u00f8r for \u00e5 salte strekningen, sier han. <\/b><\/p>\n<p>Politiet har f\u00e5tt meldinger om flere trafikkuhell andre steder i politidistriktet i morgentimene.<\/p>\n<p><b>\u2013 Det er meldt om glatt vegbane flere steder, sier Fenne-Jensen.<\/b><\/p>\n<p>Klokken 09.27 opplyser politiet at bilen er fjernet av bilberger. Strekningen er n\u00e5 saltet.<\/p>\n<p>   <img decoding=\"async\" width=\"1200\" height=\"675\" fetchpriority=\"low\"  loading=\"lazy\"  src=\"https:\/\/www.europesays.com\/no\/wp-content\/uploads\/2025\/12\/1767180072_868_3be5c226-4131-47f6-ae27-0311794c3b08.png\" alt=\"\" class=\"brick-c-cFOWSL\" style=\"--brick-image-ratio: 1200 \/ 675;\"\/><\/p>\n<p>      FAREVARSEL: Dette omr\u00e5det har Meteorologene sendt ut farevarsel for is for. Varselet gjelder for stort sett hele nytt\u00e5rsaften. <\/p>\n","protected":false},"excerpt":{"rendered":"* Det er spinnglatt flere steder p\u00e5 Haugalandet og i Sunnhordland. Meteorologene har sendt ut farevarsel for is&hellip;\n","protected":false},"author":2,"featured_media":125434,"comment_status":"","ping_status":"","sticky":false,"template":"","format":"standard","meta":{"footnotes":""},"categories":[10],"tags":[36,1061,20,21,24,25,15,22,23,13,30,28,29,447,14,16,1510,26,27],"class_list":{"0":"post-125433","1":"post","2":"type-post","3":"status-publish","4":"format-standard","5":"has-post-thumbnail","7":"category-norge","8":"tag-art","9":"tag-bomlo","10":"tag-breaking-news","11":"tag-breakingnews","12":"tag-featured-news","13":"tag-featurednews","14":"tag-headlines","15":"tag-latest-news","16":"tag-latestnews","17":"tag-news","18":"tag-no","19":"tag-norge","20":"tag-norway","21":"tag-nyhet","22":"tag-nyheter","23":"tag-overskrifter","24":"tag-story","25":"tag-top-stories","26":"tag-topstories"},"share_on_mastodon":{"url":"https:\/\/pubeurope.com\/@no\/115813920427016341","error":""},"_links":{"self":[{"href":"https:\/\/www.europesays.com\/no\/wp-json\/wp\/v2\/posts\/125433","targetHints":{"allow":["GET"]}}],"collection":[{"href":"https:\/\/www.europesays.com\/no\/wp-json\/wp\/v2\/posts"}],"about":[{"href":"https:\/\/www.europesays.com\/no\/wp-json\/wp\/v2\/types\/post"}],"author":[{"embeddable":true,"href":"https:\/\/www.europesays.com\/no\/wp-json\/wp\/v2\/users\/2"}],"replies":[{"embeddable":true,"href":"https:\/\/www.europesays.com\/no\/wp-json\/wp\/v2\/comments?post=125433"}],"version-history":[{"count":0,"href":"https:\/\/www.europesays.com\/no\/wp-json\/wp\/v2\/posts\/125433\/revisions"}],"wp:featuredmedia":[{"embeddable":true,"href":"https:\/\/www.europesays.com\/no\/wp-json\/wp\/v2\/media\/125434"}],"wp:attachment":[{"href":"https:\/\/www.europesays.com\/no\/wp-json\/wp\/v2\/media?parent=125433"}],"wp:term":[{"taxonomy":"category","embeddable":true,"href":"https:\/\/www.europesays.com\/no\/wp-json\/wp\/v2\/categories?post=125433"},{"taxonomy":"post_tag","embeddable":true,"href":"https:\/\/www.europesays.com\/no\/wp-json\/wp\/v2\/tags?post=125433"}],"curies":[{"name":"wp","href":"https:\/\/api.w.org\/{rel}","templated":true}]}}