{"id":125435,"date":"2025-12-31T11:25:07","date_gmt":"2025-12-31T11:25:07","guid":{"rendered":"https:\/\/www.europesays.com\/no\/125435\/"},"modified":"2025-12-31T11:25:07","modified_gmt":"2025-12-31T11:25:07","slug":"selger-tilbake-gog-til-nettbutikkens-opprinnelige-grunnlegger","status":"publish","type":"post","link":"https:\/\/www.europesays.com\/no\/125435\/","title":{"rendered":"Selger tilbake GOG til nettbutikkens opprinnelige grunnlegger"},"content":{"rendered":"<p>GOG har f\u00e5tt ny eier. Eller, gammel eier. Teknisk sett. <a role=\"link\" href=\"https:\/\/www.gog.com\/pressroom\/cd-projekt-co-founder-michal-kicinski-acquires-gog-from-cd-projekt\/\" rel=\"nofollow noopener\" target=\"_blank\">CD Projekt meldte mandag<\/a> at selskapet har solgt unna nettbutikken til dens opprinnelige grunnlegger \u2013 <strong>Micha\u0142 Kici\u0144ski<\/strong>.<\/p>\n<p>Kici\u0144ski \u2013 som ogs\u00e5 var med \u00e5 grunnlegge CD Projekt i sin tid \u2013 sikrer seg samtlige aksjer i GOG. Verdien er satt til rundt 253 millioner kroner.<\/p>\n<p><a role=\"link\" href=\"https:\/\/www.gog.com\/blog\/gog-is-getting-acquired-by-its-original-co-founder-what-it-means-for-you\/\" rel=\"nofollow noopener\" target=\"_blank\">Planen n\u00e5<\/a> er \u00e5 fortsette driften som butikken har gjort siden den \u00e5pnet d\u00f8rene i 2008.<\/p>\n<p>\u2013 Helt fra begynnelsen har GOG v\u00e6rt bygget p\u00e5 sterke verdier og klare prinsipper. Da <strong>Marcin Iwi\u0144ski<\/strong> og jeg kom p\u00e5 ideen om \u00e5 lage GOG, var visjonen enkel: \u00e5 bringe klassiske spill tilbake til spillere og s\u00f8rge for at n\u00e5r du kj\u00f8per et spill, s\u00e5 tilh\u00f8rer det deg \u2013 for alltid.<\/p>\n<p>CD Projekt p\u00e5peker at GOG stort sett har driftet seg selv de siste \u00e5rene uansett. Derfor passet det helt greit \u00e5 overlate hele greia til noen andre, mens selskapet fokuserer p\u00e5 spillutvikling.<\/p>\n<p>\u2013 Med v\u00e5rt fokus n\u00e5 fullt og helt p\u00e5 et ambisi\u00f8st utviklingsveikart og \u00e5 utvide v\u00e5re serier med nye produkter av h\u00f8y kvalitet, f\u00f8lte vi at tiden var inne for \u00e5 gj\u00f8re dette \u2026 vi er sikre p\u00e5 at med st\u00f8tten til Marcin Iwi\u0144ski, en av GOGs medgrunnleggere, vil butikkens fremtid v\u00e6re full av store prosjekter og suksess, sa CD Projekt-sjef <strong>Micha\u0142 Nowakowski<\/strong>.<\/p>\n<p>CD Projekt jobber med b\u00e5de The Witcher IV og Cyberpunk 2, i tillegg til andre prosjekter. Nowakowski p\u00e5peker at selskapets fremtidige spill naturligvis blir \u00e5 finne p\u00e5 GOG n\u00e5r tiden er inne.<\/p>\n<p><strong>LES OGS\u00c5: <a role=\"link\" href=\"https:\/\/www.gamer.no\/artikler\/fem-ar-etter-katastrofelanseringen-gjor-cyberpunk-2077-det-bedre-enn-witcher-3\/519611\" rel=\"nofollow noopener\" target=\"_blank\">Fem \u00e5r etter den katastrofale lanseringen gj\u00f8r Cyberpunk 2077 det bedre enn Witcher 3 \u00bb<\/a><\/strong><\/p>\n","protected":false},"excerpt":{"rendered":"GOG har f\u00e5tt ny eier. Eller, gammel eier. Teknisk sett. CD Projekt meldte mandag at selskapet har solgt&hellip;\n","protected":false},"author":2,"featured_media":125436,"comment_status":"","ping_status":"","sticky":false,"template":"","format":"standard","meta":{"footnotes":""},"categories":[57],"tags":[30,28,29,65,63,64,66,70,69,67,68],"class_list":{"0":"post-125435","1":"post","2":"type-post","3":"status-publish","4":"format-standard","5":"has-post-thumbnail","7":"category-vitenskap-og-teknologi","8":"tag-no","9":"tag-norge","10":"tag-norway","11":"tag-science","12":"tag-science-and-technology","13":"tag-scienceandtechnology","14":"tag-technology","15":"tag-teknologi","16":"tag-vitenskap","17":"tag-vitenskap-og-teknologi","18":"tag-vitenskapteknologi"},"share_on_mastodon":{"url":"https:\/\/pubeurope.com\/@no\/115813936232396859","error":""},"_links":{"self":[{"href":"https:\/\/www.europesays.com\/no\/wp-json\/wp\/v2\/posts\/125435","targetHints":{"allow":["GET"]}}],"collection":[{"href":"https:\/\/www.europesays.com\/no\/wp-json\/wp\/v2\/posts"}],"about":[{"href":"https:\/\/www.europesays.com\/no\/wp-json\/wp\/v2\/types\/post"}],"author":[{"embeddable":true,"href":"https:\/\/www.europesays.com\/no\/wp-json\/wp\/v2\/users\/2"}],"replies":[{"embeddable":true,"href":"https:\/\/www.europesays.com\/no\/wp-json\/wp\/v2\/comments?post=125435"}],"version-history":[{"count":0,"href":"https:\/\/www.europesays.com\/no\/wp-json\/wp\/v2\/posts\/125435\/revisions"}],"wp:featuredmedia":[{"embeddable":true,"href":"https:\/\/www.europesays.com\/no\/wp-json\/wp\/v2\/media\/125436"}],"wp:attachment":[{"href":"https:\/\/www.europesays.com\/no\/wp-json\/wp\/v2\/media?parent=125435"}],"wp:term":[{"taxonomy":"category","embeddable":true,"href":"https:\/\/www.europesays.com\/no\/wp-json\/wp\/v2\/categories?post=125435"},{"taxonomy":"post_tag","embeddable":true,"href":"https:\/\/www.europesays.com\/no\/wp-json\/wp\/v2\/tags?post=125435"}],"curies":[{"name":"wp","href":"https:\/\/api.w.org\/{rel}","templated":true}]}}