{"id":125445,"date":"2025-12-31T11:34:16","date_gmt":"2025-12-31T11:34:16","guid":{"rendered":"https:\/\/www.europesays.com\/no\/125445\/"},"modified":"2025-12-31T11:34:16","modified_gmt":"2025-12-31T11:34:16","slug":"avlyser-i-protest","status":"publish","type":"post","link":"https:\/\/www.europesays.com\/no\/125445\/","title":{"rendered":"Avlyser i protest"},"content":{"rendered":"<p class=\"kicker \" style=\"\">Etter Trump-endring:<\/p>\n<p>  Flere artister har avlyst konserter og forestillinger ved Kennedy-senteret i Washington etter at president Donald Trump omd\u00f8pte det til Trump-Kennedy-senteret.<\/p>\n<p>\n    HARNISK: Flere artister avlyser konserter i protest mot Trumps navneendring av Kennedy-senteret. Foto: Leon Neal \/ Pa Photos \/ NTb\n  <\/p>\n<p>Det nasjonale kultursenteret ved bredden av Potomac-elven ble \u00e5pnet i 1971 til minne om tidligere president John F. Kennedy, som ble drept i et attentat \u00e5tte \u00e5r tidligere.<\/p>\n<p>Kongressen ga senteret navnet The John F. Kennedy Center for the Performing Arts.<\/p>\n<p>Senteret rommer en konsertsal som er hjemmescene for National Symphony Orchestra, samt et operahus. Det har ogs\u00e5 flere teaterscener, et galleri og en jazzklubb.<\/p>\n<p>        TAS OPP: Like f\u00f8r m\u00f8tet mellom Israels statsminister Benyamin Netanyahu og USAs president Donald Trump skulle begynne, ble en samtale fanget p\u00e5 mikrofon. Video: AP.<\/p>\n<p>Trumps beslutning om \u00e5 utnevne seg selv til styreleder og f\u00f8ye sitt eget navn til senteret har utl\u00f8st sterk misn\u00f8ye hos flere amerikanske artister. Flere som skulle ha opptr\u00e5dt der, har n\u00e5 trukket seg.<\/p>\n<p>Avlyser\t<\/p>\n<p>Blant dem som avlyser er jazzgruppen The Cookers, som skulle ha spilt p\u00e5 nytt\u00e5rsaften.<\/p>\n<p>Jazzmusikeren Chuck Redd avlyste sin konsert julaften, og han trues n\u00e5 med millions\u00f8ksm\u00e5l av senterets Trump-utnevnte leder Richard Grenell.<\/p>\n<p>        <img loading=\"lazy\" decoding=\"async\" src=\"https:\/\/www.europesays.com\/no\/wp-content\/uploads\/2025\/12\/1767180856_307_84042922.webp.webp\" width=\"980\" height=\"559\" title=\"NAVNEENDRING: President Donald Trump f\u00f8yde nylig sitt eget navn til John F. Kennedy Memorial Center for the Performing Arts i Washington, noe som har f\u00f8rt til sterke protester og f\u00e5tt mange artister til \u00e5 avlyse sine konserter og forestillinger der. Foto: AP \/ NTB\" alt=\"\" class=\"\" style=\"--aspect-ratio-image: 1.75; \"\/><\/p>\n<p>\n        NAVNEENDRING: President Donald Trump f\u00f8yde nylig sitt eget navn til John F. Kennedy Memorial Center for the Performing Arts i Washington, noe som har f\u00f8rt til sterke protester og f\u00e5tt mange artister til \u00e5 avlyse sine konserter og forestillinger der. Foto: AP \/ NTB\n    <\/p>\n<p>Et dansekompani fra New York, Doug Varone and Dancers, har trukket seg fra en forestilling planlagt til april.<\/p>\n<p>&#8211; Med den siste handlingen fra Donald Trump, som omd\u00f8per senteret etter seg selv, kan vi ikke lenger tillate oss selv eller be v\u00e5rt publikum om \u00e5 g\u00e5 inn i denne en gang s\u00e5 store institusjonen, skriver de.<\/p>\n<p>\u2013 Ville ha kostet mer\t<\/p>\n<p>Folksangeren Kristy Lee har avlyst en forestilling 14. januar.<\/p>\n<p>&#8211; \u00c5 miste integriteten min ville ha kostet meg mer enn enhver l\u00f8nnsslipp, skriver hun i sin begrunnelse.<\/p>\n<p>En rekke andre artister har ogs\u00e5 trukket seg, og billettsalget har if\u00f8lge amerikanske medier g\u00e5tt ned.<\/p>\n<p>Trump har ogs\u00e5 satt sitt preg p\u00e5 senteret ved \u00e5 stryke dragshow og andre LHBTQ+arrangementer fra programmet, og ved \u00e5 invitere kristne artister og arrangere konferanser for h\u00f8yresiden.<\/p>\n","protected":false},"excerpt":{"rendered":"Etter Trump-endring: Flere artister har avlyst konserter og forestillinger ved Kennedy-senteret i Washington etter at president Donald Trump&hellip;\n","protected":false},"author":2,"featured_media":125446,"comment_status":"","ping_status":"","sticky":false,"template":"","format":"standard","meta":{"footnotes":""},"categories":[12],"tags":[20,21,55,24,25,15,12203,22,23,13,30,28,29,14,16,26,27,766,50,412,42,43,44,45],"class_list":{"0":"post-125445","1":"post","2":"type-post","3":"status-publish","4":"format-standard","5":"has-post-thumbnail","7":"category-verden","8":"tag-breaking-news","9":"tag-breakingnews","10":"tag-donald-trump","11":"tag-featured-news","12":"tag-featurednews","13":"tag-headlines","14":"tag-kennedy","15":"tag-latest-news","16":"tag-latestnews","17":"tag-news","18":"tag-no","19":"tag-norge","20":"tag-norway","21":"tag-nyheter","22":"tag-overskrifter","23":"tag-top-stories","24":"tag-topstories","25":"tag-trump","26":"tag-usa","27":"tag-utenriks","28":"tag-verden","29":"tag-world","30":"tag-world-news","31":"tag-worldnews"},"share_on_mastodon":{"url":"https:\/\/pubeurope.com\/@no\/115813971647733128","error":""},"_links":{"self":[{"href":"https:\/\/www.europesays.com\/no\/wp-json\/wp\/v2\/posts\/125445","targetHints":{"allow":["GET"]}}],"collection":[{"href":"https:\/\/www.europesays.com\/no\/wp-json\/wp\/v2\/posts"}],"about":[{"href":"https:\/\/www.europesays.com\/no\/wp-json\/wp\/v2\/types\/post"}],"author":[{"embeddable":true,"href":"https:\/\/www.europesays.com\/no\/wp-json\/wp\/v2\/users\/2"}],"replies":[{"embeddable":true,"href":"https:\/\/www.europesays.com\/no\/wp-json\/wp\/v2\/comments?post=125445"}],"version-history":[{"count":0,"href":"https:\/\/www.europesays.com\/no\/wp-json\/wp\/v2\/posts\/125445\/revisions"}],"wp:featuredmedia":[{"embeddable":true,"href":"https:\/\/www.europesays.com\/no\/wp-json\/wp\/v2\/media\/125446"}],"wp:attachment":[{"href":"https:\/\/www.europesays.com\/no\/wp-json\/wp\/v2\/media?parent=125445"}],"wp:term":[{"taxonomy":"category","embeddable":true,"href":"https:\/\/www.europesays.com\/no\/wp-json\/wp\/v2\/categories?post=125445"},{"taxonomy":"post_tag","embeddable":true,"href":"https:\/\/www.europesays.com\/no\/wp-json\/wp\/v2\/tags?post=125445"}],"curies":[{"name":"wp","href":"https:\/\/api.w.org\/{rel}","templated":true}]}}