{"id":125453,"date":"2025-12-31T11:41:06","date_gmt":"2025-12-31T11:41:06","guid":{"rendered":"https:\/\/www.europesays.com\/no\/125453\/"},"modified":"2025-12-31T11:41:06","modified_gmt":"2025-12-31T11:41:06","slug":"ber-europa-ta-grep","status":"publish","type":"post","link":"https:\/\/www.europesays.com\/no\/125453\/","title":{"rendered":"Ber Europa ta grep"},"content":{"rendered":"<p><strong>Tysklands forbundskansler Friedrich Merz ber Europa hevde sine interesser langt tydeligere for \u00e5 sikre fred og velstand i m\u00f8te med russisk aggresjon, global proteksjonisme og et mer krevende forhold til USA, if\u00f8lge <a href=\"https:\/\/www.reuters.com\/world\/china\/germanys-merz-tells-europe-assert-itself-safeguard-peace-prosperity-2025-12-30\/\" rel=\"nofollow noopener\" target=\"_blank\">Reuters<\/a>.<\/strong><\/p>\n<p>I sin nytt\u00e5rstale advarte Merz mot krigen i Ukraina, som han beskrev som en direkte trussel mot Europas frihet og sikkerhet.<\/p>\n<p>\u2013 Vi ser stadig tydeligere at Russlands aggresjon var og er del av en plan rettet mot hele Europa, sa Merz, og viste til daglige tilfeller av sabotasje, spionasje og cyberangrep mot Tyskland.<\/p>\n<p>Siden han tiltr\u00e5dte i mai, har Merz v\u00e6rt en p\u00e5driver for \u00f8kt europeisk st\u00f8tte til Ukraina. Berlin har samtidig trappet kraftig opp forsvarsbevilgningene for \u00e5 ta st\u00f8rre ansvar for egen sikkerhet.<\/p>\n<p>Merz pekte ogs\u00e5 p\u00e5 global proteksjonisme som en \u00f8kende utfordring, og advarte mot Europas avhengighet av importerte r\u00e5varer som i \u00f8kende grad brukes som politisk pressmiddel.<\/p>\n<p>Tysk \u00f8konomi, som er sterkt eksportavhengig, sliter med svak vekst etter to \u00e5r med nedgang. Samtidig fors\u00f8ker landet \u00e5 redusere avhengigheten av Kina, mens handelsspenninger og USAs tollpolitikk under president Donald Trump skaper nye utfordringer.<\/p>\n<p>Merz erkjente at samarbeidet med USA har blitt mer krevende etter at Trump returnerte til Det hvite hus.<\/p>\n<p>\u2013 For oss europeere betyr dette at vi m\u00e5 forsvare og hevde v\u00e5re interesser langt sterkere p\u00e5 egen h\u00e5nd, sa han.<\/p>\n<p>Samtidig understreket Merz at Europa m\u00e5 m\u00f8te situasjonen med selvtillit, ikke frykt.<\/p>\n<p>\u2013 Dette kan bli et avgj\u00f8rende \u00e5r for Tyskland og Europa, sa han.<\/p>\n","protected":false},"excerpt":{"rendered":"Tysklands forbundskansler Friedrich Merz ber Europa hevde sine interesser langt tydeligere for \u00e5 sikre fred og velstand i&hellip;\n","protected":false},"author":2,"featured_media":125454,"comment_status":"","ping_status":"","sticky":false,"template":"","format":"standard","meta":{"footnotes":""},"categories":[12],"tags":[20,21,274,24,25,176,15,179,22,23,13,30,28,29,14,16,26,27,175,50,42,43,44,45],"class_list":{"0":"post-125453","1":"post","2":"type-post","3":"status-publish","4":"format-standard","5":"has-post-thumbnail","7":"category-verden","8":"tag-breaking-news","9":"tag-breakingnews","10":"tag-europa","11":"tag-featured-news","12":"tag-featurednews","13":"tag-friedrich-merz","14":"tag-headlines","15":"tag-krigen-i-ukraina","16":"tag-latest-news","17":"tag-latestnews","18":"tag-news","19":"tag-no","20":"tag-norge","21":"tag-norway","22":"tag-nyheter","23":"tag-overskrifter","24":"tag-top-stories","25":"tag-topstories","26":"tag-tyskland","27":"tag-usa","28":"tag-verden","29":"tag-world","30":"tag-world-news","31":"tag-worldnews"},"share_on_mastodon":{"url":"https:\/\/pubeurope.com\/@no\/115813999119174500","error":""},"_links":{"self":[{"href":"https:\/\/www.europesays.com\/no\/wp-json\/wp\/v2\/posts\/125453","targetHints":{"allow":["GET"]}}],"collection":[{"href":"https:\/\/www.europesays.com\/no\/wp-json\/wp\/v2\/posts"}],"about":[{"href":"https:\/\/www.europesays.com\/no\/wp-json\/wp\/v2\/types\/post"}],"author":[{"embeddable":true,"href":"https:\/\/www.europesays.com\/no\/wp-json\/wp\/v2\/users\/2"}],"replies":[{"embeddable":true,"href":"https:\/\/www.europesays.com\/no\/wp-json\/wp\/v2\/comments?post=125453"}],"version-history":[{"count":0,"href":"https:\/\/www.europesays.com\/no\/wp-json\/wp\/v2\/posts\/125453\/revisions"}],"wp:featuredmedia":[{"embeddable":true,"href":"https:\/\/www.europesays.com\/no\/wp-json\/wp\/v2\/media\/125454"}],"wp:attachment":[{"href":"https:\/\/www.europesays.com\/no\/wp-json\/wp\/v2\/media?parent=125453"}],"wp:term":[{"taxonomy":"category","embeddable":true,"href":"https:\/\/www.europesays.com\/no\/wp-json\/wp\/v2\/categories?post=125453"},{"taxonomy":"post_tag","embeddable":true,"href":"https:\/\/www.europesays.com\/no\/wp-json\/wp\/v2\/tags?post=125453"}],"curies":[{"name":"wp","href":"https:\/\/api.w.org\/{rel}","templated":true}]}}