{"id":125455,"date":"2025-12-31T11:42:08","date_gmt":"2025-12-31T11:42:08","guid":{"rendered":"https:\/\/www.europesays.com\/no\/125455\/"},"modified":"2025-12-31T11:42:08","modified_gmt":"2025-12-31T11:42:08","slug":"luftforsvaret-nord-norge-na-skal-luftforsvaret-sende-en-julehilsen-over-mo-i-rana","status":"publish","type":"post","link":"https:\/\/www.europesays.com\/no\/125455\/","title":{"rendered":"Luftforsvaret, Nord-Norge | N\u00e5 skal luftforsvaret sende en julehilsen over Mo i Rana"},"content":{"rendered":"\n<p><b>Oppdatert: <\/b>Flyet kom over Mo i Rana cirka 15 minutter senere enn planlagt. <\/p>\n<p>I dag vil opptil tre F-35, fly en nytt\u00e5rsstjerne fra Evenes flystasjon over deler av Nord-Norge og \u00f8nske godt nytt \u00e5r! <\/p>\n<p>Her er ruta (tidene er cirkatider):<\/p>\n<p>Takeoff Evenes 11:30<\/p>\n<p>Svolv\u00e6r 11:38<\/p>\n<p>Leknes 11:41<\/p>\n<p>V\u00e6r\u00f8y 11:48<\/p>\n<p>Sandnessj\u00f8en 12:01<\/p>\n<p>Mosj\u00f8en 12:05<\/p>\n<p><b>Mo i Rana 12:11<\/b><\/p>\n<p>Bod\u00f8 12:21<\/p>\n<p>Fauske 12:25<\/p>\n<p>Kj\u00f8psvik 12:34<\/p>\n<p>Narvik 12:40<\/p>\n<p>Harstad 12:44<\/p>\n<p>Sortland 12:48<\/p>\n<p>Melbu 12:51<\/p>\n<p>Som alltid vil det v\u00e6re avhengig av v\u00e6r og sikt for \u00e5 kunne gjennomf\u00f8re formasjonen over de nevnte stedene. <\/p>\n<p>&#8211; Denne flygingen gir god trening for v\u00e5re flygere og sender samtidig en fin nytt\u00e5rshilsen til publikum, skriver Luftforsvaret i en pressemelding.<\/p>\n","protected":false},"excerpt":{"rendered":"Oppdatert: Flyet kom over Mo i Rana cirka 15 minutter senere enn planlagt. I dag vil opptil tre&hellip;\n","protected":false},"author":2,"featured_media":125456,"comment_status":"","ping_status":"","sticky":false,"template":"","format":"standard","meta":{"footnotes":""},"categories":[10],"tags":[36,20,21,14780,24,25,15,22,23,861,13,30,2698,28,29,14,16,1510,26,27],"class_list":{"0":"post-125455","1":"post","2":"type-post","3":"status-publish","4":"format-standard","5":"has-post-thumbnail","7":"category-norge","8":"tag-art","9":"tag-breaking-news","10":"tag-breakingnews","11":"tag-f-35-jagerfly","12":"tag-featured-news","13":"tag-featurednews","14":"tag-headlines","15":"tag-latest-news","16":"tag-latestnews","17":"tag-luftforsvaret","18":"tag-news","19":"tag-no","20":"tag-nord-norge","21":"tag-norge","22":"tag-norway","23":"tag-nyheter","24":"tag-overskrifter","25":"tag-story","26":"tag-top-stories","27":"tag-topstories"},"share_on_mastodon":{"url":"https:\/\/pubeurope.com\/@no\/115814003019299635","error":""},"_links":{"self":[{"href":"https:\/\/www.europesays.com\/no\/wp-json\/wp\/v2\/posts\/125455","targetHints":{"allow":["GET"]}}],"collection":[{"href":"https:\/\/www.europesays.com\/no\/wp-json\/wp\/v2\/posts"}],"about":[{"href":"https:\/\/www.europesays.com\/no\/wp-json\/wp\/v2\/types\/post"}],"author":[{"embeddable":true,"href":"https:\/\/www.europesays.com\/no\/wp-json\/wp\/v2\/users\/2"}],"replies":[{"embeddable":true,"href":"https:\/\/www.europesays.com\/no\/wp-json\/wp\/v2\/comments?post=125455"}],"version-history":[{"count":0,"href":"https:\/\/www.europesays.com\/no\/wp-json\/wp\/v2\/posts\/125455\/revisions"}],"wp:featuredmedia":[{"embeddable":true,"href":"https:\/\/www.europesays.com\/no\/wp-json\/wp\/v2\/media\/125456"}],"wp:attachment":[{"href":"https:\/\/www.europesays.com\/no\/wp-json\/wp\/v2\/media?parent=125455"}],"wp:term":[{"taxonomy":"category","embeddable":true,"href":"https:\/\/www.europesays.com\/no\/wp-json\/wp\/v2\/categories?post=125455"},{"taxonomy":"post_tag","embeddable":true,"href":"https:\/\/www.europesays.com\/no\/wp-json\/wp\/v2\/tags?post=125455"}],"curies":[{"name":"wp","href":"https:\/\/api.w.org\/{rel}","templated":true}]}}