{"id":125480,"date":"2025-12-31T12:15:13","date_gmt":"2025-12-31T12:15:13","guid":{"rendered":"https:\/\/www.europesays.com\/no\/125480\/"},"modified":"2025-12-31T12:15:13","modified_gmt":"2025-12-31T12:15:13","slug":"na-kommer-nyttarskulda","status":"publish","type":"post","link":"https:\/\/www.europesays.com\/no\/125480\/","title":{"rendered":"N\u00e5 kommer nytt\u00e5rskulda"},"content":{"rendered":"<p class=\"kicker \" style=\"\">V\u00e6ret<\/p>\n<p>  Isfare, vind og arktisk luft. Her er v\u00e6roversikten for nytt\u00e5rsaften og f\u00f8rste del av 2026.<\/p>\n<p>\n    \u00abBRRR\u00bb: F\u00f8rste helga i 2026 kan bli en iskald aff\u00e6re. Enkelte steder er det meldt mellom 20 og 35 minusgrader. Foto: Meteorologisk institutt\n  <\/p>\n<p>Et nytt \u00e5r st\u00e5r for trappene og if\u00f8lge meteorologene, varsles det en <a href=\"https:\/\/www.dagbladet.no\/nyheter\/da-blir-det-iskaldt\/84039774\" target=\"_blank\" rel=\"nofollow noopener\">iskald start<\/a>\u00a0i hele landet.\u00a0<\/p>\n<p>Men f\u00f8r vi kan skrive 2026, kommer statsmeteorolog ved\u00a0Meteorologisk institutt,\u00a0Charalampos Sarchosidis, med en oppdatering p\u00e5 hvordan v\u00e6ret blir p\u00e5 nytt\u00e5rsaften.\u00a0<\/p>\n<p>&#8211; I dag starter det ganske fint p\u00e5 S\u00f8r- og \u00d8stlandet, med enkelte skyer her og der. Det kommer til \u00e5 v\u00e6re ganske rolig og pent fram til i kveld, med litt sol. Mot kvelden blir det mer skyer, men ingen nedb\u00f8r, sier Sarchosidis til Dagbladet.\u00a0<\/p>\n<p>Temperaturen vil ligge p\u00e5 et par minusgrader i Oslo-omr\u00e5det, og det er ikke meldt om vind.\u00a0<\/p>\n<p>        <img loading=\"lazy\" decoding=\"async\" src=\"https:\/\/www.europesays.com\/no\/wp-content\/uploads\/2025\/12\/84043246.webp.webp\" width=\"980\" height=\"559\" title=\"FYRVERKERI: Det kan v\u00e6re greit \u00e5 v\u00e6re oppmerksom p\u00e5 at det er meldt vind i vestlige deler av Agder og i Rogaland, samt p\u00e5 Helgeland i Nordland nytt\u00e5rsaften. Foto: Gorm Kallestad \/ NTB\" alt=\"\" class=\"\" style=\"--aspect-ratio-image: 1.75; \"\/><\/p>\n<p>\n        FYRVERKERI: Det kan v\u00e6re greit \u00e5 v\u00e6re oppmerksom p\u00e5 at det er meldt vind i vestlige deler av Agder og i Rogaland, samt p\u00e5 Helgeland i Nordland nytt\u00e5rsaften. Foto: Gorm Kallestad \/ NTB\n    <\/p>\n<blockquote class=\"yr-embed\" data-post-id=\"023f885b-2589-4029-96b5-923b37d5330d\"><p>Klar for nytt\u00e5rsaften?\u2728<\/p>\n<p>V\u00e6ret blir s\u00e5nn her:<\/p>\n<p>S\u00f8r-Norge: Vindfullt og perioder med nedb\u00f8r. Til dels regn i vest, ellers sludd og sn\u00f8.<\/p>\n<p>Nord-Norge: Varierende skydekke, noen sn\u00f8byger p\u00e5 kysten i nord, ellers oppholdsv\u00e6r.<\/p>\n<p>Svalbard f\u00e5r gnistrende kaldt nytt\u00e5rsv\u00e6r\ud83c\udf86<\/p>\n<p><a href=\"https:\/\/www.yr.no\/nb\/meteorologene\/023f885b-2589-4029-96b5-923b37d5330d\" rel=\"nofollow noopener\" target=\"_blank\">Se melding p\u00e5 Yr<\/a> \u00b7 I g\u00e5r kl. 10:43<\/p>\n<\/blockquote>\n<p>Gult isfarevarsel\t<\/p>\n<p>For Vestlandets del kan nytt\u00e5rsaften bli en v\u00e5t aff\u00e6re, da det er ventet en overgang fra kaldt v\u00e6r til mildv\u00e6r. Med mildv\u00e6ret kommer det ogs\u00e5 regn som kan gi glatte forhold.\u00a0<\/p>\n<p>    <a itemprop=\"url\" href=\"https:\/\/www.dagbladet.no\/nyheter\/svaert-glatte-forhold\/84042712\" rel=\"nofollow noopener\" target=\"_blank\"><\/p>\n<p>        <img loading=\"lazy\" decoding=\"async\" src=\"https:\/\/www.europesays.com\/no\/wp-content\/uploads\/2025\/12\/84042718.webp.webp\" width=\"980\" height=\"441\" title=\"- Sv\u00e6rt glatte forhold\" alt=\"\" class=\"lazyload\" style=\"--aspect-ratio-image: 2.22; \"\/><\/p>\n<p>        &#8211; Sv\u00e6rt glatte forhold<\/p>\n<p>    <\/a><\/p>\n<p>Meteorologisk institutt har derfor sendt ut et gult isfarevarsel, som advarer om lokalt vanskelige kj\u00f8reforhold.\u00a0<\/p>\n<p>&#8211;\u00a0Fare for h\u00e5lkef\u00f8re. V\u00e6r oppmerksom p\u00e5 at isen kan v\u00e6re vanskelig \u00e5 se, heter det i farevarselet p\u00e5 <a href=\"https:\/\/www.yr.no\/nb\/farevarsler\" target=\"_blank\" rel=\"nofollow noopener\">Yr<\/a>. <\/p>\n<p>        <img loading=\"lazy\" decoding=\"async\" src=\"https:\/\/www.europesays.com\/no\/wp-content\/uploads\/2025\/12\/84042994.webp.webp\" width=\"980\" height=\"559\" title=\"GULT ISFAREVARSEL: - Beregn ekstra tid til transport og kj\u00f8ring. Bruk riktige dekk og kj\u00f8r etter forholdene, lyder oppfordringen fra Meteorologisk institutt. Foto: Meteorologisk institutt\" alt=\"\" class=\"\" style=\"--aspect-ratio-image: 1.75; \"\/><\/p>\n<p>\n        GULT ISFAREVARSEL: &#8211; Beregn ekstra tid til transport og kj\u00f8ring. Bruk riktige dekk og kj\u00f8r etter forholdene, lyder oppfordringen fra Meteorologisk institutt. Foto: Meteorologisk institutt\n    <\/p>\n<p> Sarchosidis opplyser at bygene forel\u00f8pig befinner seg ute til havs, men at de vil trekke inn mot land i l\u00f8pet av de kommende timene.\u00a0<\/p>\n<p> &#8211; Det har v\u00e6rt kaldt i det siste, s\u00e5 n\u00e5r regnet trekker inn over land, kan det fryse til is. Det er snakk om b\u00e5de vann p\u00e5 kald bakke og underkj\u00f8lt regn, som kan gi glatte veier enkelte steder, sier han til Dagbladet.<\/p>\n<p class=\"italic m-italic\" data-lab-italic=\"italic\">&#8211; Hvor store regnmengder er det snakk om?<\/p>\n<p>&#8211; Det er ikke snakk om mer enn rundt ti millimeter, men mengden har ikke s\u00e5 mye \u00e5 si. Det skal ikke mye til f\u00f8r det blir glatt, advarer\u00a0 statsmeteorologen.<\/p>\n<p>        Tusenvis har mistet str\u00f8mmen i Nordland som f\u00f8lge av uv\u00e6ret. Politiet ber folk holde seg inne. Video: Snapmap\/Tips<\/p>\n<p>Trekker \u00f8stover\t<\/p>\n<p>Etter hvert vil bygene trekke videre \u00f8stover, men ut i fra prognosen treffer ikke dette \u00d8stlandet f\u00f8r fyrverkerir\u00f8yken har lagt seg.\u00a0<\/p>\n<p>&#8211; Nedb\u00f8ren, som kommer som sn\u00f8 og sludd i Oslo-omr\u00e5det, er ventet etter midnatt og i l\u00f8pet av natt til f\u00f8rste nytt\u00e5rsdag, sier\u00a0Sarchosidis.\u00a0<\/p>\n<p>Det blir vindfullt fra Mandal i Agder og opp til Haugesund i kveld, og rundt midnatt. Ogs\u00e5 p\u00e5 Helgeland i Nordland kommer det til \u00e5 bl\u00e5se, noe man b\u00f8r v\u00e6re oppmerksom p\u00e5 med tanke p\u00e5 fyrverioppskyting.\u00a0<\/p>\n<p>        <img loading=\"lazy\" decoding=\"async\" src=\"https:\/\/www.europesays.com\/no\/wp-content\/uploads\/2025\/12\/84043295.webp.webp\" width=\"980\" height=\"559\" title=\"TROMS\u00d8: Det er meldt sn\u00f8 i Troms\u00f8 nytt\u00e5rsaften. Her avbildet ved en tidligere anledning. Foto: Rune Stoltz Bertinussen \/ NTB\" alt=\"\" class=\"\" style=\"--aspect-ratio-image: 1.75; \"\/><\/p>\n<p>\n        TROMS\u00d8: Det er meldt sn\u00f8 i Troms\u00f8 nytt\u00e5rsaften. Her avbildet ved en tidligere anledning. Foto: Rune Stoltz Bertinussen \/ NTB\n    <\/p>\n<p>Bortsett fra p\u00e5 Helgeland, blir det ganske greit vindmessig i Nord-Norge. Ellers varsles det sn\u00f8byger i Troms\u00f8, og p\u00e5 kysten av Troms og Finnmark.\u00a0<\/p>\n<p>&#8211; Ellers blir det ganske greie forhold og mye klar himmel i nord. Her kan man kanskje se b\u00e5de nordlys og fyverkeri, sier\u00a0Sarchosidis.\u00a0<\/p>\n<p>    <a itemprop=\"url\" href=\"https:\/\/www.dagbladet.no\/nyheter\/urokkelig-vilje-til-a-hjelpe\/83995967\" rel=\"nofollow noopener\" target=\"_blank\"><\/p>\n<p>        <img loading=\"lazy\" decoding=\"async\" src=\"https:\/\/www.europesays.com\/no\/wp-content\/uploads\/2025\/12\/83652374.webp.webp\" width=\"980\" height=\"441\" title=\"- Urokkelig vilje til \u00e5 hjelpe\" alt=\"\" class=\"lazyload\" style=\"--aspect-ratio-image: 2.22; \"\/><\/p>\n<p>        &#8211; Urokkelig vilje til \u00e5 hjelpe<\/p>\n<p>    <\/a><\/p>\n<p>Arktisk kaldluft\t<\/p>\n<p>I f\u00f8rste del av 2026 varsler det sprengkulde og minusgrader i hele landet.\u00a0<\/p>\n<p>&#8211; N\u00e5 har det v\u00e6rt unormalt mildt i lang tid. Den er veldig forsinket, men n\u00e5 kommer vinteren, sier\u00a0Sarchosidis.\u00a0<\/p>\n<blockquote class=\"yr-embed\" data-post-id=\"75b6e4a7-1f2c-42c4-acda-ccb673b6af30\"><p>Sprengkulde p\u00e5 veg! <\/p>\n<p>Det blir ein iskald start p\u00e5 2026\ud83c\udf0c Kalde luftmassar breier seg s\u00f8rover fr\u00e5 nordaust. D\u00e5 kan det bli kaldare enn i fryseboksen mange stader. P\u00e5 Finnmarksvidda er det venta meir enn 30 minus &#8211; brrr \ud83d\ude31<\/p>\n<p>Figurane viser trykkbilete og temperatur laurdag 3. januar.<\/p>\n<p><a href=\"https:\/\/www.yr.no\/nb\/meteorologene\/75b6e4a7-1f2c-42c4-acda-ccb673b6af30\" rel=\"nofollow noopener\" target=\"_blank\">Se melding p\u00e5 Yr<\/a> \u00b7 I g\u00e5r kl. 12:19<\/p>\n<\/blockquote>\n<p>Han forklarer at det er plasseringen av et h\u00f8ytrykk over Island og et lavtrykk over Baltikum som gj\u00f8r at det dras kaldluft fra Arktis og ned til Norge.\u00a0<\/p>\n<p>Det er p\u00e5 Finnmarksvidda og i indre str\u00f8k i S\u00f8r-Norge, eksempelvis i R\u00f8ros, at man finner de kaldeste temperaturene, med henholdsvis ned mot 35 og 30 minusgrader.\u00a0<\/p>\n<p>        <img loading=\"lazy\" decoding=\"async\" src=\"https:\/\/www.europesays.com\/no\/wp-content\/uploads\/2025\/12\/84043279.webp.webp\" width=\"980\" height=\"559\" title=\"VINTERAKTIVITET: Islagte vann gir gode sjanser til \u00e5 st\u00e5 p\u00e5 sk\u00f8yter. Her er \u00d8stensj\u00f8vannet i Oslo 30. desember. Foto: Kristian Ridder-Nielsen \/ Dagbladet\" alt=\"\" class=\"\" style=\"--aspect-ratio-image: 1.75; \"\/><\/p>\n<p>\n        VINTERAKTIVITET: Islagte vann gir gode sjanser til \u00e5 st\u00e5 p\u00e5 sk\u00f8yter. Her er \u00d8stensj\u00f8vannet i Oslo 30. desember. Foto: Kristian Ridder-Nielsen \/ Dagbladet\n    <\/p>\n<p>&#8211; Neste uke er det ikke noe h\u00f8ytrykk som beskytter landet, men vi slipper heldigvis mildv\u00e6r &#8211; det kommer kanskje an p\u00e5 hvem du sp\u00f8r. Temperaturen kommer til \u00e5 ligge stabilt p\u00e5 minussiden, med enkelte lavtrykk fra nord. Det vil bli enkelte sn\u00f8byger langs kysten, og ellers litt sn\u00f8 av og til i landet neste uke, sier\u00a0Sarchosidis.<\/p>\n<p>\u00a0<\/p>\n","protected":false},"excerpt":{"rendered":"V\u00e6ret Isfare, vind og arktisk luft. Her er v\u00e6roversikten for nytt\u00e5rsaften og f\u00f8rste del av 2026. \u00abBRRR\u00bb: F\u00f8rste&hellip;\n","protected":false},"author":2,"featured_media":125481,"comment_status":"","ping_status":"","sticky":false,"template":"","format":"standard","meta":{"footnotes":""},"categories":[5],"tags":[20,21,24,25,15,19,2539,22,23,17,18,13,30,28,29,14,16,26,27,387],"class_list":{"0":"post-125480","1":"post","2":"type-post","3":"status-publish","4":"format-standard","5":"has-post-thumbnail","7":"category-overskrifter","8":"tag-breaking-news","9":"tag-breakingnews","10":"tag-featured-news","11":"tag-featurednews","12":"tag-headlines","13":"tag-hovedoppslag","14":"tag-innenriks","15":"tag-latest-news","16":"tag-latestnews","17":"tag-main-news","18":"tag-mainnews","19":"tag-news","20":"tag-no","21":"tag-norge","22":"tag-norway","23":"tag-nyheter","24":"tag-overskrifter","25":"tag-top-stories","26":"tag-topstories","27":"tag-vaeret"},"share_on_mastodon":{"url":"https:\/\/pubeurope.com\/@no\/115814132817853926","error":""},"_links":{"self":[{"href":"https:\/\/www.europesays.com\/no\/wp-json\/wp\/v2\/posts\/125480","targetHints":{"allow":["GET"]}}],"collection":[{"href":"https:\/\/www.europesays.com\/no\/wp-json\/wp\/v2\/posts"}],"about":[{"href":"https:\/\/www.europesays.com\/no\/wp-json\/wp\/v2\/types\/post"}],"author":[{"embeddable":true,"href":"https:\/\/www.europesays.com\/no\/wp-json\/wp\/v2\/users\/2"}],"replies":[{"embeddable":true,"href":"https:\/\/www.europesays.com\/no\/wp-json\/wp\/v2\/comments?post=125480"}],"version-history":[{"count":0,"href":"https:\/\/www.europesays.com\/no\/wp-json\/wp\/v2\/posts\/125480\/revisions"}],"wp:featuredmedia":[{"embeddable":true,"href":"https:\/\/www.europesays.com\/no\/wp-json\/wp\/v2\/media\/125481"}],"wp:attachment":[{"href":"https:\/\/www.europesays.com\/no\/wp-json\/wp\/v2\/media?parent=125480"}],"wp:term":[{"taxonomy":"category","embeddable":true,"href":"https:\/\/www.europesays.com\/no\/wp-json\/wp\/v2\/categories?post=125480"},{"taxonomy":"post_tag","embeddable":true,"href":"https:\/\/www.europesays.com\/no\/wp-json\/wp\/v2\/tags?post=125480"}],"curies":[{"name":"wp","href":"https:\/\/api.w.org\/{rel}","templated":true}]}}