{"id":125486,"date":"2025-12-31T12:21:18","date_gmt":"2025-12-31T12:21:18","guid":{"rendered":"https:\/\/www.europesays.com\/no\/125486\/"},"modified":"2025-12-31T12:21:18","modified_gmt":"2025-12-31T12:21:18","slug":"tine-har-ikke-sluttet-med-bovaer-melk-fra-forskningskyr-havner-fortsatt-i-butikk","status":"publish","type":"post","link":"https:\/\/www.europesays.com\/no\/125486\/","title":{"rendered":"Tine har ikke sluttet med Bovaer \u2013 melk fra forskningskyr havner fortsatt i butikk"},"content":{"rendered":"<p>    Kort fortalt<\/p>\n<p lang=\"nb-NO\">Tine bekrefter at melk fra kyr som f\u00e5r Bovaer fortsatt selges i butikker.<\/p>\n<p lang=\"nb-NO\">Bruken av Bovaer ble midlertidig stanset p\u00e5 norske g\u00e5rder grunnet uro fra Danmark.<\/p>\n<p lang=\"nb-NO\">Katrine Toreid Knudsen kritiserer Tine for manglende \u00e5penhet om Bovaer-bruken.<\/p>\n<p lang=\"nb-NO\">Salget av \u00f8kologisk R\u00f8ros-melk har \u00f8kt kraftig som f\u00f8lge av debatten.<\/p>\n<p class=\"italic ai-disclaimer\" data-lab-italic=\"italic\">Sammendraget er laget av ChatGPT og godkjent av B\u00f8rsen.<\/p>\n<p>      Vis mer<br \/>\n      Vis mindre<\/p>\n<p>Trodde du at Tine har pauset Bovaer helt? Det er det mange som har gjort.<\/p>\n<p>Tidligere i \u00e5r meldte meierigiganten at bruken av det omstridte metanhemmende f\u00f4rtilsetningsstoffet <a href=\"https:\/\/www.dagbladet.no\/nyheter\/stanser-bruk-umiddelbart\/83840572\" rel=\"nofollow noopener\" target=\"_blank\">var satt p\u00e5 pause i norsk melkeproduksjon<\/a>.<\/p>\n<p>N\u00e5 bekrefter Tine at melk fra kyr som har f\u00e5tt Bovaer i f\u00f4ret fortsatt g\u00e5r rett inn i den vanlige melkestr\u00f8mmen.<\/p>\n<p class=\"font-weight-bold m-font-weight-bold\" data-lab-font_weight=\"font-weight-bold\">Det har de hele tida v\u00e6rt \u00e5pne om, hevder de overfor Dagbladet.<\/p>\n<p>\u00d8kende uro\t<\/p>\n<p>12. november sendte Norsk melker\u00e5vare, som er heleid av Tine, ut en pressemelding.<\/p>\n<p>Selskapet opplyste at bruken av Bovaer p\u00e5 norske g\u00e5rder ble stanset midlertidig, noe Dagbladet skrev om i saken under:<\/p>\n<p>    <a itemprop=\"url\" href=\"https:\/\/www.dagbladet.no\/nyheter\/stanser-bruk-umiddelbart\/83840572\" rel=\"nofollow noopener\" target=\"_blank\"><\/p>\n<p>        <img loading=\"lazy\" decoding=\"async\" src=\"https:\/\/www.europesays.com\/no\/wp-content\/uploads\/2025\/12\/83840696.webp.webp\" width=\"980\" height=\"441\" title=\"Stanser bruk umiddelbart\" alt=\"\" class=\"lazyload\" style=\"--aspect-ratio-image: 2.22; \"\/><\/p>\n<p>        Stanser bruk umiddelbart<\/p>\n<p>    <\/a><\/p>\n<p>Begrunnelsen var \u00f8kende uro etter meldinger fra Danmark om kyr som skal ha blitt syke, produsert mindre melk \u2013 og i enkelte tilfeller d\u00f8dd \u2013 etter innf\u00f8ringen av metanhemmere i f\u00f4ret i h\u00f8st.<\/p>\n<p>    Hva er Bovaer?<\/p>\n<ul>\n<li>\n<p>Bovaer er et f\u00f4rtilsetningsstoff som brukes til storfe for \u00e5 redusere utslipp av metan fra kyr.<\/p>\n<\/li>\n<li>\n<p>Stoffet virker ved \u00e5 hemme enzymene som danner metan i kua sin ford\u00f8yelse.<\/p>\n<\/li>\n<li>\n<p>Den aktive ingrediensen heter 3-nitrooxypropanol, ofte forkortet 3-NOP.<\/p>\n<\/li>\n<li>\n<p class=\"lab-bodytext-line\">M\u00e5let med tilsetningen er \u00e5 gj\u00f8re melke- og kj\u00f8ttproduksjon mer klimavennlig.<\/p>\n<\/li>\n<li>\n<p>Tilsetningen blandes inn i f\u00f4ret og virker bare s\u00e5 lenge kua f\u00e5r stoffet.<\/p>\n<\/li>\n<li>\n<p>Bovaer p\u00e5virker ikke metanutslipp fra gj\u00f8dsel, kun metan som dannes i ford\u00f8yelsen.<\/p>\n<\/li>\n<li>\n<p>Stoffet er godkjent for bruk i EU etter vurderinger fra EUs mattrygghetsorgan.<\/p>\n<\/li>\n<li>\n<p>I \u00f8kologisk drift er Bovaer ikke tillatt, fordi syntetiske tilsetningsstoffer er forbudt.<\/p>\n<\/li>\n<li>\n<p>Bruken av Bovaer har skapt debatt om dyrevelferd, mattrygghet og forbrukertillit.<\/p>\n<\/li>\n<\/ul>\n<p>      Vis mer<br \/>\n      Vis mindre<\/p>\n<p>Flere danske medier har omtalt tilfeller der kyr fikk akutte helseplager, dramatisk fall i melkeproduksjon og d\u00f8dsfall, noe som utl\u00f8ste kraftig politisk og faglig debatt.\u00a0<\/p>\n<p>Norske myndigheter har s\u00e5 langt ikke konkludert med en dokumentert \u00e5rsakssammenheng, men uroen har v\u00e6rt stor nok til \u00e5 skape betydelig motstand ogs\u00e5 utenfor Danmark.<\/p>\n<p>    <a itemprop=\"url\" href=\"https:\/\/www.dagbladet.no\/nyheter\/vedums-frokostbilde-vekker-harme\/83821933\" rel=\"nofollow noopener\" target=\"_blank\"><\/p>\n<p>        <img loading=\"lazy\" decoding=\"async\" src=\"https:\/\/www.europesays.com\/no\/wp-content\/uploads\/2025\/12\/83832473.webp.webp\" width=\"147\" height=\"98\" title=\"Vedums frokostbilde vekker harme\" alt=\"\" class=\"lazyload\" style=\"--aspect-ratio-image: 1.50; \"\/><\/p>\n<p>        Vedums frokostbilde vekker harme<\/p>\n<p>    <\/a><\/p>\n<p>Det var denne uroen Norsk melker\u00e5vare viste til da de valgte \u00e5 \u00abta en fot i bakken\u00bb i Norge, av f\u00f8re-var-hensyn.\u00a0<\/p>\n<p class=\"font-weight-bold m-font-weight-bold\" data-lab-font_weight=\"font-weight-bold\">Budskapet kan ha blitt oppfattet som at Tine-melk n\u00e5 kommer fra kyr som ikke f\u00e5r Bovaer i f\u00f4ret, men dette stemmer ikke helt.<\/p>\n<p>Tine: &#8211; G\u00e5r ikke til spille\t<\/p>\n<p>Katrine Toreid Knudsen, som er en aktiv motstander av metanhemmere, reagerer sterkt p\u00e5 at Tine ikke har gitt seg helt med Bovaer.<\/p>\n<p>Hun viser Dagbladet en chat hun har hatt med selskapet p\u00e5 Facebook, hvor hun sp\u00f8r om de har sluttet helt med Bovaer og andre metanhemmere.<\/p>\n<p>I svaret viser Tine til et p\u00e5g\u00e5ende samarbeid med Norges milj\u00f8- og biovitenskapelige universitet (NMBU) i \u00c5s, der Bovaer brukes i forskning.<\/p>\n<p>Forskningsprosjektet kalles MetanHUB.<\/p>\n<p>        <img loading=\"lazy\" decoding=\"async\" src=\"https:\/\/www.europesays.com\/no\/wp-content\/uploads\/2025\/12\/84040156.webp.webp\" width=\"686\" height=\"625\" title=\"FORTSETTER: I chatten bekrefter Tine at forskning p\u00e5 Bovaer fortsetter p\u00e5 NMBU. Foto: Skjermdump\" alt=\"\" class=\"\" style=\"--aspect-ratio-image: 1.10; \"\/><\/p>\n<p>\n        FORTSETTER: I chatten bekrefter Tine at forskning p\u00e5 Bovaer fortsetter p\u00e5 NMBU. Foto: Skjermdump\n    <\/p>\n<p>Knudsen sp\u00f8r direkte om forbrukere kan v\u00e6re sikre p\u00e5 at melk fra NMBU ikke havner i Tines produkter.<\/p>\n<p class=\"font-weight-bold m-font-weight-bold\" data-lab-font_weight=\"font-weight-bold\">Da svarer Tine at denne melka blir blandet med all annen melk hos dem.<\/p>\n<p>\u00abMelk fra NMBU g\u00e5r ikke til spille. Den inng\u00e5r i TINEs ordin\u00e6re melkestr\u00f8m p\u00e5 lik linje med annen r\u00e5 melk. Det betyr at melken samles inn, behandles og brukes i produksjon etter samme kvalitetskrav, rutiner og kontrollsystemer som all annen melk TINE mottar.\u00bb<\/p>\n<p>        <img loading=\"lazy\" decoding=\"async\" src=\"https:\/\/www.europesays.com\/no\/wp-content\/uploads\/2025\/12\/84039924.webp.webp\" width=\"667\" height=\"728\" title=\"BEKREFTER: Katrine T. Knudsen har sendt denne chatten med Tine p\u00e5 Facebook, hvor de bekrefter at forskningsmelka g\u00e5r rett inn i den vanlige produksjonen. Foto: Skjermdump\" alt=\"\" class=\"\" style=\"--aspect-ratio-image: 0.92; \"\/><\/p>\n<p>\n        BEKREFTER: Katrine T. Knudsen har sendt denne chatten med Tine p\u00e5 Facebook, hvor de bekrefter at forskningsmelka g\u00e5r rett inn i den vanlige produksjonen. Foto: Skjermdump\n    <\/p>\n<p>&#8211; Blir ikke opplyst\t<\/p>\n<p>Knudsen har lagt ut skjermdumpene du ser over i Facebook-gruppa\u00a0<a href=\"https:\/\/www.facebook.com\/groups\/boikottertine\/\" rel=\"nofollow noopener\" target=\"_blank\">Vi vil ha ren melk og rent kj\u00f8tt &#8211; Nei til metanhemmere i dyrefor<\/a>, som teller over 60 000 medlemmer.<\/p>\n<p>Dette er noen av reaksjonene:<\/p>\n<p> \u00abTine er s\u00e5 svartelistet her i huset at det nesten komisk.\u00bb <\/p>\n<p> \u00abDet er rett og slett skremmende at man ikke har stoppet med dette umiddelbart.\u00bb <\/p>\n<p> \u00abVi fortsetter \u00e5 boikotte.\u00bb<\/p>\n<p>Til Dagbladet hevder Katrine Toreid Knudsen at mange er sinte og skuffet.<\/p>\n<p>        <img loading=\"lazy\" decoding=\"async\" src=\"https:\/\/www.europesays.com\/no\/wp-content\/uploads\/2025\/12\/84041033.webp.webp\" width=\"980\" height=\"559\" title=\"FORSKNINGS-KU: Kronprinsesse Mette-Marit hilser p\u00e5 ei ku med s\u00e5kalt ko\u00f8ye, som brukes for \u00e5 kunne studere ford\u00f8yelsen hos dr\u00f8vtyggere, p\u00e5 magen i Teknofj\u00f8set ved Norges milj\u00f8- og biovitenskapelige universitet i 2017. Foto: Lise \u00c5serud \/ NTB\" alt=\"\" class=\"\" style=\"--aspect-ratio-image: 1.75; \"\/><\/p>\n<p>\n        FORSKNINGS-KU: Kronprinsesse Mette-Marit hilser p\u00e5 ei ku med s\u00e5kalt ko\u00f8ye, som brukes for \u00e5 kunne studere ford\u00f8yelsen hos dr\u00f8vtyggere, p\u00e5 magen i Teknofj\u00f8set ved Norges milj\u00f8- og biovitenskapelige universitet i 2017. Foto: Lise \u00c5serud \/ NTB\n    <\/p>\n<p>&#8211; Som kunde er jeg veldig skuffet over at vi ikke blir opplyst om hva som er i melka. Tine lar NMBU levere melk som er fra forskning, som vi ikke vet konsekvenser eller langtidsvirkninger av, sier hun til Dagbladet.<\/p>\n<p> Det er per i dag ikke kjente negative effekter som har dokumentert sammenheng med bruk av Bovaer i Norge, if\u00f8lge Norsk melker\u00e5vare. <\/p>\n<p>        &#8211; Bovaer p\u00e5virker ikke melkekvaliteten p\u00e5 noen m\u00e5te, og derfor er det heller ikke n\u00f8dvendig med noen informasjonstiltak overfor forbrukere.<\/p>\n<p class=\"author italic m-italic\" style=\"\">Tine<\/p>\n<p>Knudsen fortsetter:<\/p>\n<p>&#8211; Jeg synes det er lite tillitvekkende at Tine ga uttrykk for at de hadde sluttet med Bovaer, men s\u00e5 viste det seg at dette ikke er tilfellet. Mange er sinte og skuffet over Tine.\u00a0<\/p>\n<p>Knudsen har <a href=\"https:\/\/metanhemmer.no\/horingsinnspill-metanhemmer\/\" rel=\"nofollow noopener\" target=\"_blank\">lagt inn et h\u00f8ringsinnspill til Stortinget<\/a>, og sier at hun h\u00e5per at s\u00e5 mange som mulig n\u00e5 benytter forbrukermakten sin og gj\u00f8r det samme som henne.\u00a0<\/p>\n<p> Les hva Tine svarer under! <\/p>\n<p>        <img loading=\"lazy\" decoding=\"async\" src=\"https:\/\/www.europesays.com\/no\/wp-content\/uploads\/2025\/12\/1767183676_354_83840696.webp.webp\" width=\"980\" height=\"559\" title=\"LITER P\u00c5 LITER: Melkekyr ble fram til midten av november f\u00f4ret med metanreduserende tilsetningen Bovaer, som skal kutte utslipp uten \u00e5 endre melkas sammensetning. Foto: Charpaud Christopher \/ ABACA \/ Shutterstock\" alt=\"\" class=\"\" style=\"--aspect-ratio-image: 1.75; \"\/><\/p>\n<p>\n        LITER P\u00c5 LITER: Melkekyr ble fram til midten av november f\u00f4ret med metanreduserende tilsetningen Bovaer, som skal kutte utslipp uten \u00e5 endre melkas sammensetning. Foto: Charpaud Christopher \/ ABACA \/ Shutterstock\n    <\/p>\n<p>Tine: &#8211; Har hele tida v\u00e6rt \u00e5pne\t<\/p>\n<p>Tine har blitt forelagt kritikken som kommer fram i denne saken, og vi har spurt om dette:<\/p>\n<ul class=\"italic m-italic\" data-lab-italic=\"italic\">\n<li class=\"lab-bodytext-line\">Vi har f\u00e5tt flere tips om at<br \/>\nTine fortsatt bruker Bovaer-melk fra NMBU. Kan dere forklare hva som er \u00e5rsaken<br \/>\ntil at dere har fortsatt med Bovaer derfra, samtidig som dere har stanset med<br \/>\nBovaer-melk fra norske g\u00e5rder?<\/li>\n<li class=\"lab-bodytext-line\">Kan dere bekrefte at denne<br \/>\nmelka blir blandet inn i Tines ordin\u00e6re melkestr\u00f8m, alts\u00e5 havner i den samme<br \/>\nmelka \u00aballe\u00bb drikker?<\/li>\n<li class=\"lab-bodytext-line\">Vi har pratet med en<br \/>\nforbruker som sier at folk er sinte og skuffet over \u00e5 h\u00f8re at Tine ikke har<br \/>\nsluttet med Bovaer, slik de trodde. Har dere en kommentar til dette?<\/li>\n<li class=\"lab-bodytext-line\">Vi har ogs\u00e5 pratet med en<br \/>\nmarkedsf\u00f8ringsekspert som kaller det hele \u00absnikete\u00bb, og som mener at Tine aldri<br \/>\nburde ha gitt folk inntrykk av \u00e5 ha sluttet helt med Bovaer. Vil dere<br \/>\nkommentere det?<\/li>\n<\/ul>\n<p>        <img loading=\"lazy\" decoding=\"async\" itemprop=\"image\" src=\"https:\/\/www.europesays.com\/no\/wp-content\/uploads\/2025\/12\/84041252.webp.webp\" width=\"180\" height=\"180\" alt=\"Tanita Kvein\u00e5 Gaze\"\/><\/p>\n<p>            Tanita Kvein\u00e5 Gaze<br \/>\n            Tanita<br \/>\n            Kvein\u00e5 Gaze        <\/p>\n<p>Kommunikasjonssjef i Tine.<\/p>\n<p>P\u00e5 alle disse sp\u00f8rsm\u00e5lene svarer Tines kommunikasjonssjef Tanita Kvein\u00e5 Gaze dette:<\/p>\n<p class=\"font-weight-normal m-font-weight-normal\" data-lab-font_weight=\"font-weight-normal\">&#8211; Vi har hele tida v\u00e6rt \u00e5pne p\u00e5 at forskningen p\u00e5\u00a0Bovaer\u00a0fortsetter\u00a0p\u00e5 NMBU, men at tildelingen av\u00a0Bovaer\u00a0ute p\u00e5 de\u00a0konvensjonelle\u00a0g\u00e5rdene\u00a0er\u00a0pauset.\u00a0<\/p>\n<p class=\"font-weight-bold m-font-weight-bold\" data-lab-font_weight=\"font-weight-bold\">&#8211; Bovaer\u00a0p\u00e5virker ikke melkekvaliteten p\u00e5 noen m\u00e5te,\u00a0og derfor er det heller ikke n\u00f8dvendig\u00a0med noen informasjonstiltak overfor forbrukere.\u00a0<\/p>\n<p class=\"font-weight-normal m-font-weight-normal\" data-lab-font_weight=\"font-weight-normal\">Videre viser hun til det tidligere nevnte f\u00f8re-var-prinsippet.<\/p>\n<p>&#8211; Bovaer\u00a0er\u00a0pauset\u00a0ut fra et f\u00f8re-var-prinsipp med hensyn til mulige koblinger til dyrehelse \u2013 ikke melkekvalitet. Ellers foreg\u00e5r prosjektet ved NMBU under d\u00f8gnkontinuerlig overv\u00e5king av veterin\u00e6rer og forskere.<\/p>\n<p>    Hva er MetanHUB?<\/p>\n<ul>\n<li class=\"lab-bodytext-line\">MetanHOB er et norsk samarbeid som jobber for \u00e5 redusere metanutslipp.<\/li>\n<li class=\"lab-bodytext-line\">Satsingen retter seg s\u00e6rlig mot landbruk, husdyrhold og biogass.<\/li>\n<li class=\"lab-bodytext-line\">Huben samler n\u00e6ringsliv, forskningsmilj\u00f8er, myndigheter og b\u00f8nder.<\/li>\n<li class=\"lab-bodytext-line\">Tine deltar som en sentral akt\u00f8r fra meierisektoren.<\/li>\n<li class=\"lab-bodytext-line\">NMBU bidrar med forskning og faglig kunnskap.<\/li>\n<li class=\"lab-bodytext-line\">M\u00e5let er raske, m\u00e5lbare og dokumenterbare kutt i metan.<\/li>\n<li class=\"lab-bodytext-line\">Metan er en kortlivet, men sv\u00e6rt kraftig klimagass.<\/li>\n<li class=\"lab-bodytext-line\">Kutt i metan gir rask klimaeffekt sammenliknet med CO\u2082.<\/li>\n<li class=\"lab-bodytext-line\">Metanhub fokuserer p\u00e5 praktiske l\u00f8sninger som kan tas i bruk p\u00e5 g\u00e5rdsniv\u00e5.<\/li>\n<li class=\"lab-bodytext-line\">L\u00f8sningene skal v\u00e6re realistiske, \u00f8konomisk gjennomf\u00f8rbare og skalerbare.<\/li>\n<\/ul>\n<p class=\"italic m-italic\" data-lab-italic=\"italic\">Les mer om prosjektet <a href=\"https:\/\/www.metanhub.no\/metanhub\" rel=\"nofollow noopener\" target=\"_blank\">her<\/a>.\u00a0<\/p>\n<p>      Vis mer<br \/>\n      Vis mindre<\/p>\n<p>Eksplosiv vekst\t<\/p>\n<p>Dagbladet har tidligere skrevet om hvordan interessen for melk fra det \u00f8kologiske R\u00f8rosmeieriet <a href=\"https:\/\/borsen.dagbladet.no\/nyheter\/tar-av-ikke-nok-til-alle\/83932678\" rel=\"nofollow noopener\" target=\"_blank\">har eksplodert parallelt med den betente Bovaer-debatten<\/a>.\u00a0<\/p>\n<p>\u00d8kologisk melk inneholder ikke melk fra kyr som har f\u00e5tt metanhemmeren Bovaer i f\u00f4ret, fordi kunstige eller syntetisk framstilte tilsetninger ikke er tillatt i \u00f8kologisk drift og produksjon.<\/p>\n<p class=\"font-weight-bold m-font-weight-bold\" data-lab-font_weight=\"font-weight-bold\">NorgesGruppen, som eier Kiwi, Meny og Joker, har fortalt at salget av R\u00f8ros-melk har \u00f8kt med 30 prosent p\u00e5 kort tid.\u00a0<\/p>\n<p>&#8211; Vi f\u00e5r rett og slett ikke nok melk til \u00e5 dekke ettersp\u00f8rselen, sa kommersiell leder i R\u00f8rosmeieriet, Kristin Bendixvold, til Dagbladet.\u00a0<\/p>\n<p>    <a itemprop=\"url\" href=\"https:\/\/www.dagbladet.no\/nyheter\/salget-har-eksplodert\/83925628\" rel=\"nofollow noopener\" target=\"_blank\"><\/p>\n<p>        <img loading=\"lazy\" decoding=\"async\" src=\"https:\/\/www.europesays.com\/no\/wp-content\/uploads\/2025\/12\/83928134.webp.webp\" width=\"980\" height=\"441\" title=\"Salget har eksplodert\" alt=\"\" class=\"lazyload\" style=\"--aspect-ratio-image: 2.22; \"\/><\/p>\n<p>        Salget har eksplodert<\/p>\n<p>    <\/a><\/p>\n<p>Markedsf\u00f8ringsekspert: &#8211; Burde ikke gjort det\t<\/p>\n<p>Markedsf\u00f8ringsekspert Karl-Fredrik Tangen mener debatten om metanhemmere f\u00f8rst og fremst handler om tillit, spr\u00e5k og forestillingen om hva melk er \u2013 og skal v\u00e6re \u2013 for norske forbrukere.<\/p>\n<p>Ogs\u00e5 han trodde at Tine hadde sluttet helt med Bovaer i Norge.<\/p>\n<p class=\"font-weight-bold m-font-weight-bold\" data-lab-font_weight=\"font-weight-bold\">&#8211; Ut fra det som har surret rundt i offentligheten, har jeg f\u00e5tt inntrykk av at folk har forst\u00e5tt det som om Tine har sluttet med metanhemmere, sier han til Dagbladet.<\/p>\n<p>        <img loading=\"lazy\" decoding=\"async\" itemprop=\"image\" src=\"https:\/\/www.europesays.com\/no\/wp-content\/uploads\/2025\/12\/84040198.webp.webp\" width=\"180\" height=\"180\" alt=\"Karl-Fredrik Tangen\"\/><\/p>\n<p>            Karl-Fredrik Tangen<br \/>\n            Karl-Fredrik<br \/>\n            Tangen        <\/p>\n<p>Markedsf\u00f8ringsekspert og f\u00f8rstelektor ved H\u00f8yskolen Kristiania.<\/p>\n<p>Han opplever at dette skaper et gap mellom kommunikasjon og praksis, som igjen vekker uro.<\/p>\n<p class=\"font-weight-bold m-font-weight-bold\" data-lab-font_weight=\"font-weight-bold\">&#8211; Det virker litt snikete. Jeg synes Tine skaper ett inntrykk offentlig, og s\u00e5 gj\u00f8r de noe annet. Det burde de ikke gjort.<\/p>\n<p>If\u00f8lge Tangen er melk et ekstra s\u00e5rbart produkt fordi det er s\u00e5 tett knyttet til helse og naturlighet.<\/p>\n<p>&#8211; Dette handler ikke om detaljert forst\u00e5else av hva metanhemmere er, men om forestillingen om at melk er naturlig. Da m\u00e5 ogs\u00e5 kuene v\u00e6re naturlige.<\/p>\n<p>Tangen mener Tine i st\u00f8rre grad burde st\u00e5tt i debatten og v\u00e6rt tydeligere.<\/p>\n<p>&#8211; Tine er n\u00f8dt til \u00e5 f\u00e5 ned utslipp p\u00e5 et eller annet vis. Dette bygger p\u00e5 en overordnet id\u00e9 om at det finnes en teknisk l\u00f8sning. Folk forst\u00e5r ikke helt dette.<\/p>\n<p>Avslutningsvis advarer han om at h\u00f8y tillit ogs\u00e5 betyr h\u00f8y risiko.<\/p>\n<p class=\"font-weight-bold m-font-weight-bold\" data-lab-font_weight=\"font-weight-bold\">&#8211; Tilliten fra norske forbrukere er veldig h\u00f8y, men ogs\u00e5 truet.<\/p>\n<p class=\"italic m-italic\" data-lab-italic=\"italic\">Regjeringen og landbruksn\u00e6ringen har vedtatt at metanreduserende f\u00f4r skal fases inn i norsk melkeproduksjon fra 2027.\u00a0<\/p>\n","protected":false},"excerpt":{"rendered":"Kort fortalt Tine bekrefter at melk fra kyr som f\u00e5r Bovaer fortsatt selges i butikker. Bruken av Bovaer&hellip;\n","protected":false},"author":2,"featured_media":125487,"comment_status":"","ping_status":"","sticky":false,"template":"","format":"standard","meta":{"footnotes":""},"categories":[10],"tags":[20,21,24,25,15,2539,22,23,13,30,28,29,14,16,26,27],"class_list":{"0":"post-125486","1":"post","2":"type-post","3":"status-publish","4":"format-standard","5":"has-post-thumbnail","7":"category-norge","8":"tag-breaking-news","9":"tag-breakingnews","10":"tag-featured-news","11":"tag-featurednews","12":"tag-headlines","13":"tag-innenriks","14":"tag-latest-news","15":"tag-latestnews","16":"tag-news","17":"tag-no","18":"tag-norge","19":"tag-norway","20":"tag-nyheter","21":"tag-overskrifter","22":"tag-top-stories","23":"tag-topstories"},"share_on_mastodon":{"url":"https:\/\/pubeurope.com\/@no\/115814156622304519","error":""},"_links":{"self":[{"href":"https:\/\/www.europesays.com\/no\/wp-json\/wp\/v2\/posts\/125486","targetHints":{"allow":["GET"]}}],"collection":[{"href":"https:\/\/www.europesays.com\/no\/wp-json\/wp\/v2\/posts"}],"about":[{"href":"https:\/\/www.europesays.com\/no\/wp-json\/wp\/v2\/types\/post"}],"author":[{"embeddable":true,"href":"https:\/\/www.europesays.com\/no\/wp-json\/wp\/v2\/users\/2"}],"replies":[{"embeddable":true,"href":"https:\/\/www.europesays.com\/no\/wp-json\/wp\/v2\/comments?post=125486"}],"version-history":[{"count":0,"href":"https:\/\/www.europesays.com\/no\/wp-json\/wp\/v2\/posts\/125486\/revisions"}],"wp:featuredmedia":[{"embeddable":true,"href":"https:\/\/www.europesays.com\/no\/wp-json\/wp\/v2\/media\/125487"}],"wp:attachment":[{"href":"https:\/\/www.europesays.com\/no\/wp-json\/wp\/v2\/media?parent=125486"}],"wp:term":[{"taxonomy":"category","embeddable":true,"href":"https:\/\/www.europesays.com\/no\/wp-json\/wp\/v2\/categories?post=125486"},{"taxonomy":"post_tag","embeddable":true,"href":"https:\/\/www.europesays.com\/no\/wp-json\/wp\/v2\/tags?post=125486"}],"curies":[{"name":"wp","href":"https:\/\/api.w.org\/{rel}","templated":true}]}}