{"id":125488,"date":"2025-12-31T12:22:11","date_gmt":"2025-12-31T12:22:11","guid":{"rendered":"https:\/\/www.europesays.com\/no\/125488\/"},"modified":"2025-12-31T12:22:11","modified_gmt":"2025-12-31T12:22:11","slug":"fyrverkeri-dyr-bard-vil-fyrverkeriene-til-livs-det-der-ma-vi-slutte-med","status":"publish","type":"post","link":"https:\/\/www.europesays.com\/no\/125488\/","title":{"rendered":"Fyrverkeri, Dyr | B\u00e5rd vil fyrverkeriene til livs: \u2013 Det der m\u00e5 vi slutte med!"},"content":{"rendered":"\n<p><b>\u2013 Ja, fyrverkeri er vakkert, men n\u00e5r man vet om konsekvensene blir det stygt og f\u00e6lt, sier B\u00e5rd Kirkeeng, leder for Dyrebeskyttelsen Vestfold. <\/b><\/p>\n<p>Rakettenes h\u00f8ye smell og lysglimt gj\u00f8r dyr vettskremte, p\u00e5peker han.<\/p>\n<p><b>\u2013 Det er hunder som forsvinner hvert \u00e5r, noen kommer ikke tilbake, sier Kirkeeng. <\/b><\/p>\n<p>Skremt til d\u00f8de<\/p>\n<p>Mange har tjuvstartet oppskytingen allerede. Noen steder med tragiske konsekvenser.<\/p>\n<p><b>Den to \u00e5r gamle golden retrieveren ble mandag denne uken skremt av fyrverkeri og stakk av fra eieren sin under en luftetur. Kort tid senere fant <a href=\"https:\/\/www.tb.no\/nyheter\/hunden-max-funnet-dod-pa-buoya-i-arendal-skremt-av-fyrverkeri\/s\/5-95-2801580\" rel=\"Follow nofollow noopener\" target=\"_blank\">eieren hunden sin d\u00f8d i skogen, forteller Nettavisen<\/a>.<\/b><\/p>\n<p>   <img decoding=\"async\" width=\"1200\" height=\"886\" fetchpriority=\"low\"  loading=\"lazy\"  src=\"https:\/\/www.europesays.com\/no\/wp-content\/uploads\/2025\/12\/Hunden+Max_1.jpg\" alt=\"\" class=\"brick-c-cFOWSL\" style=\"--brick-image-ratio: 1200 \/ 886;\"\/><\/p>\n<p>      D\u00d8DE: Den to \u00e5r gamle golden retrieveren Max ble funnet d\u00f8d tidligere denne uken, etter \u00e5 bli skremt av fyrverkeri.<br \/>\n      Foto: Privat\n    <\/p>\n<p>B\u00e5rd Kirkeeng har v\u00e6rt leder i Dyrebeskyttelsen Vestfold i to \u00e5r.<\/p>\n<p><b>\u2013 Jeg sitter ogs\u00e5 i sentralstyret og jobber blant annet med fyrverkeriutfordringen vi har i Norge, sier han og avsl\u00f8rer at det neste \u00e5r kommer en stor kampanje for \u00e5 bli kvitt fyrverkeri.<\/b><\/p>\n<p>  <a href=\"https:\/\/www.tb.no\/5-76-2758807\" class=\"related-teaser has-image default-story-teaser article--c-eRUmMG article--c-eRUmMG-jKCPdD-design-default\" rel=\"nofollow noopener\" target=\"_blank\"><\/p>\n<p>    <img decoding=\"async\" loading=\"lazy\"  src=\"https:\/\/www.europesays.com\/no\/wp-content\/uploads\/2025\/12\/1767183730_684_02nyh_nytt_r_og_fyrverker_7.jpg\" alt=\"\" class=\"brick-c-cFOWSL\" style=\"\"\/><\/p>\n<p>\n            Les ogs\u00e5<\/p>\n<p>              Flere har tjuvstartet feiringen \u2013 det kan koste dem dyrt\n        <\/p>\n<p>  <\/a><\/p>\n<p>Kirkeeng mener motstanden mot fyrverkeri er \u00f8kende. Over 60.000 har signert mot fyrverkeri p\u00e5 Dyrebeskyttelsens hjemmeside.<\/p>\n<p>\u2013 Tror de er i krig<\/p>\n<p>Det er ikke bare kj\u00e6ledyrene som blir skremt av h\u00f8ye smell og lys.<\/p>\n<p><b>\u2013 Fugler blir s\u00e5 stressa. De tror de er i krig. G\u00e5r du i skogen dagen etter nytt\u00e5rsaften er det ikke uvanlig \u00e5 se d\u00f8de fugler i skogen, sier Kirkeeng.<\/b><\/p>\n<p>\u2013 Har du noen r\u00e5d n\u00e5 p\u00e5 nytt\u00e5rsaften til dem som har kj\u00e6ledyr?<\/p>\n<p><b>\u2013 Har du hund er det beste r\u00e5det \u00e5 komme seg langt av g\u00e5rde fra fyrverkeri, sier Kirkeeng.<\/b><\/p>\n<p>  <a href=\"https:\/\/www.tb.no\/5-76-2758411\" class=\"related-teaser has-image default-story-teaser article--c-eRUmMG article--c-eRUmMG-jKCPdD-design-default\" rel=\"nofollow noopener\" target=\"_blank\"><\/p>\n<p>    <img decoding=\"async\" loading=\"lazy\"  src=\"https:\/\/www.europesays.com\/no\/wp-content\/uploads\/2025\/12\/5_76_1206214+haugarrock+%281%29.jpg\" alt=\"\" class=\"brick-c-cFOWSL\" style=\"\"\/><\/p>\n<p>\n            Les ogs\u00e5<\/p>\n<p>              \u00c5pner for firbeinte p\u00e5 nytt\u00e5rsaften: \u2013 Man gj\u00f8r mye for dyra\n        <\/p>\n<p>  <\/a><\/p>\n<p>Har du ikke mulighet til \u00e5 dra vekk, er det smart \u00e5 finne p\u00e5 noe p\u00e5 dagen som gj\u00f8r at hunden f\u00e5r brukt masse krefter.<\/p>\n<p>Fint \u00e5 slite seg ut<\/p>\n<p>\u2013 V\u00e5r hund skal leke med en annen hund noen timer p\u00e5 dagen. Da blir han utslitt og det bidrar til \u00e5 dempe frykten forh\u00e5pentligvis, sier B\u00e5rd Kirkeeng, som har en tibetansk terrier.<\/p>\n<p><b>\u2013 Han er robust, men synes fyrverkeri er ubehagelig og bjeffer i to timer n\u00e5r smellene er i gang. Det er som om han skal gj\u00f8re oss oppmerksom p\u00e5 faren, varsle oss.<\/b><\/p>\n<p>\u2013 Hold dyrene inne n\u00e5r fyrverkeriene er i gang! Utfordringen er n\u00e5r det kommer rakett. Da kan de stikke av.<\/p>\n<p>Lederen for Dyrebeskyttelsen i Vestfold, har ogs\u00e5 en katt. Den passer han at er forsvarlig inne p\u00e5 nytt\u00e5rsaftenen.<\/p>\n<p><b>\u2013 Putt den inn p\u00e5 et rom, sett p\u00e5 musikk, ikke vise engstelse selv. V\u00e6r rolig, r\u00e5der B\u00e5rd Kirkeeng. <\/b><\/p>\n<p>Flere r\u00e5d for \u00e5 hjelpe dyrene dine kan du lese nedenfor:<\/p>\n<p>            10 tips til hvordan du hjelper dyrene gjennom nytt\u00e5rsaften<\/p>\n<ol>\n<li>Start tidlig med lydtrening. Start gjerne s\u00e5 fort dyrene har funnet seg til rette i sitt nye hjem.<\/li>\n<li> V\u00e6r til stede. Reis aldri fra et kj\u00e6ledyr p\u00e5 nytt\u00e5rsaften.<\/li>\n<li>Hold dyret inne.<\/li>\n<li>Lag en \u00abhule\u00bb, kosekrok og v\u00e6r sammen med dyret i et s\u00e5 lydtett rom som mulig, som bad eller kjeller.<\/li>\n<li>Reis bort med kj\u00e6ledyret. Du kan reise bort med dyret til et sted du vet er rolig. Flere tar med seg hunden til parkeringshus med etasjer godt under bakkeniv\u00e5. Dersom du selv ikke har mulighet til \u00e5 reise bort, finnes det hundehoteller i fredelige omgivelser som tilbyr pass av hunder med fyrverkeri-skrekk. <\/li>\n<li> Slit ut hunden. Luft hunden s\u00e5 tidlig som mulig p\u00e5 dagen, og g\u00e5 gjerne en ekstra lang tur som sliter den litt ut, med innlagt mental trening som for eksempel \u00abs\u00f8k etter godbiter\u00bb, dette kan gjerne ogs\u00e5 gj\u00f8res innend\u00f8rs dersom hunden er med p\u00e5 det.<\/li>\n<li>Ern\u00e6ringsmessig hjelp. Du kan ogs\u00e5 gi hunden eller katten tryptofanrike m\u00e5ltid best\u00e5ende av pasta\/ris og kalkunkj\u00f8tt dersom dyret t\u00e5ler dette, eller et spesialf\u00f4r som man m\u00e5 starte med ca. fire uker f\u00f8r nytt\u00e5rsaften.<\/li>\n<li>Skaff h\u00f8rselsvern. Det finnes ogs\u00e5 hodetelefoner og h\u00f8rselsvern for hund. Om du ikke om du f\u00e5r tak i det i Norge, har de det i USA. S\u00f8k for eksempel etter Mutt Muffs. Vanlige \u201csov i ro\u201d-\u00f8repropper fra apoteket eller bomullsdotter kan ogs\u00e5 brukes, bare husk \u00e5 ta dem ut igjen!<\/li>\n<li>Vurder beroligende feromoner. Er kj\u00e6ledyret ditt bare urolig, og viser mild engstelse kan det v\u00e6re nok \u00e5 bruke feromoner. Det er beroligende duftstoff som produseres naturlig av kjertlene i midtlinjen p\u00e5 en diende tispe eller fra kattes kinnkjertler. Feromoner finnes som fordamper, spray eller halsb\u00e5nd. For nytt\u00e5rsaften er fordamper det beste alternativet. Den m\u00e5 plugges inn noen uker i forveien. Disse er reseptfrie og f\u00e5r kj\u00f8pt p\u00e5 blant annet apotek.<\/li>\n<li>Hvis dyret trenger medisiner, m\u00e5 veterin\u00e6r kontaktes i god tid f\u00f8r nytt\u00e5rsaften. Husk at medisiner er ingen \u201cquick-fix\u201d som l\u00f8ser problemet, men det kan hjelpe de aller reddeste. Det finnes ulike preparater og man m\u00e5 ofte pr\u00f8ve seg litt frem hva som fungerer best p\u00e5 akkurat din hund.<\/li>\n<\/ol>\n<p>Kilde: Norsk fyrverkeriforening<\/p>\n<p>  <a href=\"https:\/\/www.tb.no\/5-76-2758291\" class=\"related-teaser has-image default-story-teaser article--c-eRUmMG article--c-eRUmMG-jKCPdD-design-default\" rel=\"nofollow noopener\" target=\"_blank\"><\/p>\n<p>    <img decoding=\"async\" loading=\"lazy\"  src=\"https:\/\/www.europesays.com\/no\/wp-content\/uploads\/2025\/12\/vera1+kopi.jpg\" alt=\"\" class=\"brick-c-cFOWSL\" style=\"\"\/><\/p>\n<p>\n            Les ogs\u00e5<\/p>\n<p>              Wenche opplevde alle dyreeieres mareritt: \u2013 Helt forferdelig\n        <\/p>\n<p>  <\/a><\/p>\n","protected":false},"excerpt":{"rendered":"\u2013 Ja, fyrverkeri er vakkert, men n\u00e5r man vet om konsekvensene blir det stygt og f\u00e6lt, sier B\u00e5rd&hellip;\n","protected":false},"author":2,"featured_media":125489,"comment_status":"","ping_status":"","sticky":false,"template":"","format":"standard","meta":{"footnotes":""},"categories":[5],"tags":[36,14783,20,21,1279,962,24,25,10497,15,19,22,23,17,18,13,30,28,29,14,16,1510,26,27,431,941],"class_list":{"0":"post-125488","1":"post","2":"type-post","3":"status-publish","4":"format-standard","5":"has-post-thumbnail","7":"category-overskrifter","8":"tag-art","9":"tag-asgardstrand","10":"tag-breaking-news","11":"tag-breakingnews","12":"tag-dyr","13":"tag-faerder","14":"tag-featured-news","15":"tag-featurednews","16":"tag-fyrverkeri","17":"tag-headlines","18":"tag-hovedoppslag","19":"tag-latest-news","20":"tag-latestnews","21":"tag-main-news","22":"tag-mainnews","23":"tag-news","24":"tag-no","25":"tag-norge","26":"tag-norway","27":"tag-nyheter","28":"tag-overskrifter","29":"tag-story","30":"tag-top-stories","31":"tag-topstories","32":"tag-tonsberg","33":"tag-ulykker-og-hendelser"},"share_on_mastodon":{"url":"https:\/\/pubeurope.com\/@no\/115814160314453110","error":""},"_links":{"self":[{"href":"https:\/\/www.europesays.com\/no\/wp-json\/wp\/v2\/posts\/125488","targetHints":{"allow":["GET"]}}],"collection":[{"href":"https:\/\/www.europesays.com\/no\/wp-json\/wp\/v2\/posts"}],"about":[{"href":"https:\/\/www.europesays.com\/no\/wp-json\/wp\/v2\/types\/post"}],"author":[{"embeddable":true,"href":"https:\/\/www.europesays.com\/no\/wp-json\/wp\/v2\/users\/2"}],"replies":[{"embeddable":true,"href":"https:\/\/www.europesays.com\/no\/wp-json\/wp\/v2\/comments?post=125488"}],"version-history":[{"count":0,"href":"https:\/\/www.europesays.com\/no\/wp-json\/wp\/v2\/posts\/125488\/revisions"}],"wp:featuredmedia":[{"embeddable":true,"href":"https:\/\/www.europesays.com\/no\/wp-json\/wp\/v2\/media\/125489"}],"wp:attachment":[{"href":"https:\/\/www.europesays.com\/no\/wp-json\/wp\/v2\/media?parent=125488"}],"wp:term":[{"taxonomy":"category","embeddable":true,"href":"https:\/\/www.europesays.com\/no\/wp-json\/wp\/v2\/categories?post=125488"},{"taxonomy":"post_tag","embeddable":true,"href":"https:\/\/www.europesays.com\/no\/wp-json\/wp\/v2\/tags?post=125488"}],"curies":[{"name":"wp","href":"https:\/\/api.w.org\/{rel}","templated":true}]}}