{"id":125492,"date":"2025-12-31T12:28:13","date_gmt":"2025-12-31T12:28:13","guid":{"rendered":"https:\/\/www.europesays.com\/no\/125492\/"},"modified":"2025-12-31T12:28:13","modified_gmt":"2025-12-31T12:28:13","slug":"innvandrere-er-ikke-et-problem-vi-er-en-styrke-for-norge","status":"publish","type":"post","link":"https:\/\/www.europesays.com\/no\/125492\/","title":{"rendered":"Innvandrere er ikke et problem \u2013 vi er en styrke for Norge"},"content":{"rendered":"<p>Slike uttalelser gj\u00f8r vondt \u00e5 h\u00f8re for oss som har kommet hit for \u00e5 jobbe, bidra og skape et bedre liv \u2013 b\u00e5de for oss selv og for Norge.<\/p>\n<p>Mange innvandrere gj\u00f8r jobber som er helt n\u00f8dvendige for at samfunnet skal fungere. Vi jobber i helsevesenet, renhold, transport, bygg og anlegg, fris\u00f8r- og servicebransjen. Dette er ofte jobber med lav status og tungt arbeid, men uten oss ville Norge stoppet opp.<\/p>\n<p>Tenk et \u00f8yeblikk p\u00e5 hvordan Norge ville sett ut hvis alle innvandrere plutselig sluttet \u00e5 g\u00e5 p\u00e5 jobb. Hvem skulle vasket sykehusene, kj\u00f8rt bussene, tatt vare p\u00e5 eldre, bygget husene og holdt butikkene \u00e5pne? Da ville det blitt tydelig hvor viktige vi faktisk er.<\/p>\n<p>Vi er ikke her for \u00e5 \u00f8delegge Norge. Vi er her for \u00e5 jobbe, betale skatt, oppdra barna v\u00e5re og bidra til fellesskapet. Mange av oss jobber hardere enn vi noen gang har gjort f\u00f8r, nettopp fordi vi \u00f8nsker \u00e5 lykkes og gi noe tilbake til landet som ga oss en sjanse.<\/p>\n<p>Innvandrere er ikke et problem \u2013 vi er en ressurs. En styrke. Norge trenger oss, slik vi ogs\u00e5 trenger Norge. I stedet for \u00e5 skape frykt og splittelse, b\u00f8r politikerne se verdien i det arbeidet vi utf\u00f8rer hver eneste dag. Sammen bygger vi Norge.<\/p>\n<p>Godt nytt \u00e5r!<\/p>\n<p><a href=\"https:\/\/www.fvn.no\/nyheter\/lokalt\/i\/k0WbeQ\/utsatt-for-grov-hets-tildelt-pris\" rel=\"nofollow noopener\" target=\"_blank\"> <img decoding=\"async\" src=\"data:image\/gif;base64,R0lGODlhEAAJAIAAAP\/\/\/wAAACH5BAEAAAAALAAAAAAQAAkAAAIKhI+py+0Po5yUFQA7\" alt=\"\"\/>   Utsatt for grov hets \u2013 tildelt pris  <\/a> <a href=\"https:\/\/www.fvn.no\/mening\/debattinnlegg\/i\/j0PX6n\/sosialister-ser-ikke-verden-som-den-er\" rel=\"nofollow noopener\" target=\"_blank\"> <img decoding=\"async\" src=\"data:image\/gif;base64,R0lGODlhEAAJAIAAAP\/\/\/wAAACH5BAEAAAAALAAAAAAQAAkAAAIKhI+py+0Po5yUFQA7\" alt=\"\"\/>   Sosialister ser ikke verden som den er  <\/a> <\/p>\n<p>\u00c5pen <\/p>\n<p><a href=\"https:\/\/www.fvn.no\/nyheter\/lokalt\/i\/ArdE63\/stortingspolitiker-satte-fyr-paa-debatt-om-norsk-kultur-saa-dro-han-hjem-og-sang-jula-inn\" rel=\"nofollow noopener\" target=\"_blank\"> <img decoding=\"async\" src=\"data:image\/gif;base64,R0lGODlhEAAJAIAAAP\/\/\/wAAACH5BAEAAAAALAAAAAAQAAkAAAIKhI+py+0Po5yUFQA7\" alt=\"\"\/>   Stortingspolitiker satte fyr p\u00e5 debatt om norsk kultur. S\u00e5 dro han hjem og sang jula inn.   <\/a> <\/p>\n","protected":false},"excerpt":{"rendered":"Slike uttalelser gj\u00f8r vondt \u00e5 h\u00f8re for oss som har kommet hit for \u00e5 jobbe, bidra og skape&hellip;\n","protected":false},"author":2,"featured_media":125493,"comment_status":"","ping_status":"","sticky":false,"template":"","format":"standard","meta":{"footnotes":""},"categories":[10],"tags":[465,20,21,24,25,15,4232,22,23,13,30,28,29,14,16,3377,26,27],"class_list":{"0":"post-125492","1":"post","2":"type-post","3":"status-publish","4":"format-standard","5":"has-post-thumbnail","7":"category-norge","8":"tag-arbeidsliv","9":"tag-breaking-news","10":"tag-breakingnews","11":"tag-featured-news","12":"tag-featurednews","13":"tag-headlines","14":"tag-innvandring","15":"tag-latest-news","16":"tag-latestnews","17":"tag-news","18":"tag-no","19":"tag-norge","20":"tag-norway","21":"tag-nyheter","22":"tag-overskrifter","23":"tag-samfunn","24":"tag-top-stories","25":"tag-topstories"},"share_on_mastodon":{"url":"https:\/\/pubeurope.com\/@no\/115814184122464407","error":""},"_links":{"self":[{"href":"https:\/\/www.europesays.com\/no\/wp-json\/wp\/v2\/posts\/125492","targetHints":{"allow":["GET"]}}],"collection":[{"href":"https:\/\/www.europesays.com\/no\/wp-json\/wp\/v2\/posts"}],"about":[{"href":"https:\/\/www.europesays.com\/no\/wp-json\/wp\/v2\/types\/post"}],"author":[{"embeddable":true,"href":"https:\/\/www.europesays.com\/no\/wp-json\/wp\/v2\/users\/2"}],"replies":[{"embeddable":true,"href":"https:\/\/www.europesays.com\/no\/wp-json\/wp\/v2\/comments?post=125492"}],"version-history":[{"count":0,"href":"https:\/\/www.europesays.com\/no\/wp-json\/wp\/v2\/posts\/125492\/revisions"}],"wp:featuredmedia":[{"embeddable":true,"href":"https:\/\/www.europesays.com\/no\/wp-json\/wp\/v2\/media\/125493"}],"wp:attachment":[{"href":"https:\/\/www.europesays.com\/no\/wp-json\/wp\/v2\/media?parent=125492"}],"wp:term":[{"taxonomy":"category","embeddable":true,"href":"https:\/\/www.europesays.com\/no\/wp-json\/wp\/v2\/categories?post=125492"},{"taxonomy":"post_tag","embeddable":true,"href":"https:\/\/www.europesays.com\/no\/wp-json\/wp\/v2\/tags?post=125492"}],"curies":[{"name":"wp","href":"https:\/\/api.w.org\/{rel}","templated":true}]}}