{"id":125494,"date":"2025-12-31T12:29:17","date_gmt":"2025-12-31T12:29:17","guid":{"rendered":"https:\/\/www.europesays.com\/no\/125494\/"},"modified":"2025-12-31T12:29:17","modified_gmt":"2025-12-31T12:29:17","slug":"arets-navn-i-dagbladet-for-heltemot-i-lofoten","status":"publish","type":"post","link":"https:\/\/www.europesays.com\/no\/125494\/","title":{"rendered":"\u00c5rets navn i Dagbladet for heltemot i Lofoten"},"content":{"rendered":"<p>En fredag i september i \u00e5r kantret en turistb\u00e5t i Nappstraumen i Lofoten. Ombord var sju personer &#8211; seks svenske turister, blant dem to barn, og en fiskeguide. Seks av dem kom seg opp p\u00e5 den kantrede b\u00e5ten og ble reddet. En 11 \u00e5r gammel jente var savnet i det sterke str\u00f8mvannet. Redningsaksjonen ble omfattende og krevende.<\/p>\n<p>    <a itemprop=\"url\" href=\"\"><\/p>\n<p>        <img loading=\"lazy\" decoding=\"async\" src=\"https:\/\/www.europesays.com\/no\/wp-content\/uploads\/2025\/12\/84003398.webp.webp\" width=\"980\" height=\"441\" title=\"Adrian er \u00c5rets navn 2025\" alt=\"\" class=\"lazyload\" style=\"--aspect-ratio-image: 2.22; \"\/><\/p>\n<p>        Adrian er \u00c5rets navn 2025<\/p>\n<p>    <\/a><\/p>\n<p>Blant dem som rykket ut, var Adrian Willyson Brask (36), dykker og overstyrmann i Redningsselskapet. Da s\u00f8ket etter den savnede jenta gikk inn i en kritisk fase, gikk Adrian i vannet. Han gjorde det han kunne for \u00e5 redde et annet menneskes liv. Han kom ikke tilbake. Senere ble ogs\u00e5 jenta funnet omkommet, p\u00e5 rundt 25 meters dyp. To liv gikk tapt i en redningsaksjon som ellers reddet seks.<\/p>\n<p>Dette er det mest alvorlige som kan skje i redningstjenesten: At en som er sendt ut for \u00e5 redde andre, selv mister livet. Adrian d\u00f8de ikke fordi han tok lett p\u00e5 risiko. Han d\u00f8de fordi han handlet i tr\u00e5d med sitt ansvar og sitt menneskesyn. I m\u00f8te med fare valgte han handling.<\/p>\n<p>    <a itemprop=\"url\" href=\"https:\/\/www.dagbladet.no\/nyheter\/helt-forferdelig\/83652031\" rel=\"nofollow noopener\" target=\"_blank\"><\/p>\n<p>        <img loading=\"lazy\" decoding=\"async\" src=\"https:\/\/www.europesays.com\/no\/wp-content\/uploads\/2025\/12\/83652079.webp.webp\" width=\"980\" height=\"441\" title=\"- Helt forferdelig\" alt=\"\" class=\"lazyload\" style=\"--aspect-ratio-image: 2.22; \"\/><\/p>\n<p>        &#8211; Helt forferdelig<\/p>\n<p>    <\/a><\/p>\n<p>For oss i Dagbladet har denne hendelsen gjort sterkt inntrykk. Den minner oss om hva samfunnet v\u00e5rt faktisk hviler p\u00e5. Ikke bare systemer og beredskap, men mennesker som er villige til \u00e5 stille opp n\u00e5r det virkelig gjelder. Adrian Willyson Brask var et slikt menneske. Et enkeltmenneske med et uvanlig stort ansvar \u2013 og et enda st\u00f8rre mot.<\/p>\n<p>Derfor er det riktig at han f\u00e5r prisen \u00ab\u00c5rets navn\u00bb i Dagbladet i \u00e5r. De siste ukene har engasjementet blant v\u00e5re lesere v\u00e6rt st\u00f8rre enn noen gang. Avstemningen satte rekord. Og \u00e9n kandidat fikk flest stemmer. Adrian.<\/p>\n<p>Prisen gis ikke for makt eller posisjon, men for handling. For medmenneskelighet i praksis. Fra oss i Dagbladet er det med dyp respekt og stor ydmykhet vi tildeler Adrian denne prisen.<\/p>\n<p>    <a itemprop=\"url\" href=\"https:\/\/www.dagbladet.no\/nyheter\/har-mistet-en-god-venn\/83650400\" rel=\"nofollow noopener\" target=\"_blank\"><\/p>\n<p>        <img loading=\"lazy\" decoding=\"async\" src=\"https:\/\/www.europesays.com\/no\/wp-content\/uploads\/2025\/12\/83650465.webp.webp\" width=\"980\" height=\"441\" title=\"- Har mistet en god venn\" alt=\"\" class=\"lazyload\" style=\"--aspect-ratio-image: 2.22; \"\/><\/p>\n<p>        &#8211; Har mistet en god venn<\/p>\n<p>    <\/a><\/p>\n<p>Han mistet livet mens han fors\u00f8kte \u00e5 redde andres, i en handling som rommer det ypperste av mot, ansvar og medmenneskelighet. N\u00e5r et menneske gir alt i tjeneste for liv, minner det oss om hva ekte heltemot er \u2013 ogs\u00e5 n\u00e5r utfallet blir det mest tragiske.<\/p>\n<p>Adrians innsats st\u00e5r igjen som et varig vitnesbyrd om offervilje og nestekj\u00e6rlighet.<\/p>\n<p>Og han er derfor \u00e5rets navn i Dagbladet 2025.<\/p>\n<p>        <img loading=\"lazy\" decoding=\"async\" itemprop=\"image\" src=\"https:\/\/www.europesays.com\/no\/wp-content\/uploads\/2025\/12\/1767184157_57_84003401.webp.webp\" width=\"180\" height=\"180\" alt=\"Martine Lunder Brenne og Mads A. Andersen\"\/><\/p>\n<p>            Martine Lunder Brenne og Mads A. Andersen<br \/>\n            Martine Lunder Brenne og<br \/>\n            Mads A. Andersen        <\/p>\n<p>Konstituerte sjefredakt\u00f8rer i Dagbladet<\/p>\n","protected":false},"excerpt":{"rendered":"En fredag i september i \u00e5r kantret en turistb\u00e5t i Nappstraumen i Lofoten. Ombord var sju personer &#8211;&hellip;\n","protected":false},"author":2,"featured_media":125495,"comment_status":"","ping_status":"","sticky":false,"template":"","format":"standard","meta":{"footnotes":""},"categories":[5],"tags":[12729,20,21,24,25,15,19,2539,22,23,17,18,13,30,28,29,14,16,26,27],"class_list":{"0":"post-125494","1":"post","2":"type-post","3":"status-publish","4":"format-standard","5":"has-post-thumbnail","7":"category-overskrifter","8":"tag-arets-navn","9":"tag-breaking-news","10":"tag-breakingnews","11":"tag-featured-news","12":"tag-featurednews","13":"tag-headlines","14":"tag-hovedoppslag","15":"tag-innenriks","16":"tag-latest-news","17":"tag-latestnews","18":"tag-main-news","19":"tag-mainnews","20":"tag-news","21":"tag-no","22":"tag-norge","23":"tag-norway","24":"tag-nyheter","25":"tag-overskrifter","26":"tag-top-stories","27":"tag-topstories"},"share_on_mastodon":{"url":"https:\/\/pubeurope.com\/@no\/115814187858666659","error":""},"_links":{"self":[{"href":"https:\/\/www.europesays.com\/no\/wp-json\/wp\/v2\/posts\/125494","targetHints":{"allow":["GET"]}}],"collection":[{"href":"https:\/\/www.europesays.com\/no\/wp-json\/wp\/v2\/posts"}],"about":[{"href":"https:\/\/www.europesays.com\/no\/wp-json\/wp\/v2\/types\/post"}],"author":[{"embeddable":true,"href":"https:\/\/www.europesays.com\/no\/wp-json\/wp\/v2\/users\/2"}],"replies":[{"embeddable":true,"href":"https:\/\/www.europesays.com\/no\/wp-json\/wp\/v2\/comments?post=125494"}],"version-history":[{"count":0,"href":"https:\/\/www.europesays.com\/no\/wp-json\/wp\/v2\/posts\/125494\/revisions"}],"wp:featuredmedia":[{"embeddable":true,"href":"https:\/\/www.europesays.com\/no\/wp-json\/wp\/v2\/media\/125495"}],"wp:attachment":[{"href":"https:\/\/www.europesays.com\/no\/wp-json\/wp\/v2\/media?parent=125494"}],"wp:term":[{"taxonomy":"category","embeddable":true,"href":"https:\/\/www.europesays.com\/no\/wp-json\/wp\/v2\/categories?post=125494"},{"taxonomy":"post_tag","embeddable":true,"href":"https:\/\/www.europesays.com\/no\/wp-json\/wp\/v2\/tags?post=125494"}],"curies":[{"name":"wp","href":"https:\/\/api.w.org\/{rel}","templated":true}]}}