{"id":125496,"date":"2025-12-31T12:35:42","date_gmt":"2025-12-31T12:35:42","guid":{"rendered":"https:\/\/www.europesays.com\/no\/125496\/"},"modified":"2025-12-31T12:35:42","modified_gmt":"2025-12-31T12:35:42","slug":"det-hvite-hus-trump-hadde-en-positiv-telefonsamtale-med-putin","status":"publish","type":"post","link":"https:\/\/www.europesays.com\/no\/125496\/","title":{"rendered":"Det hvite hus: Trump hadde en positiv telefonsamtale med Putin"},"content":{"rendered":"<p>\u2013 Trump har avsluttet en positiv samtale med president Putin, sier talsperson Karoline Leavitt i Det hvite hus.<\/p>\n<p>Den amerikanske presidenten meldte om stor fremgang i forhandlingene om hans 20 punkts fredsplan etter et m\u00f8te med Ukrainas president Volodymyr Zelenskyj s\u00f8ndag.<\/p>\n<p>Russland: Ukraina angrep Putin-bolig<\/p>\n<p>Allikevel sp\u00f8ker det for forhandlingene etter at russiske myndigheter meldte at Ukraina hadde angrepet president Vladimir Putins bolig i Novgorod-distriktet med 91 droner, noe Ukraina selv avviser.<\/p>\n<p>De russiske opplysningene er ikke verifisert av uavhengige kilder, og russiske myndigheter har ikke lagt fram bevis.<\/p>\n<p>Utenriksminister Sergej Lavrov uttalte, if\u00f8lge de statlige nyhetsbyr\u00e5ene Interfax og Tass, at Russland ville \u00abrevurdere sin forhandlingsposisjon\u00bb p\u00e5 grunn av dette og at Russland vil svare p\u00e5 angrepet.<\/p>\n<p>Zelenskyj: L\u00f8gn<\/p>\n<p>Zelenskyj kaller angrepet l\u00f8gn, og mener det er et utspill ment for \u00e5 hindre fremgang i forhandlingene og rettferdiggj\u00f8re angrep mot regjeringsbygninger i Kyiv.<\/p>\n<p>Putins n\u00e6re r\u00e5dgiver, Jurij Usjakov, sier at Trump og hans r\u00e5dgivere ga detaljert informasjon om forhandlingene med Ukraina. Putin fortalte om angrepet mot boligen hans, som skal ha sjokkert den amerikanske presidenten, if\u00f8lge Usjakov.<\/p>\n<p>Putin understreket allikevel at Russland vil fortsette \u00e5 jobbe sammen med USA for \u00e5 f\u00e5 til en fredsavtale. Samtidig skal de, if\u00f8lge Putins r\u00e5dgiver, ha diskutert behovet for at Ukraina tar reelle skritt mot en l\u00f8sning p\u00e5 konflikten.<\/p>\n","protected":false},"excerpt":{"rendered":"\u2013 Trump har avsluttet en positiv samtale med president Putin, sier talsperson Karoline Leavitt i Det hvite hus.&hellip;\n","protected":false},"author":2,"featured_media":125497,"comment_status":"","ping_status":"","sticky":false,"template":"","format":"standard","meta":{"footnotes":""},"categories":[12],"tags":[20,21,24,25,15,22,23,13,30,28,29,14,16,26,27,42,43,44,45],"class_list":{"0":"post-125496","1":"post","2":"type-post","3":"status-publish","4":"format-standard","5":"has-post-thumbnail","7":"category-verden","8":"tag-breaking-news","9":"tag-breakingnews","10":"tag-featured-news","11":"tag-featurednews","12":"tag-headlines","13":"tag-latest-news","14":"tag-latestnews","15":"tag-news","16":"tag-no","17":"tag-norge","18":"tag-norway","19":"tag-nyheter","20":"tag-overskrifter","21":"tag-top-stories","22":"tag-topstories","23":"tag-verden","24":"tag-world","25":"tag-world-news","26":"tag-worldnews"},"share_on_mastodon":{"url":"https:\/\/pubeurope.com\/@no\/115814211511542808","error":""},"_links":{"self":[{"href":"https:\/\/www.europesays.com\/no\/wp-json\/wp\/v2\/posts\/125496","targetHints":{"allow":["GET"]}}],"collection":[{"href":"https:\/\/www.europesays.com\/no\/wp-json\/wp\/v2\/posts"}],"about":[{"href":"https:\/\/www.europesays.com\/no\/wp-json\/wp\/v2\/types\/post"}],"author":[{"embeddable":true,"href":"https:\/\/www.europesays.com\/no\/wp-json\/wp\/v2\/users\/2"}],"replies":[{"embeddable":true,"href":"https:\/\/www.europesays.com\/no\/wp-json\/wp\/v2\/comments?post=125496"}],"version-history":[{"count":0,"href":"https:\/\/www.europesays.com\/no\/wp-json\/wp\/v2\/posts\/125496\/revisions"}],"wp:featuredmedia":[{"embeddable":true,"href":"https:\/\/www.europesays.com\/no\/wp-json\/wp\/v2\/media\/125497"}],"wp:attachment":[{"href":"https:\/\/www.europesays.com\/no\/wp-json\/wp\/v2\/media?parent=125496"}],"wp:term":[{"taxonomy":"category","embeddable":true,"href":"https:\/\/www.europesays.com\/no\/wp-json\/wp\/v2\/categories?post=125496"},{"taxonomy":"post_tag","embeddable":true,"href":"https:\/\/www.europesays.com\/no\/wp-json\/wp\/v2\/tags?post=125496"}],"curies":[{"name":"wp","href":"https:\/\/api.w.org\/{rel}","templated":true}]}}