{"id":125498,"date":"2025-12-31T12:36:13","date_gmt":"2025-12-31T12:36:13","guid":{"rendered":"https:\/\/www.europesays.com\/no\/125498\/"},"modified":"2025-12-31T12:36:13","modified_gmt":"2025-12-31T12:36:13","slug":"sterk-vind-flere-steder-ved-midnatt-vaer-forsiktig-med-fyrverkeriet","status":"publish","type":"post","link":"https:\/\/www.europesays.com\/no\/125498\/","title":{"rendered":"Sterk vind flere steder ved midnatt \u2013 v\u00e6r forsiktig med fyrverkeriet"},"content":{"rendered":"\n<p data-testid=\"textWithMarkup-text\" data-v-81d7dc2b=\"\" data-v-62d58f52=\"\">\u2013 I kveld er det mest vind mellom cirka Mandal og opp til Haugesund. Der er det sterk vind rett inn fra vest, og det vil bl\u00e5se liten til stiv kuling. Det kan man jo ha i bakhodet n\u00e5r man skal skyte opp fyrverkeri, sier statsmeteorolog Charalampos Sarchosidis til NTB. <\/p>\n<p data-testid=\"textWithMarkup-text\" data-v-81d7dc2b=\"\" data-v-62d58f52=\"\">Ogs\u00e5 p\u00e5 Helgeland kan det bli lokalt kraftig vind ved midnattstider, forteller han. <\/p>\n<p data-testid=\"textWithMarkup-text\" data-v-81d7dc2b=\"\" data-v-62d58f52=\"\">\u2013 Men ellers \u2013 p\u00e5 \u00d8stlandet for eksempel \u2013 eller Troms og Finnmark, s\u00e5 er det rolige vindforhold, sier statsmeteorologen.<\/p>\n<p>Sn\u00f8 og regn p\u00e5 vei<\/p>\n<p data-testid=\"textWithMarkup-text\" data-v-81d7dc2b=\"\" data-v-62d58f52=\"\">N\u00e5r det gjelder nedb\u00f8r, starter nytt\u00e5rsaften noks\u00e5 fint de fleste plasser. Men s\u00e5 kommer det nedb\u00f8r inn fra vest utover kvelden.<\/p>\n<p data-testid=\"textWithMarkup-text\" data-v-81d7dc2b=\"\" data-v-62d58f52=\"\">\u2013 Det starter som regn, i hvert fall p\u00e5 Vestlandet, i Vest-Agder, i M\u00f8re- og Romsdal og S\u00f8r-Tr\u00f8ndelag. Men s\u00e5 kommer det sn\u00f8 fra Trondheim og nordover.<\/p>\n<p data-testid=\"textWithMarkup-text\" data-v-81d7dc2b=\"\" data-v-62d58f52=\"\">Omr\u00e5dene rundt Oslofjorden ser ut til \u00e5 slippe unna nedb\u00f8r ved midnatt.<\/p>\n<p data-testid=\"textWithMarkup-text\" data-v-81d7dc2b=\"\" data-v-62d58f52=\"\">\u2013 Det kommer i l\u00f8pet av natten. Men det kommer trolig rett etter midnatt, s\u00e5 det kan se ut som man er litt heldige med timingen der.<\/p>\n<p data-testid=\"textWithMarkup-text\" data-v-81d7dc2b=\"\" data-v-62d58f52=\"\">I Oslo-omr\u00e5det og Akershus kommer nedb\u00f8ren som sludd, men i \u00d8stfold og lenger inn i landet ligger det an til \u00e5 komme sn\u00f8.<\/p>\n<p>Ned mot minus 30<\/p>\n<p data-testid=\"textWithMarkup-text\" data-v-81d7dc2b=\"\" data-v-62d58f52=\"\">I Nord-Norge kommer det ogs\u00e5 noen sn\u00f8byger p\u00e5 kysten. <\/p>\n<p data-testid=\"textWithMarkup-text\" data-v-81d7dc2b=\"\" data-v-62d58f52=\"\"> \u2013 Men stort sett er det snakk om klar himmel i nord. Er man heldig, kan man kanskje b\u00e5de f\u00e5 sett nordlys og fyrverkeri, sier Sarchosidis.<\/p>\n<p data-testid=\"textWithMarkup-text\" data-v-81d7dc2b=\"\" data-v-62d58f52=\"\">Og noen steder i nord b\u00f8r man kle seg godt. <\/p>\n<p data-testid=\"textWithMarkup-text\" data-v-81d7dc2b=\"\" data-v-62d58f52=\"\">\u2013 S\u00e6rlig i indre deler av Troms og Finnmark kan man f\u00e5 ned i minus 30 grader i kveld. <\/p>\n<p data-testid=\"textWithMarkup-text\" data-v-81d7dc2b=\"\" data-v-62d58f52=\"\">N\u00e5r det gjelder t\u00e5ke \u2013 som kan forstyrre sikten til fyrverkeriet \u2013 ser det ut til at kysten g\u00e5r fri. <\/p>\n<p data-testid=\"textWithMarkup-text\" data-v-81d7dc2b=\"\" data-v-62d58f52=\"\">\u2013 Men i fjellomr\u00e5der og lenger inn i landet, mot svenskegrensen eller i dalene p\u00e5 \u00d8stlandet i indre str\u00f8k, kan det v\u00e6re lokalt lave skyer. I Oslo kan det for eksempel tenkes at man kanskje ikke kan se Holmenkollen. <\/p>\n<p data-testid=\"textWithMarkup-text\" data-v-81d7dc2b=\"\" data-v-62d58f52=\"\">\u2013 Men det verste v\u00e6ret kommer nok i Vest-Agder og Rogaland. Er det lave skyer p\u00e5 \u00d8stlandet, s\u00e5 f\u00e5r man bare t\u00e5le det. <\/p>\n","protected":false},"excerpt":{"rendered":"\u2013 I kveld er det mest vind mellom cirka Mandal og opp til Haugesund. Der er det sterk&hellip;\n","protected":false},"author":2,"featured_media":125499,"comment_status":"","ping_status":"","sticky":false,"template":"","format":"standard","meta":{"footnotes":""},"categories":[10],"tags":[20,21,24,25,15,22,23,13,30,28,29,14,16,26,27],"class_list":{"0":"post-125498","1":"post","2":"type-post","3":"status-publish","4":"format-standard","5":"has-post-thumbnail","7":"category-norge","8":"tag-breaking-news","9":"tag-breakingnews","10":"tag-featured-news","11":"tag-featurednews","12":"tag-headlines","13":"tag-latest-news","14":"tag-latestnews","15":"tag-news","16":"tag-no","17":"tag-norge","18":"tag-norway","19":"tag-nyheter","20":"tag-overskrifter","21":"tag-top-stories","22":"tag-topstories"},"share_on_mastodon":{"url":"https:\/\/pubeurope.com\/@no\/115814215345554136","error":""},"_links":{"self":[{"href":"https:\/\/www.europesays.com\/no\/wp-json\/wp\/v2\/posts\/125498","targetHints":{"allow":["GET"]}}],"collection":[{"href":"https:\/\/www.europesays.com\/no\/wp-json\/wp\/v2\/posts"}],"about":[{"href":"https:\/\/www.europesays.com\/no\/wp-json\/wp\/v2\/types\/post"}],"author":[{"embeddable":true,"href":"https:\/\/www.europesays.com\/no\/wp-json\/wp\/v2\/users\/2"}],"replies":[{"embeddable":true,"href":"https:\/\/www.europesays.com\/no\/wp-json\/wp\/v2\/comments?post=125498"}],"version-history":[{"count":0,"href":"https:\/\/www.europesays.com\/no\/wp-json\/wp\/v2\/posts\/125498\/revisions"}],"wp:featuredmedia":[{"embeddable":true,"href":"https:\/\/www.europesays.com\/no\/wp-json\/wp\/v2\/media\/125499"}],"wp:attachment":[{"href":"https:\/\/www.europesays.com\/no\/wp-json\/wp\/v2\/media?parent=125498"}],"wp:term":[{"taxonomy":"category","embeddable":true,"href":"https:\/\/www.europesays.com\/no\/wp-json\/wp\/v2\/categories?post=125498"},{"taxonomy":"post_tag","embeddable":true,"href":"https:\/\/www.europesays.com\/no\/wp-json\/wp\/v2\/tags?post=125498"}],"curies":[{"name":"wp","href":"https:\/\/api.w.org\/{rel}","templated":true}]}}