{"id":125500,"date":"2025-12-31T12:44:09","date_gmt":"2025-12-31T12:44:09","guid":{"rendered":"https:\/\/www.europesays.com\/no\/125500\/"},"modified":"2025-12-31T12:44:09","modified_gmt":"2025-12-31T12:44:09","slug":"moms-ekspert-eivind-bryne-om-bjarne-melgaards-rettssak","status":"publish","type":"post","link":"https:\/\/www.europesays.com\/no\/125500\/","title":{"rendered":"Moms-ekspert Eivind Bryne om Bjarne Melgaards rettssak"},"content":{"rendered":"\n<ul class=\"_list_o9xde_3 _list_64s2r_85 _unordered_o9xde_106 text-sans-m\">\n<li class=\"_item_o9xde_30\">Momsekspert Eivind Bryne hevder Bjarne Melgaards eks-forretningspartnere har innr\u00f8mmet omfattende momsunndragelse i tvistesaken mellom de to.<\/li>\n<li class=\"_item_o9xde_30\">Tingretten kom til at Svein Roar Grande og Stein Lie kj\u00f8pte og eide kunsten, men de har behandlet den som om at Melgaard er eier og de selger p\u00e5 vegne av ham.<\/li>\n<li class=\"_item_o9xde_30\">Dette kan ha gitt gunstige moms- og skattemessige konsekvenser for forretningsmennene.<\/li>\n<\/ul>\n<p>Vis mer <\/p>\n<p class=\"_paragraph_o9xde_4 _paragraph_xtcu6_10 layout-component text-serif-m layout-normal text-serif-m layout-padded\">Andre runde av kampen om eierskapet til store deler av kunsten til <a href=\"https:\/\/www.vg.no\/tag\/bjarne-melgaard?utm_source=vg-article&amp;utm_medium=auto-tagger&amp;utm_campaign=Gxl75x\" class=\"_link_o9xde_39\" rel=\"nofollow noopener\" target=\"_blank\">Bjarne Melgaard<\/a> har i desember g\u00e5tt i Borgarting lagmannsrett. <\/p>\n<p class=\"_paragraph_o9xde_4 _paragraph_xtcu6_10 layout-component text-serif-m layout-normal text-serif-m layout-padded\">I tingretten <a href=\"https:\/\/www.vg.no\/nyheter\/i\/4BrgRa\/bjarne-melgaard-tapte-soeksmaal\" data-track-element-type=\"Link\" data-track-id=\"link:4BrgRa\" class=\"_link_o9xde_39\" rel=\"nofollow noopener\" target=\"_blank\">tapte<\/a> kunstneren p\u00e5 alle punkter mot sine tidligere forretningspartnere, Svein Roar Grande og Stein Lie. <\/p>\n<p class=\"_paragraph_o9xde_4 _paragraph_xtcu6_10 layout-component text-serif-m layout-normal text-serif-m layout-padded\"><strong class=\"_strong_o9xde_25\">Men seieren kan ogs\u00e5 ha f\u00f8rt med seg et problem:<\/strong><\/p>\n<p class=\"_paragraph_o9xde_4 _paragraph_xtcu6_10 layout-component text-serif-m layout-normal text-serif-m layout-padded\">\u2013 Det er noe som heter pyrrhosseierpyrrhosseierEt begrep for hvordan en seier kan komme med en st\u00f8rre kostnad enn seieren er verdt. Stammer fra antikken og kong Pyrrhos, som seiret over romerne i slag, men led s\u00e5 store tap at han likevel tapte i det st\u00f8rre bildet.. Og dette er en seier hvor du har tilkjennegitt at du har unndratt moms for millioner av kroner, sier momsekspert og advokat Eivind Bryne.<\/p>\n<p class=\"_paragraph_o9xde_4 _paragraph_xtcu6_10 layout-component text-serif-m layout-normal text-serif-m layout-padded\">Han har lest tingrettens dom og f\u00e5tt gjengitt partenes argumenter i ankesaken.<\/p>\n<p><img decoding=\"async\" alt=\"Bilde av Eivind Bryne\" class=\"_image_ygndg_42\" height=\"27\" itemprop=\"image\" loading=\"lazy\"  src=\"https:\/\/www.europesays.com\/no\/wp-content\/uploads\/2025\/12\/213eccba-67f6-4b7b-9a1e-a6ecc4d0632b.jpeg\"  width=\"40\"\/><strong class=\"_name_ygndg_51 title-serif-xs\">Eivind Bryne<\/strong><\/p>\n<p class=\"_paragraph_o9xde_4 text-sans-m _description_ygndg_56\">Advokat spesialisert p\u00e5 moms<\/p>\n<p class=\"_paragraph_o9xde_4 _paragraph_xtcu6_10 layout-component text-serif-m layout-normal text-serif-m layout-padded\">Forretningsmennenes advokat, Alex Borch, avviser konklusjonen til Bryne.<\/p>\n<p class=\"_paragraph_o9xde_4 _paragraph_xtcu6_10 layout-component text-serif-m layout-normal text-serif-m layout-padded\">Han sier det \u00abikke er grunnlag for noen p\u00e5stand om at Lie og Grande har tilkjenngitt at de har unndrat moms for millioner\u00bb. <\/p>\n<p class=\"_paragraph_o9xde_4 _paragraph_xtcu6_10 layout-component text-serif-m layout-normal text-serif-m layout-padded\">\u2013 Om lagmannsretten her skulle v\u00e6re enig med tingretten, vil dette p\u00e5 ingen m\u00e5te v\u00e6re noen pyrrhosseier. Tvert imot vil det da v\u00e6re endelig avgjort at Lie og Grande er de rettmessige eierne av [&#8230;] kunsten, uttaler Borch.<\/p>\n<p><img alt=\"Fra venstre: advokat Alex Borch. I midten sitter Knut Lie, s\u00f8nnen til Stein Lie, og til h\u00f8yre advokatfullmektig Silje Fredwall.   Foto: Annemor Larsen \/ VG\" class=\"_image_qp4xg_65 layout-component layout-normal\" data-fullscreen- data-track-element-type=\"Article image fullscreen\" data-track-name=\"ImageFullscreen\" decoding=\"async\" loading=\"lazy\" height=\"4860\" itemprop=\"image\"  src=\"https:\/\/www.europesays.com\/no\/wp-content\/uploads\/2025\/12\/d135d754-97f1-4196-a377-98f26814ee23.png\"  style=\"object-position:0% 0%\" width=\"7286\"\/>Fra venstre: advokat Alex Borch. I midten sitter Knut Lie, s\u00f8nnen til Stein Lie, og til h\u00f8yre advokatfullmektig Silje Fredwall.   Foto: Annemor Larsen \/ VG<\/p>\n<p class=\"_paragraph_o9xde_4 _paragraph_xtcu6_10 layout-component text-serif-m layout-normal text-serif-m layout-padded\">Det formelle eierskapet til Melgaard-kunsten har v\u00e6rt en slags Schr\u00f6dingers kunstskattSchr\u00f6dingers kunstskattSchr\u00f6dingers katt er et tankeeksperiment som setter ord p\u00e5 et av de store paradoksene i kvantefysikken, hvor en partikkel b\u00e5de kan eksistere og ikke eksistere p\u00e5 en gang, en s\u00e5kalt superposisjon. Jussen \u00e5pner &#8211; i motsetning til kvantefysikken &#8211; ikke for at noen kan v\u00e6re eier og ikke eier av noe p\u00e5 samme tid., hvor forretningsmennene p\u00e5 samme tid har v\u00e6rt eier og ikke eier.<\/p>\n<ul class=\"_list_o9xde_3 _list_xtcu6_9 _unordered_o9xde_106 layout-component text-serif-m layout-normal text-serif-m layout-padded\">\n<li class=\"_item_o9xde_30\">Dommen i tingretten sl\u00e5r gang p\u00e5 ganggang p\u00e5 gangTotalt ti ganger dr\u00f8fter dommen sp\u00f8rsm\u00e5let om de ulike avtalene mellom partene er salgsavtaler eller avtaler hvor forretningsmennene skal selge kunsten p\u00e5 vegne av Melgaard &#8211; og kommer til at avtalene sier at verkene selges til Grande og Lie. fast at forretningsmennene i hovedsak hadde kj\u00f8pt kunsten av Melgaard. De var alts\u00e5 eiere av kunsten, og solgte den ikke p\u00e5 vegne av ham.<\/li>\n<li class=\"_item_o9xde_30\">Men i regnskaper, salgspitcher og grensekontroller har det v\u00e6rt motsatt: Melgaard har fortsatt v\u00e6rt behandlet som eier \u2013 og forretningsmennene selger p\u00e5 vegne av ham.<\/li>\n<\/ul>\n<p class=\"_paragraph_o9xde_4 _paragraph_xtcu6_10 layout-component text-serif-m layout-normal text-serif-m layout-padded\">Det har betydning for b\u00e5de skatte- og avgiftsberegninger. <\/p>\n<p class=\"_paragraph_o9xde_4 _paragraph_xtcu6_10 layout-component text-serif-m layout-normal text-serif-m layout-padded\">I Norge f\u00e5r nemlig kunstnere en rekke gunstige fritak fra skatter og avgifter. <\/p>\n<p><img alt=\"Et av de mange omtvistede verkene, en statue fra Melgaards seier med verker som viser figuren skater rat.   Foto: Tore Kristiansen \/ VG\" class=\"_image_qp4xg_65 layout-component layout-normal\" data-fullscreen- data-track-element-type=\"Article image fullscreen\" data-track-name=\"ImageFullscreen\" decoding=\"async\" loading=\"lazy\" height=\"4000\" itemprop=\"image\"  src=\"https:\/\/www.europesays.com\/no\/wp-content\/uploads\/2025\/12\/c36e1768-fce8-4263-8cfc-6af559493053.png\"  style=\"object-position:0% 0%\" width=\"6000\"\/>Et av de mange omtvistede verkene, en statue fra Melgaards seier med verker som viser figuren skater rat.   Foto: Tore Kristiansen \/ VGBjarne Melgaard<\/p>\n<p class=\"_paragraph_o9xde_4 _paragraph_xtcu6_10 _paragraph_16v91_10 layout-component text-serif-m layout-normal text-sans-m layout-padded\">Bjarne Melgaard er en norsk samtidskunstner f\u00f8dt i 1967 i Sydney. <\/p>\n<p class=\"_paragraph_o9xde_4 _paragraph_xtcu6_10 _paragraph_16v91_10 layout-component text-serif-m layout-normal text-sans-m layout-padded\">Utdannet ved Statens Kunstakademi, Jan ven Eyck-akademiet i Maastricht og Rijksakademie i Amsterdam.<\/p>\n<p class=\"_paragraph_o9xde_4 _paragraph_xtcu6_10 _paragraph_16v91_10 layout-component text-serif-m layout-normal text-sans-m layout-padded\">Slo igjennom som kunstner p\u00e5 slutten av nittitallet. Regnes i dag som en av Norges aller viktigste samtidskunstnere.<\/p>\n<p class=\"_paragraph_o9xde_4 _paragraph_xtcu6_10 _paragraph_16v91_10 layout-component text-serif-m layout-normal text-sans-m layout-padded\">Melgaards kunst har skapt en rekke kontroverser, delvis fordi den tar for seg seksuelle subkulturer.<\/p>\n<p>Vis mer<\/p>\n<p class=\"_paragraph_o9xde_4 _paragraph_xtcu6_10 layout-component text-serif-m layout-normal text-serif-m layout-padded\">Advokaten til Lie og Grandes advokat har gjennom tre uker i retten st\u00e5tt fast p\u00e5 at kunsten i hovedsak er kj\u00f8pt og eid av forretningsmennene. <\/p>\n<p class=\"_paragraph_o9xde_4 _paragraph_xtcu6_10 layout-component text-serif-m layout-normal text-serif-m layout-padded\">Det er ikke er snakk om kunst eid av Melgaard \u2013 som forretningsmennene s\u00e5 har solgt p\u00e5 vegne av Melgaard, if\u00f8lge Borch.<\/p>\n<p class=\"_paragraph_o9xde_4 _paragraph_xtcu6_10 layout-component text-serif-m layout-normal text-serif-m layout-padded\">\u2013 Skaper ikke det et potensielt problem for dine klienter overfor myndighetene?<\/p>\n<p class=\"_paragraph_o9xde_4 _paragraph_xtcu6_10 layout-component text-serif-m layout-normal text-serif-m layout-padded\">\u2013 Det har jeg ingen kommentar til.<\/p>\n<p class=\"_paragraph_o9xde_4 _paragraph_xtcu6_10 layout-component text-serif-m layout-normal text-serif-m layout-padded\">Forretningsmennenes linje i retten er den motsatte av den Lie la seg p\u00e5 <a href=\"https:\/\/www.vg.no\/rampelys\/i\/y62O1K\/bjarne-melgaards-eks-forretningspartnere-betalte-ikke-moms-paa-kunstsalg\" data-track-element-type=\"Link\" data-track-id=\"link:y62O1K\" class=\"_link_o9xde_39\" rel=\"nofollow noopener\" target=\"_blank\">overfor VG i 2023<\/a>: <\/p>\n<p class=\"_paragraph_o9xde_4 _paragraph_xtcu6_10 layout-component text-serif-m layout-normal text-serif-m layout-padded\">Da sa Lie at forst\u00e5elsen mellom forretningsmennene og Melgaard alltid hadde v\u00e6rt at de drev formiddlingsalg, p\u00e5 vegne av Melgaard. <\/p>\n<p class=\"_paragraph_o9xde_4 _paragraph_xtcu6_10 layout-component text-serif-m layout-normal text-serif-m layout-padded\">\u2013 Det kan ikke jeg uttale meg om, svarer advokat Borch.<\/p>\n<p>Sp\u00f8rsm\u00e5l og svarHva handler konflikten om?<\/p>\n<p class=\"_paragraph_o9xde_4 _paragraph_xtcu6_10 _paragraph_16v91_10 layout-component text-serif-m layout-normal text-sans-m layout-padded\" itemprop=\"text\">Konflikten handler om\u00a0<a href=\"https:\/\/www.vg.no\/spesial\/2023\/melgaard\/\" class=\"_link_o9xde_39\" rel=\"nofollow noopener\" target=\"_blank\">en avtale<\/a>\u00a0som Bjarne Melgaard inngikk med sine tidligere forretningspartnere, Stein Lie og Svein Roar Grande, i 2020.<\/p>\n<p class=\"_paragraph_o9xde_4 _paragraph_xtcu6_10 _paragraph_16v91_10 layout-component text-serif-m layout-normal text-sans-m layout-padded\" itemprop=\"text\">Gjennom denne avtalen ga Melgaard fra seg eierskapet til store deler av sitt kunstnerskap, inkludert hundrevis av statuer, malerier og tegninger, samt tusenvis av trykk.<\/p>\n<p class=\"_paragraph_o9xde_4 _paragraph_xtcu6_10 _paragraph_16v91_10 layout-component text-serif-m layout-normal text-sans-m layout-padded\" itemprop=\"text\">Melgaard mener han ble utnyttet og villedet, samtidig som han i lange perioder var avhengig av tunge rusmidler. Han mener han ble lurt til \u00e5 tro at han skyldte dem store summer og \u00f8nsker avtalen kjent ugyldig. <\/p>\n<p class=\"_paragraph_o9xde_4 _paragraph_xtcu6_10 _paragraph_16v91_10 layout-component text-serif-m layout-normal text-sans-m layout-padded\" itemprop=\"text\">Lie og Grande hevder derimot at de har investert over 100 millioner kroner i Melgaard og at han virkelig skyldte dem penger.<\/p>\n<p class=\"_paragraph_o9xde_4 _paragraph_xtcu6_10 _paragraph_16v91_10 layout-component text-serif-m layout-normal text-sans-m layout-padded\" itemprop=\"text\">De mener Melgaard har en historikk med \u00e5 bryte avtaler og at han n\u00e5 fors\u00f8ker \u00e5 presse dem for penger. De ser p\u00e5 hans anklager som en del av et m\u00f8nster der han vender seg mot tidligere st\u00f8ttespillere n\u00e5r pengene er brukt opp.<\/p>\n<p>Hva var resultatet f\u00f8rste runde i retten?<\/p>\n<p class=\"_paragraph_o9xde_4 _paragraph_xtcu6_10 _paragraph_16v91_10 layout-component text-serif-m layout-normal text-sans-m layout-padded\" itemprop=\"text\">Bjarne Melgaard\u00a0<a href=\"https:\/\/www.vg.no\/nyheter\/i\/4BrgRa\/bjarne-melgaard-tapte-soeksmaal\" data-track-element-type=\"Link\" data-track-id=\"link:4BrgRa\" class=\"_link_o9xde_39\" rel=\"nofollow noopener\" target=\"_blank\">tapte<\/a>\u00a0rettssaken mot Stein Lie og Svein Roar Grande p\u00e5 alle punkter. Oslo tingrett konkluderte med at avtalen mellom partene var gyldig og ikke urimelig.<\/p>\n<p class=\"_paragraph_o9xde_4 _paragraph_xtcu6_10 _paragraph_16v91_10 layout-component text-serif-m layout-normal text-sans-m layout-padded\" itemprop=\"text\">Melgaard ble d\u00f8mt til \u00e5 betale Lie over 10 millioner kroner og Grande over 2,3 millioner kroner for mislighold av avtale, husleie, skader p\u00e5 bolig, oppbevaring av kunst og saksomkostninger.<\/p>\n<p>Hva var tingrettens vurdering?<\/p>\n<p class=\"_paragraph_o9xde_4 _paragraph_xtcu6_10 _paragraph_16v91_10 layout-component text-serif-m layout-normal text-sans-m layout-padded\" itemprop=\"text\">Domstolen mente at det ikke var sannsynliggjort at Melgaards rusmisbruk p\u00e5virket hans inng\u00e5else av avtalen. Retten p\u00e5pekte at Melgaard hadde advokater og andre hjelpere rundt seg da avtalen ble inng\u00e5tt, mens Lie og Grande ikke hadde profesjonell hjelp.<\/p>\n<p class=\"_paragraph_o9xde_4 _paragraph_xtcu6_10 _paragraph_16v91_10 layout-component text-serif-m layout-normal text-sans-m layout-padded\" itemprop=\"text\">Dommeren konkluderte med at avtalen \u00absamlet sett [ &#8230;] \u00f8konomisk gunstig avtale for Melgaard\u00bb.<\/p>\n<p>Hva er verdien av kunsten de kjemper om?<\/p>\n<p class=\"_paragraph_o9xde_4 _paragraph_xtcu6_10 _paragraph_16v91_10 layout-component text-serif-m layout-normal text-sans-m layout-padded\" itemprop=\"text\">Melgaards side har ansl\u00e5tt at kunsten kan v\u00e6re verdt mellom 200 og 300 millioner kroner.<\/p>\n<p class=\"_paragraph_o9xde_4 _paragraph_xtcu6_10 _paragraph_16v91_10 layout-component text-serif-m layout-normal text-sans-m layout-padded\" itemprop=\"text\">Lie og Grande mener imidlertid at verdien er mye lavere. Dette er en viktig del av konflikten, da det p\u00e5virker regnestykket for hvem som skylder hvem penger.<\/p>\n<p class=\"_paragraph_o9xde_4 _paragraph_xtcu6_10 _paragraph_16v91_10 layout-component text-serif-m layout-normal text-sans-m layout-padded\" itemprop=\"text\">Eksperter frykter at markedet for Melgaards kunst kan kollapse. Dette skyldes blant annet at det n\u00e5 produseres nye Melgaard-verk uten at kunstneren selv er involvert, noe som kan skape tvil om verkene er ekte. I tillegg er det s\u00e5 mange Melgaard-verk p\u00e5 markedet at prisene faller.<\/p>\n<p> Kan unng\u00e5 moms<\/p>\n<p class=\"_paragraph_o9xde_4 _paragraph_xtcu6_10 layout-component text-serif-m layout-normal text-serif-m layout-padded\">Det er ikke moms p\u00e5 kunst dersom det er kunstneren som selger den selv, eller dersom noen selger den p\u00e5 vegne av kunstneren. <\/p>\n<p class=\"_paragraph_o9xde_4 _paragraph_xtcu6_10 layout-component text-serif-m layout-normal text-serif-m layout-padded\"><strong class=\"_strong_o9xde_25\">For annenh\u00e5ndssalgannenh\u00e5ndssalgEn forutsetning for at noe regnes som momspliktig annenh\u00e5ndssalg er at selgeren gj\u00f8r forretninger med kunst, og ikke bare er en privatperson som selger et verk han eller hun har hengende hjemme. er det derimot moms p\u00e5 fortjenesten \u2013 25 prosent.<\/strong><\/p>\n<ul class=\"_list_o9xde_3 _list_xtcu6_9 _unordered_o9xde_106 layout-component text-serif-m layout-normal text-serif-m layout-padded\">\n<li class=\"_item_o9xde_30\">Dommen fra tingretten sl\u00e5r fast at forretningsmennene var eiere av kunsten.<\/li>\n<li class=\"_item_o9xde_30\">Likevel har de behandlet kunsten som om Melgaard var den juridiske eieren n\u00e5r de har solgt den videre.<\/li>\n<\/ul>\n<p class=\"_paragraph_o9xde_4 _paragraph_xtcu6_10 layout-component text-serif-m layout-normal text-serif-m layout-padded\">Dette har Lie og Grande tidligere bekreftet overfor VG. Det g\u00e5r ogs\u00e5 frem av fakturaer som ble lagt frem i f\u00f8rste uke av rettssaken:<\/p>\n<p class=\"_paragraph_o9xde_4 _paragraph_xtcu6_10 layout-component text-serif-m layout-normal text-serif-m layout-padded\">\u00abSolgt p\u00e5 vegne av kunstneren\u00bb, st\u00e5r det p\u00e5 en av fakturaene. P\u00e5 momsfeltet st\u00e5r det 0 prosent.<\/p>\n<p> Kan unng\u00e5 skatt<\/p>\n<p class=\"_paragraph_o9xde_4 _paragraph_xtcu6_10 layout-component text-serif-m layout-normal text-serif-m layout-padded\">Kunsten er \u2013 med noen f\u00e5 unntak \u2013 ikke f\u00f8rt opp som eiendeler i regnskapene til selskaper kontrollert av de to forretningsmennene.<\/p>\n<p class=\"_paragraph_o9xde_4 _paragraph_xtcu6_10 layout-component text-serif-m layout-normal text-serif-m layout-padded\">I stedet er den f\u00f8rt opp som fordringer: Summene forretningsmennene betalte Melgaard og har utest\u00e5ende frem til de f\u00e5r levert kunsten i retur.<\/p>\n<p class=\"_paragraph_o9xde_4 _paragraph_xtcu6_10 layout-component text-serif-m layout-normal text-serif-m layout-padded\">Kunsten er heller ikke f\u00f8rt som formue i ligningene til forretningsmennene, if\u00f8lge papirer deres advokat har sendt til domstolen. <\/p>\n<p class=\"_paragraph_o9xde_4 _paragraph_xtcu6_10 layout-component text-serif-m layout-normal text-serif-m layout-padded\">Kunst som ikke er en del av en privat samlingprivat samlingTommelfingerregelen er at kunst som &laquo;henger p\u00e5 veggen&raquo; ikke er skattepliktig, mens kunst p\u00e5 lagre eller i containere, er skattepliktig. , er ogs\u00e5 skattepliktig formueskattepliktig formueLigger kunsten i et selskap, vil det kunne ha betydning for verdsettelsen av aksjene, som igjen har betydning for beregning av eiernes formue. . <\/p>\n<p><img alt=\"KUNSTLAGER: Dette anonyme lageret huser en formue i Melgaard-kunst.  Foto: Tore Kristiansen \/ VG\" class=\"_image_qp4xg_65 layout-component layout-normal\" data-fullscreen- data-track-element-type=\"Article image fullscreen\" data-track-name=\"ImageFullscreen\" decoding=\"async\" loading=\"lazy\" height=\"4000\" itemprop=\"image\"  src=\"https:\/\/www.europesays.com\/no\/wp-content\/uploads\/2025\/12\/0c25ffec-326b-44a8-b140-08a778b9c6a6.png\"  style=\"object-position:33.09166666666667% 53.37499999999999%\" width=\"6000\"\/>KUNSTLAGER: Dette anonyme lageret huser en formue i Melgaard-kunst.  Foto: Tore Kristiansen \/ VG<\/p>\n<p class=\"_paragraph_o9xde_4 _paragraph_xtcu6_10 layout-component text-serif-m layout-normal text-serif-m layout-padded\">I retten kom advokaten til Lie og Grand med en analogi for \u00e5 forklare hvorfor de mener kunsten er kj\u00f8pt \u2013 og at hva som er rapportert til skattemyndighetene ikke har noe \u00e5 si. <\/p>\n<p class=\"_paragraph_o9xde_4 _paragraph_xtcu6_10 layout-component text-serif-m layout-normal text-serif-m layout-padded\">Han ba retten se for seg f\u00f8lgende tenkte eksempel: Noen kj\u00f8per en bil, men forteller skattemyndighetene at bilen er leaset. <\/p>\n<p class=\"_paragraph_o9xde_4 _paragraph_xtcu6_10 layout-component text-serif-m layout-normal text-serif-m layout-padded\">Han mente det ikke kan gi grunn for \u00e5 hevde at bilen ikke er kj\u00f8pt. <\/p>\n<p class=\"_paragraph_o9xde_4 _paragraph_xtcu6_10 layout-component text-serif-m layout-normal text-serif-m layout-padded\"><strong class=\"_strong_o9xde_25\">\u2013 Hva jeg har sagt til andre f\u00e5r v\u00e6re min sak, mellom oss er det et kj\u00f8p, sa advokat Borch.<\/strong><\/p>\n<p class=\"_paragraph_o9xde_4 _paragraph_xtcu6_10 layout-component text-serif-m layout-normal text-serif-m layout-padded\">\u2013 Det kan v\u00e6re riktig for tvisten retten skal ta stilling til. Men \u00e5 gi gale opplysninger til skattemyndighetene kan v\u00e6re straffbart?<\/p>\n<p class=\"_paragraph_o9xde_4 _paragraph_xtcu6_10 layout-component text-serif-m layout-normal text-serif-m layout-padded\">\u2013 Det f\u00e5r v\u00e6re din utledning. Jeg sier ikke at noen har gjort noe galt her.<\/p>\n<p> Kan unng\u00e5 avgift<\/p>\n<p class=\"_paragraph_o9xde_4 _paragraph_xtcu6_10 layout-component text-serif-m layout-normal text-serif-m layout-padded\">Hvis de to forretningsmennene kj\u00f8pte kunsten og var eiere \u2013 som tingrettsdommen sl\u00e5r fast \u2013 skulle det ogs\u00e5 v\u00e6rt betalt f\u00f8lgevederlag n\u00e5r de solgte den videre.<\/p>\n<p class=\"_paragraph_o9xde_4 _paragraph_xtcu6_10 layout-component text-serif-m layout-normal text-serif-m layout-padded\">Dette er en avgift som betales hver gang et kunstverk av en viss verdi videreselges. <\/p>\n<p class=\"_paragraph_o9xde_4 _paragraph_xtcu6_10 layout-component text-serif-m layout-normal text-serif-m layout-padded\">Den sikrer kunstneren en andel av fremtidig pris\u00f8kning p\u00e5 sine kunstverk. <\/p>\n<p class=\"_paragraph_o9xde_4 _paragraph_xtcu6_10 layout-component text-serif-m layout-normal text-serif-m layout-padded\">Det er litt som hvordan sm\u00e5 fotballklubber sikrer at de skal ha en liten andel om et talent hos dem en gang i fremtiden selges fra en storklubb til en annen. <\/p>\n<p class=\"_paragraph_o9xde_4 _paragraph_xtcu6_10 layout-component text-serif-m layout-normal text-serif-m layout-padded\">Organisasjonen Bono krever inn denne avgiften. <\/p>\n<p><img alt=\"Melgaards har laget kunst med utgangspunkt i konflikten. Dette verket heter \u00abTr\u00f8ndern\u00bb, en lite subtil referanse til ex-forretningspartner Svein Roar Grande, som er tr\u00f8nder.\" class=\"_image_qp4xg_65 layout-component layout-normal\" data-fullscreen- data-track-element-type=\"Article image fullscreen\" data-track-name=\"ImageFullscreen\" decoding=\"async\" loading=\"lazy\" height=\"768\" itemprop=\"image\"  src=\"https:\/\/www.europesays.com\/no\/wp-content\/uploads\/2025\/12\/a6ea609f-27bf-48f3-ac8c-d74252baaa07.png\"  style=\"object-position:0% 0%\" width=\"536\"\/>Melgaards har laget kunst med utgangspunkt i konflikten. Dette verket heter \u00abTr\u00f8ndern\u00bb, en lite subtil referanse til ex-forretningspartner Svein Roar Grande, som er tr\u00f8nder.<\/p>\n<p class=\"_paragraph_o9xde_4 _paragraph_xtcu6_10 layout-component text-serif-m layout-normal text-serif-m layout-padded\">I retten torsdag 11. desember vitnet Bonos leder, Harald Holter. <\/p>\n<p class=\"_paragraph_o9xde_4 _paragraph_xtcu6_10 layout-component text-serif-m layout-normal text-serif-m layout-padded\"><strong class=\"_strong_o9xde_25\">Han fortalte at Lie og Grande ikke har betalt noen f\u00f8lgeavgift. <\/strong><\/p>\n<p class=\"_paragraph_o9xde_4 _paragraph_xtcu6_10 layout-component text-serif-m layout-normal text-serif-m layout-padded\">Det skulle de ha gjort om det er snakk om kj\u00f8p og videresalg.<\/p>\n<p class=\"_paragraph_o9xde_4 _paragraph_xtcu6_10 layout-component text-serif-m layout-normal text-serif-m layout-padded\">\u2013 Konsekvensen er at Bjarne Melgaard ikke f\u00e5r de vederlagene han skulle hatt, sa Holter.<\/p>\n<p><img decoding=\"async\" alt=\"Bilde av Harald Holter\" class=\"_image_ygndg_42\" height=\"53\" itemprop=\"image\" loading=\"lazy\"  src=\"https:\/\/www.europesays.com\/no\/wp-content\/uploads\/2025\/12\/96eb907e-8341-45c3-9689-434fd406af1b.jpeg\"  width=\"40\"\/><strong class=\"_name_ygndg_51 title-serif-xs\">Harald Holter<\/strong><\/p>\n<p class=\"_paragraph_o9xde_4 text-sans-m _description_ygndg_56\">Daglig leder i Bono.<\/p>\n<p class=\"_paragraph_o9xde_4 _paragraph_xtcu6_10 layout-component text-serif-m layout-normal text-serif-m layout-padded\">Bono hyret i sommer inn advokat for \u00e5 forf\u00f8lge saken, forklarte Holter. <\/p>\n<p class=\"_paragraph_o9xde_4 _paragraph_xtcu6_10 layout-component text-serif-m layout-normal text-serif-m layout-padded\">Men Bono har forel\u00f8pig kun f\u00e5tt kontakt med Lie, og ikke f\u00e5tt opplysningene de ber om, forklarte han. <\/p>\n<p class=\"_paragraph_o9xde_4 _paragraph_xtcu6_10 layout-component text-serif-m layout-normal text-serif-m layout-padded\">\u2013 Saken vedr\u00f8rende Bono er jeg ikke involvert i, s\u00e5 den har jeg ingen kommentarer til. Jeg antar at Bono vil f\u00f8lge opp dette slik de mener er riktig, svarer Lie og Grandes advokat. <\/p>\n<p> S\u00e5r tvil om kunstsalget var n\u00e6ringsdrift<\/p>\n<p class=\"_paragraph_o9xde_4 _paragraph_xtcu6_10 layout-component text-serif-m layout-normal text-serif-m layout-padded\">Om det er unndratt moms og skatt er ikke det dommerne i lagmannsretten skal ta stilling til. <\/p>\n<p class=\"_paragraph_o9xde_4 _paragraph_xtcu6_10 layout-component text-serif-m layout-normal text-serif-m layout-padded\">De skal avgj\u00f8re om avtalen Melgaard og forretningsmennene inngikk var urimelig eller ikke. <\/p>\n<p class=\"_paragraph_o9xde_4 _paragraph_xtcu6_10 layout-component text-serif-m layout-normal text-serif-m layout-padded\">Advokaten til Lie og Grande tok likevel opp sp\u00f8rsm\u00e5let om moms i sin sluttprosedyre. <\/p>\n<p class=\"_paragraph_o9xde_4 _paragraph_xtcu6_10 layout-component text-serif-m layout-normal text-serif-m layout-padded\">Advokaten trakk frem den tidligere milliard\u00e6ren Petter Olsen, som <a href=\"https:\/\/www.dn.no\/marked\/konkurs\/wikborg-rein\/petter-olsen\/petter-olsen-har-brukt-175-milliarder-kroner-pa-ramme-gard-i-ferd-med-a-bli-solgt-for-100-millioner-kroner\/2-1-1721306\" class=\"_link_o9xde_39\" rel=\"nofollow noopener\" target=\"_blank\">ruinerte seg selv<\/a> ved \u00e5 bruke 1,75 milliarder kroner p\u00e5 \u00e5 bygge dr\u00f8mmen sin: kunsthotellet og parkanlegget Ramme G\u00e5rd. <\/p>\n<p><img alt=\"Petter Olsen p\u00e5 Ramme g\u00e5rd i 2023. \u00c5ret etter ble han sl\u00e5tt personlig konkurs.   Foto: Fredrik Solstad \/ VG\" class=\"_image_qp4xg_65 layout-component layout-normal\" data-fullscreen- data-track-element-type=\"Article image fullscreen\" data-track-name=\"ImageFullscreen\" decoding=\"async\" loading=\"lazy\" height=\"4000\" itemprop=\"image\"  src=\"https:\/\/www.europesays.com\/no\/wp-content\/uploads\/2025\/12\/f338bfba-e924-4cf5-838c-d5144e78b728.jpeg\"  style=\"object-position:0% 0%\" width=\"6000\"\/>Petter Olsen p\u00e5 Ramme g\u00e5rd i 2023. \u00c5ret etter ble han sl\u00e5tt personlig konkurs.   Foto: Fredrik Solstad \/ VG<\/p>\n<p class=\"_paragraph_o9xde_4 _paragraph_xtcu6_10 layout-component text-serif-m layout-normal text-serif-m layout-padded\">Olsen fors\u00f8kte \u00e5 f\u00e5 momsfradrag for penger han hadde tapt. <\/p>\n<p class=\"_paragraph_o9xde_4 _paragraph_xtcu6_10 layout-component text-serif-m layout-normal text-serif-m layout-padded\">Men H\u00f8yesterett kom til at fordi prosjektet var d\u00f8mt til \u00e5 g\u00e5 med underskudd, kvalifiserte det ikke som n\u00e6ringsdriftkvalifiserte det ikke som n\u00e6ringsdriftFor \u00e5 kunne regne som n\u00e6ringsdrivende, som er n\u00f8dvendig for \u00e5 v\u00e6re momspliktig, er det et krav at det du driver med &laquo;er egnet til \u00e5 g\u00e5 med overskudd&raquo;.<br \/>\nKilde: Skatteetaten, Merverdiavgiftsh\u00e5ndboken \u2013 og var dermed ikke omfattet av momsordningen. <\/p>\n<p class=\"_paragraph_o9xde_4 _paragraph_xtcu6_10 layout-component text-serif-m layout-normal text-serif-m layout-padded\"><strong class=\"_strong_o9xde_25\">Lie og Grandes advokat argumenterte for at forretningsmennene salgsvirksomhet av Melgaard-kunst kanskje heller ikke var momspliktig. <\/strong><\/p>\n<p class=\"_paragraph_o9xde_4 _paragraph_xtcu6_10 layout-component text-serif-m layout-normal text-serif-m layout-padded\">Han visste blant annet til hvordan galleriet deres \u00e5r etter \u00e5r hadde tapt penger. <\/p>\n<p class=\"_paragraph_o9xde_4 _paragraph_xtcu6_10 layout-component text-serif-m layout-normal text-serif-m layout-padded\">\u2013 Den m\u00e5 de lenger ut p\u00e5 landet med. Ligger ikke UllersmoUllersmoUllersmo er et fengsel p\u00e5 Romerike. p\u00e5 landet? Det faller p\u00e5 sin egen urimelighet, svarer momsekspert Bryne. <\/p>\n<p class=\"_paragraph_o9xde_4 _paragraph_xtcu6_10 layout-component text-serif-m layout-normal text-serif-m layout-padded\">Han mener Olsens lidenskapsprosjekt og det \u00e5 selge Bjarne Melgaard-kunst ikke kan sammenlignes overhodet. <\/p>\n<p class=\"_paragraph_o9xde_4 _paragraph_xtcu6_10 layout-component text-serif-m layout-normal text-serif-m layout-padded\">\u2013 Om de s\u00e5 har sl\u00f8st bort muligheten, s\u00e5 er det ingen tvil om at det \u00e5 selge Melgaard-kunst hadde muligheten til \u00e5 v\u00e6re et overskuddsprosjekt. Dermed var det n\u00e6ringsdrift og momspliktig, sier Bryne. <\/p>\n","protected":false},"excerpt":{"rendered":"Momsekspert Eivind Bryne hevder Bjarne Melgaards eks-forretningspartnere har innr\u00f8mmet omfattende momsunndragelse i tvistesaken mellom de to. Tingretten kom&hellip;\n","protected":false},"author":2,"featured_media":125501,"comment_status":"","ping_status":"","sticky":false,"template":"","format":"standard","meta":{"footnotes":""},"categories":[10],"tags":[3934,20,21,24,25,15,22,23,13,30,28,29,14,16,26,27],"class_list":{"0":"post-125500","1":"post","2":"type-post","3":"status-publish","4":"format-standard","5":"has-post-thumbnail","7":"category-norge","8":"tag-bjarne-melgaard","9":"tag-breaking-news","10":"tag-breakingnews","11":"tag-featured-news","12":"tag-featurednews","13":"tag-headlines","14":"tag-latest-news","15":"tag-latestnews","16":"tag-news","17":"tag-no","18":"tag-norge","19":"tag-norway","20":"tag-nyheter","21":"tag-overskrifter","22":"tag-top-stories","23":"tag-topstories"},"share_on_mastodon":{"url":"https:\/\/pubeurope.com\/@no\/115814246884246401","error":""},"_links":{"self":[{"href":"https:\/\/www.europesays.com\/no\/wp-json\/wp\/v2\/posts\/125500","targetHints":{"allow":["GET"]}}],"collection":[{"href":"https:\/\/www.europesays.com\/no\/wp-json\/wp\/v2\/posts"}],"about":[{"href":"https:\/\/www.europesays.com\/no\/wp-json\/wp\/v2\/types\/post"}],"author":[{"embeddable":true,"href":"https:\/\/www.europesays.com\/no\/wp-json\/wp\/v2\/users\/2"}],"replies":[{"embeddable":true,"href":"https:\/\/www.europesays.com\/no\/wp-json\/wp\/v2\/comments?post=125500"}],"version-history":[{"count":0,"href":"https:\/\/www.europesays.com\/no\/wp-json\/wp\/v2\/posts\/125500\/revisions"}],"wp:featuredmedia":[{"embeddable":true,"href":"https:\/\/www.europesays.com\/no\/wp-json\/wp\/v2\/media\/125501"}],"wp:attachment":[{"href":"https:\/\/www.europesays.com\/no\/wp-json\/wp\/v2\/media?parent=125500"}],"wp:term":[{"taxonomy":"category","embeddable":true,"href":"https:\/\/www.europesays.com\/no\/wp-json\/wp\/v2\/categories?post=125500"},{"taxonomy":"post_tag","embeddable":true,"href":"https:\/\/www.europesays.com\/no\/wp-json\/wp\/v2\/tags?post=125500"}],"curies":[{"name":"wp","href":"https:\/\/api.w.org\/{rel}","templated":true}]}}