{"id":125504,"date":"2025-12-31T12:51:14","date_gmt":"2025-12-31T12:51:14","guid":{"rendered":"https:\/\/www.europesays.com\/no\/125504\/"},"modified":"2025-12-31T12:51:14","modified_gmt":"2025-12-31T12:51:14","slug":"dette-er-reglene-for-fyrverkeri-pa-nyttarsaften-gudbrandsdolen-dagningen","status":"publish","type":"post","link":"https:\/\/www.europesays.com\/no\/125504\/","title":{"rendered":"Dette er reglene for fyrverkeri p\u00e5 nytt\u00e5rsaften &#8211; Gudbrandsd\u00f8len Dagningen"},"content":{"rendered":"<ol>\n<li><a href=\"https:\/\/news.google.com\/rss\/articles\/CBMihwFBVV95cUxNb0JISkZoR1l6cDVuV0hzYWh2NnRJSXMxd2RRZ3BRc094OFp3UXZpR0V6NU1ZMzg4T1FLWW5KdFpuR185djR5RE02c2ZaX25xcVNiYVBhY2lmSGs4UWZiR0tSeDRReVRLTzFmdVlQNHF2MzRkVmlTdG12VTctYWJzOXE5TUNSTUU?oc=5\" target=\"_blank\" rel=\"nofollow noopener\">Dette er reglene for fyrverkeri p\u00e5 nytt\u00e5rsaften<\/a>&nbsp;&nbsp;Gudbrandsd\u00f8len Dagningen<\/li>\n<li><a href=\"https:\/\/news.google.com\/rss\/articles\/CBMirgFBVV95cUxPM0VPcTUycmVBQUhOUFpSaVNNcjRBd0txWEZMSXJTREJWdnRJMlBiOUpPYTNpSVpvYm5pejQ0bE9sRXZGQldEUVBGeHdtenpGY3lEWE0xeU02WUlPeGlVLVN3YmtUNHZvZThZQ09rQUZiaVc2U1MzUmhuOXpHeDFHMDJYdEJEbVBVLUVfdFRONlRHQmFtbkZTQ2h0QnlvLVMzVTJnOWdpVkVVMHg2a3c?oc=5\" target=\"_blank\" rel=\"nofollow noopener\">Forsikringsselskap vil forby privat oppskyting av fyrverkeri<\/a>&nbsp;&nbsp;NRK<\/li>\n<li><a href=\"https:\/\/news.google.com\/rss\/articles\/CBMiqgFBVV95cUxPemRXdU9aT0FPOFZ6QVpjbVdBZjFGTldNa0ZUaFJuTVNzdTVIVVBzS1BydkE5c3gyNTNMZzVLLXh3ZUdmczZCdjV0VVEtQlNsc3hMSXhiM2pDU3RIUUQwdzlnV3JNdjJucEF4X3NaWmRyLW93NmhWQTdRaXdLUmlTNi1fbE16M0IxUENfQUl4U2o1Rlk3X2FOUG52amlnQ3BvcmZselBlejY3dw?oc=5\" target=\"_blank\" rel=\"nofollow noopener\">Hundetrener: Unng\u00e5 nytt\u00e5rsmareritt for hunden<\/a>&nbsp;&nbsp;VG<\/li>\n<li><a href=\"https:\/\/news.google.com\/rss\/articles\/CBMikwFBVV95cUxOYlFTTERfUXNUV1hUTGg4SklGNmh6TXN6clp4anUxZ3pKVDNvNHctVmNZcmpWNVcwQWdIRWl1Sm9IVERQU3VyUEpnOUJ2b2JNVFZmellvNXJmRTMzTmZWTHVkeFYyVGdEcHQyaVZsNy1YZnQ0a1Bidmh1cW84UFdBSGxCSzlHdnlkbXREd1lHTm92bGM?oc=5\" target=\"_blank\" rel=\"nofollow noopener\">B\u00e5rd vil fyrverkeriene til livs: \u2013 Det der m\u00e5 vi slutte med!<\/a>&nbsp;&nbsp;T\u00f8nsbergs Blad<\/li>\n<li><a href=\"https:\/\/news.google.com\/rss\/articles\/CBMinwFBVV95cUxQUldXeVQ0Q2h2eEdvaC16THlWRExLRnhmTkJFdGV3QzAyd1E0MVlFYUplVkNkbE80TkdqbDV6dU9BejMwSDBtNTVqakNPNXdUdEQxaFdsVHQ4SlA1RmVpWGYxTWlqUGVYdWQtc0VJYU5qRTVkSDZSd0kxWXhnRENjaW1Ma0J3Um5rR2QxaDUxMUFybWFFejR6SkZFb1RpLVk?oc=5\" target=\"_blank\" rel=\"nofollow noopener\">R\u00e5dene til deg som skal tenne fyrverkeri: \u2013 Tenk p\u00e5 hva som kan skje<\/a>&nbsp;&nbsp;Drammens Tidende<\/li>\n<\/ol>\n","protected":false},"excerpt":{"rendered":"Dette er reglene for fyrverkeri p\u00e5 nytt\u00e5rsaften&nbsp;&nbsp;Gudbrandsd\u00f8len Dagningen Forsikringsselskap vil forby privat oppskyting av fyrverkeri&nbsp;&nbsp;NRK Hundetrener: Unng\u00e5 nytt\u00e5rsmareritt&hellip;\n","protected":false},"author":2,"featured_media":125505,"comment_status":"","ping_status":"","sticky":false,"template":"","format":"standard","meta":{"footnotes":""},"categories":[10],"tags":[20,21,24,25,15,22,23,13,30,28,29,14,16,26,27],"class_list":{"0":"post-125504","1":"post","2":"type-post","3":"status-publish","4":"format-standard","5":"has-post-thumbnail","7":"category-norge","8":"tag-breaking-news","9":"tag-breakingnews","10":"tag-featured-news","11":"tag-featurednews","12":"tag-headlines","13":"tag-latest-news","14":"tag-latestnews","15":"tag-news","16":"tag-no","17":"tag-norge","18":"tag-norway","19":"tag-nyheter","20":"tag-overskrifter","21":"tag-top-stories","22":"tag-topstories"},"share_on_mastodon":{"url":"https:\/\/pubeurope.com\/@no\/115814274338851006","error":""},"_links":{"self":[{"href":"https:\/\/www.europesays.com\/no\/wp-json\/wp\/v2\/posts\/125504","targetHints":{"allow":["GET"]}}],"collection":[{"href":"https:\/\/www.europesays.com\/no\/wp-json\/wp\/v2\/posts"}],"about":[{"href":"https:\/\/www.europesays.com\/no\/wp-json\/wp\/v2\/types\/post"}],"author":[{"embeddable":true,"href":"https:\/\/www.europesays.com\/no\/wp-json\/wp\/v2\/users\/2"}],"replies":[{"embeddable":true,"href":"https:\/\/www.europesays.com\/no\/wp-json\/wp\/v2\/comments?post=125504"}],"version-history":[{"count":0,"href":"https:\/\/www.europesays.com\/no\/wp-json\/wp\/v2\/posts\/125504\/revisions"}],"wp:featuredmedia":[{"embeddable":true,"href":"https:\/\/www.europesays.com\/no\/wp-json\/wp\/v2\/media\/125505"}],"wp:attachment":[{"href":"https:\/\/www.europesays.com\/no\/wp-json\/wp\/v2\/media?parent=125504"}],"wp:term":[{"taxonomy":"category","embeddable":true,"href":"https:\/\/www.europesays.com\/no\/wp-json\/wp\/v2\/categories?post=125504"},{"taxonomy":"post_tag","embeddable":true,"href":"https:\/\/www.europesays.com\/no\/wp-json\/wp\/v2\/tags?post=125504"}],"curies":[{"name":"wp","href":"https:\/\/api.w.org\/{rel}","templated":true}]}}