{"id":125508,"date":"2025-12-31T12:58:13","date_gmt":"2025-12-31T12:58:13","guid":{"rendered":"https:\/\/www.europesays.com\/no\/125508\/"},"modified":"2025-12-31T12:58:13","modified_gmt":"2025-12-31T12:58:13","slug":"telemarksdebatt-wrightegaarden-en-enkelt-stemme-bor-ikke-alene-fa-definere-rammene","status":"publish","type":"post","link":"https:\/\/www.europesays.com\/no\/125508\/","title":{"rendered":"Telemarksdebatt, Wrightegaarden | En enkelt stemme b\u00f8r ikke alene f\u00e5 definere rammene"},"content":{"rendered":"\n<p>Wrightegaarden har i flere ti\u00e5r v\u00e6rt en sentral del av Langesunds kulturliv. Som konsertsted og m\u00f8teplass har det bidratt til liv, aktivitet og identitet i byen, s\u00e6rlig i sommerm\u00e5nedene. For mange er dette en viktig del av trivselen, og for noen har det faktisk v\u00e6rt en medvirkende grunn til at de har valgt \u00e5 flytte hit. <\/p>\n<p>Ikke alle sm\u00e5byer kan skryte av \u00abkort vei til konsert\u00bb som en del av nabolagsprofilen, men i Langesund har det tydeligvis fungert. Samtidig skal konsertvirksomhet selvf\u00f8lgelig foreg\u00e5 innenfor gjeldende regler. Hensyn til naboer, lydniv\u00e5 og sluttider er viktig, og dette tas p\u00e5 alvor. <\/p>\n<p>Likevel er det verdt \u00e5 minne om at Wrightegaarden har v\u00e6rt et etablert kultursted lenge f\u00f8r enkelte av dagens innflyttere kom til Langesund. <\/p>\n<p>Noen har alts\u00e5 valgt \u00e5 bosette seg i et omr\u00e5de der det allerede var liv, musikk og arrangementer. Litt p\u00e5 samme m\u00e5te som \u00e5 flytte til kysten og bli overrasket over lukt av sj\u00f8, m\u00e5keskrik og folk i shorts i mai.<\/p>\n<p>Wrightegaarden er heller ikke bare et kultursted. Det er en viktig n\u00e6ringsmotor for Langesund. N\u00e5r det er konsert, er det ikke bare h\u00f8yttalerne som jobber. Da jobber hotellene, restaurantene, butikkene, taxiene og sesongarbeidsplassene. <\/p>\n<p>Stillhet er fint, men den betaler verken husleie eller sommervikarer. Wrightegaarden har v\u00e6rt scenen, m\u00f8teplassen og sommerhjertet til Langesund. Her har folk ledd, danset, m\u00f8ttes, blitt forelsket, kranglet litt, og blitt venner igjen. Noen har sunget med p\u00e5 l\u00e5ter de ikke kunne teksten p\u00e5, andre har lovet seg selv \u00abaldri mer\u00bb, for s\u00e5 \u00e5 gj\u00f8re det samme \u00e5ret etter. <\/p>\n<p>Akkurat slik levende sm\u00e5byer fungerer.<\/p>\n<p>N\u00e5r den samme klagen fremmes \u00e5r etter \u00e5r, uavhengig av hvilke tiltak som gjennomf\u00f8res, er det lov \u00e5 stille sp\u00f8rsm\u00e5l ved balansen i debatten. En enkelt stemme b\u00f8r ikke alene f\u00e5 definere rammene for et kulturliv og en n\u00e6ringsaktivitet som betyr mye for sv\u00e6rt mange, b\u00e5de fastboende, n\u00e6ringsliv og tilreisende.<\/p>\n<p>Langesund er en sommerby med puls. Det er en kvalitet, ikke et problem. <\/p>\n<p>Samtidig finnes det andre steder i Bamble kommune hvor det er betraktelig roligere for dem som \u00f8nsker sommerkvelder uten konsertlyd <\/p>\n","protected":false},"excerpt":{"rendered":"Wrightegaarden har i flere ti\u00e5r v\u00e6rt en sentral del av Langesunds kulturliv. Som konsertsted og m\u00f8teplass har det&hellip;\n","protected":false},"author":2,"featured_media":125509,"comment_status":"","ping_status":"","sticky":false,"template":"","format":"standard","meta":{"footnotes":""},"categories":[10],"tags":[36,20,21,24,25,15,890,12455,22,23,13,30,28,29,14,1533,16,14784,8551,26,27,1116],"class_list":{"0":"post-125508","1":"post","2":"type-post","3":"status-publish","4":"format-standard","5":"has-post-thumbnail","7":"category-norge","8":"tag-art","9":"tag-breaking-news","10":"tag-breakingnews","11":"tag-featured-news","12":"tag-featurednews","13":"tag-headlines","14":"tag-konserter","15":"tag-kulturliv","16":"tag-latest-news","17":"tag-latestnews","18":"tag-news","19":"tag-no","20":"tag-norge","21":"tag-norway","22":"tag-nyheter","23":"tag-opinion","24":"tag-overskrifter","25":"tag-stoykrav","26":"tag-telemarksdebatt","27":"tag-top-stories","28":"tag-topstories","29":"tag-wrightegaarden"},"share_on_mastodon":{"url":"https:\/\/pubeurope.com\/@no\/115814301853394418","error":""},"_links":{"self":[{"href":"https:\/\/www.europesays.com\/no\/wp-json\/wp\/v2\/posts\/125508","targetHints":{"allow":["GET"]}}],"collection":[{"href":"https:\/\/www.europesays.com\/no\/wp-json\/wp\/v2\/posts"}],"about":[{"href":"https:\/\/www.europesays.com\/no\/wp-json\/wp\/v2\/types\/post"}],"author":[{"embeddable":true,"href":"https:\/\/www.europesays.com\/no\/wp-json\/wp\/v2\/users\/2"}],"replies":[{"embeddable":true,"href":"https:\/\/www.europesays.com\/no\/wp-json\/wp\/v2\/comments?post=125508"}],"version-history":[{"count":0,"href":"https:\/\/www.europesays.com\/no\/wp-json\/wp\/v2\/posts\/125508\/revisions"}],"wp:featuredmedia":[{"embeddable":true,"href":"https:\/\/www.europesays.com\/no\/wp-json\/wp\/v2\/media\/125509"}],"wp:attachment":[{"href":"https:\/\/www.europesays.com\/no\/wp-json\/wp\/v2\/media?parent=125508"}],"wp:term":[{"taxonomy":"category","embeddable":true,"href":"https:\/\/www.europesays.com\/no\/wp-json\/wp\/v2\/categories?post=125508"},{"taxonomy":"post_tag","embeddable":true,"href":"https:\/\/www.europesays.com\/no\/wp-json\/wp\/v2\/tags?post=125508"}],"curies":[{"name":"wp","href":"https:\/\/api.w.org\/{rel}","templated":true}]}}