{"id":125514,"date":"2025-12-31T13:04:08","date_gmt":"2025-12-31T13:04:08","guid":{"rendered":"https:\/\/www.europesays.com\/no\/125514\/"},"modified":"2025-12-31T13:04:08","modified_gmt":"2025-12-31T13:04:08","slug":"vladimir-putin-russland-putin-i-nyttarstale-sikker-pa-seier-i-ukraina","status":"publish","type":"post","link":"https:\/\/www.europesays.com\/no\/125514\/","title":{"rendered":"Vladimir Putin, Russland | Putin i nytt\u00e5rstale: \u2013 Sikker p\u00e5 seier i Ukraina"},"content":{"rendered":"\n<p>Putin oppfordrer i talen det russiske folk til \u00e5 st\u00f8tte det han omtaler som russiske helter som kjemper i Ukraina.<\/p>\n<p>\u2013 Vi har tro p\u00e5 dere og p\u00e5 seier, sier han.<\/p>\n<p><b>Les ogs\u00e5: <\/b><a class=\"simple-relation related-teaser article--c-eRUmMG article--c-eRUmMG-fZoQSp-design-nettavisen article--c-eRUmMG-gwthdJ-cv\" href=\"https:\/\/www.nettavisen.no\/anklager-putin-for-logn-ingen-av-naboene-har-hort-noe\/s\/5-95-2801618\" rel=\"nofollow noopener\" target=\"_blank\">Anklager Putin for l\u00f8gn: \u2013 Ingen av naboene har h\u00f8rt noe<\/a><\/p>\n<p>     iframe {<br \/>\n  width: 100% !important;<br \/>\n  height: 100% !important;<br \/>\n}<\/p>\n<p>.am-embed-ratio {<br \/>\n  position: relative;<br \/>\n  height: 0;<br \/>\n}<\/p>\n<p>.am-embed-error {<br \/>\n  color: #292827;<br \/>\n  background: #e7e6e2;<br \/>\n  padding: 10px 20px;<br \/>\n  line-height: 1.3em;<br \/>\n}<\/p>\n<p>amedia-smartembed-iframe {<br \/>\n  display: block;<br \/>\n}<\/p>\n<p>.am-embed-ratio.x-scroll {<br \/>\n  overflow-x: scroll;<br \/>\n}<\/p>\n<p>.am-embed-ratio.x-scroll iframe {<br \/>\n  min-width: 800px;<br \/>\n}<\/p>\n<p>.am-embed-ratio.x-scroll::-webkit-scrollbar {<br \/>\n  height: 8px;<br \/>\n}<\/p>\n<p>.am-embed-ratio.x-scroll::-webkit-scrollbar-track {<br \/>\n  margin: 0 10px;<br \/>\n  background-color: #eee;<br \/>\n  border-radius: 10px;<br \/>\n}<\/p>\n<p>.am-embed-ratio.x-scroll::-webkit-scrollbar-thumb {<br \/>\n  background-color: #484544;<br \/>\n  border-radius: 10px;<br \/>\n}<\/p>\n<p>amedia-smartembed iframe {<br \/>\n  border: none;<br \/>\n  width: 100%;<br \/>\n}<br \/>\n]]]]>]]><\/p>\n<p>]]><\/p>\n<p>Nesten fire \u00e5r har g\u00e5tt siden Russlands fullskalainvasjon av Ukraina, og russiske styrker har den siste tiden hatt framgang p\u00e5 slagmarken.<\/p>\n<p>If\u00f8lge en analyse basert p\u00e5 data fra den amerikanske tankesmia Institute for the Study of War (ISW) kontrollerer Russland n\u00e5 rundt 19,3 av Ukrainas territorium.<\/p>\n<p><b>Les ogs\u00e5: <\/b><a class=\"simple-relation related-teaser article--c-eRUmMG article--c-eRUmMG-fZoQSp-design-nettavisen article--c-eRUmMG-gwthdJ-cv\" href=\"https:\/\/www.nettavisen.no\/slar-alarm-russiske-styrker-omringet\/s\/5-95-2800417\" rel=\"nofollow noopener\" target=\"_blank\">Sl\u00e5r alarm: \u2013 Russiske styrker omringet<\/a><\/p>\n<p>\n    ]]><\/p>\n<p>    Vil du se neste video?<\/p>\n<p>    <a href=\"https:\/\/www.nettavisen.no\/nyheter\/nordmann-pa-stranda-i-australia\/v\/5-95-2800231\" class=\"recommend-poster\" data-adp-clicklabel=\"video-recommend\" data-adp-clickvalue=\"poster\" rel=\"nofollow noopener\" target=\"_blank\"><br \/>\n      <img decoding=\"async\" width=\"200\" height=\"200\" loading=\"lazy\" src=\"https:\/\/www.europesays.com\/no\/wp-content\/uploads\/2025\/12\/NORDMANN+AUSTRALIA+BREDDE+1.jpg\" alt=\"\" class=\"brick-c-cFOWSL\" style=\"--brick-image-ratio: 200 \/ 200;\"\/><\/p>\n<p>Nordmann angrepet p\u00e5 stranda0:46<\/p>\n<p>    <\/a><\/p>\n","protected":false},"excerpt":{"rendered":"Putin oppfordrer i talen det russiske folk til \u00e5 st\u00f8tte det han omtaler som russiske helter som kjemper&hellip;\n","protected":false},"author":2,"featured_media":121824,"comment_status":"","ping_status":"","sticky":false,"template":"","format":"standard","meta":{"footnotes":""},"categories":[12],"tags":[20,21,24,25,15,22,23,13,30,28,29,14,16,26,27,42,43,44,45],"class_list":{"0":"post-125514","1":"post","2":"type-post","3":"status-publish","4":"format-standard","5":"has-post-thumbnail","7":"category-verden","8":"tag-breaking-news","9":"tag-breakingnews","10":"tag-featured-news","11":"tag-featurednews","12":"tag-headlines","13":"tag-latest-news","14":"tag-latestnews","15":"tag-news","16":"tag-no","17":"tag-norge","18":"tag-norway","19":"tag-nyheter","20":"tag-overskrifter","21":"tag-top-stories","22":"tag-topstories","23":"tag-verden","24":"tag-world","25":"tag-world-news","26":"tag-worldnews"},"share_on_mastodon":{"url":"https:\/\/pubeurope.com\/@no\/115814325626102027","error":""},"_links":{"self":[{"href":"https:\/\/www.europesays.com\/no\/wp-json\/wp\/v2\/posts\/125514","targetHints":{"allow":["GET"]}}],"collection":[{"href":"https:\/\/www.europesays.com\/no\/wp-json\/wp\/v2\/posts"}],"about":[{"href":"https:\/\/www.europesays.com\/no\/wp-json\/wp\/v2\/types\/post"}],"author":[{"embeddable":true,"href":"https:\/\/www.europesays.com\/no\/wp-json\/wp\/v2\/users\/2"}],"replies":[{"embeddable":true,"href":"https:\/\/www.europesays.com\/no\/wp-json\/wp\/v2\/comments?post=125514"}],"version-history":[{"count":0,"href":"https:\/\/www.europesays.com\/no\/wp-json\/wp\/v2\/posts\/125514\/revisions"}],"wp:featuredmedia":[{"embeddable":true,"href":"https:\/\/www.europesays.com\/no\/wp-json\/wp\/v2\/media\/121824"}],"wp:attachment":[{"href":"https:\/\/www.europesays.com\/no\/wp-json\/wp\/v2\/media?parent=125514"}],"wp:term":[{"taxonomy":"category","embeddable":true,"href":"https:\/\/www.europesays.com\/no\/wp-json\/wp\/v2\/categories?post=125514"},{"taxonomy":"post_tag","embeddable":true,"href":"https:\/\/www.europesays.com\/no\/wp-json\/wp\/v2\/tags?post=125514"}],"curies":[{"name":"wp","href":"https:\/\/api.w.org\/{rel}","templated":true}]}}