{"id":125517,"date":"2025-12-31T13:14:07","date_gmt":"2025-12-31T13:14:07","guid":{"rendered":"https:\/\/www.europesays.com\/no\/125517\/"},"modified":"2025-12-31T13:14:07","modified_gmt":"2025-12-31T13:14:07","slug":"tenaringer-utga-seg-for-a-vaere-ung-jente-pa-snapchat-banket-og-ranet-menn-i-hamar-nrk-innlandet-lokale-nyheter-tv-og-radio","status":"publish","type":"post","link":"https:\/\/www.europesays.com\/no\/125517\/","title":{"rendered":"Ten\u00e5ringer utga seg for \u00e5 v\u00e6re ung jente p\u00e5 Snapchat \u2013 banket og ranet menn i Hamar \u2013 NRK Innlandet \u2013 Lokale nyheter, TV og radio"},"content":{"rendered":"<p>Saken oppsummert<\/p>\n<ul>\n<li>Tre ten\u00e5ringer er d\u00f8mt til ungdomsstraff og samfunnsstraff for tre ran i Hamar i mai.<\/li>\n<li>Ofrene ble lokket via Snapchat og utsatt for vold og trusler av maskerte ten\u00e5ringer.<\/li>\n<li>Ranene var planlagt, og ten\u00e5ringene fikk med seg totalt 12.800 kroner.<\/li>\n<li>To av ten\u00e5ringene erkjente straffskyld, mens \u00e9n erkjente delvis skyld for ett av ranene.<\/li>\n<li>De d\u00f8mte m\u00e5 betale forskjellige bel\u00f8p, men totalt 68.320 kroner i erstatning og oppreisning til to av ofrene.<\/li>\n<li>To av ofrene hadde med kontanter for \u00e5 fors\u00f8ke \u00e5 kj\u00f8pe seksuelle tjenester, og har f\u00e5tt forelegg for dette.<\/li>\n<\/ul>\n<p>Oppsummeringen er laget av en KI-tjeneste fra OpenAI. Innholdet er kvalitetssikret av NRKs journalister f\u00f8r publisering.<\/p>\n<p>Det som tre menn trodde skulle bli en helt vanlig mai-dag, tok en br\u00e5 vending.<\/p>\n<p>Hver og en av dem hadde avtalt et m\u00f8te med en ung jente via Snapchat, og hadde meg seg kontanter.<\/p>\n<p><strong>I stedet for jenta de ventet p\u00e5, ventet maskerte ten\u00e5ringer bev\u00e6pnet med balltre og jernstenger.<\/strong><\/p>\n<p>I l\u00f8pet av tre ulike anledninger i Hamar ble hver mann lurt i bakhold.\n<\/p>\n<p><img decoding=\"async\"   src=\"data:image\/gif;base64,R0lGODlhAQABAIAAAAAAAP\/\/\/yH5BAEAAAAALAAAAAABAAEAAAIBRAA7\" loading=\"eager\" alt=\"Hedmarken og \u00d8sterdal tingrett\" title=\"Foto: Frode Meskau \/ NRK\"\/><\/p>\n<p class=\"\">De tre ten\u00e5ringene m\u00f8tte i tinghuset i desember.<\/p>\n<p>Foto: Frode Meskau \/ NRK<\/p>\n<p>I det f\u00f8rste ranet som ten\u00e5ringene gjennomf\u00f8rte, forklarte den forn\u00e6rmede at han ble m\u00f8tt av en jente som utga seg for \u00e5 v\u00e6re jenta.<\/p>\n<p>Hun ledet ham rundt et hj\u00f8rne, der fire maskerte personer omringet han.<\/p>\n<p>Der ble han utsatt for vold i form av slag og spark.<\/p>\n<p>Har slitt med s\u00f8vnproblemer<\/p>\n<p>Det andre ranet skjedde midt p\u00e5 ettermiddagen tre dager senere, men denne gangen ble det kun brukt trusler for \u00e5 f\u00e5 offeret til \u00e5 gi fra seg penger.<\/p>\n<p>Begge disse hendelsene fant sted i et popul\u00e6rt turomr\u00e5de i Hamar.<\/p>\n<p>Det tredje ranet skjedde samme kveld som det siste ranet, men p\u00e5 et annet sted i byen. Han ble ogs\u00e5 utsatt for vold.\n<\/p>\n<p><img decoding=\"async\"   src=\"data:image\/gif;base64,R0lGODlhAQABAIAAAAAAAP\/\/\/yH5BAEAAAAALAAAAAABAAEAAAIBRAA7\" loading=\"eager\" alt=\"Her skal ten\u00e5ringene ha m\u00f8tt vedkommende\" title=\"Foto: Politiet\"\/><\/p>\n<p class=\"\">Her skal ten\u00e5ringene ha m\u00f8tt en av mennene. Han ble truet med balltre og stang, og ble sl\u00e5tt. <\/p>\n<p>Foto: Politiet<\/p>\n<p>I dommen kommer det frem at mannen opplevde hendelsen som sv\u00e6rt skremmende, og at han har slitt med s\u00f8vnproblemer i tiden etterp\u00e5.<\/p>\n<p>Han har ogs\u00e5 i etterkant hatt store smerter i b\u00e5de kne og rygg.<\/p>\n<p>Omfattende planlegging<\/p>\n<p>Ten\u00e5ringsguttenes m\u00e5l med m\u00f8tet var \u00e5 frata kontantene og dele utbyttet seg imellom.<\/p>\n<p><strong>Totalt fikk guttene med seg 12.800 kroner fra de tre ranene.<\/strong><\/p>\n<p>En av guttene deltok i alle ranene. Han var sj\u00e5f\u00f8r og den eneste som var gammel nok til \u00e5 ha f\u00f8rerkort.<\/p>\n<p>Han er d\u00f8mt til samfunnsstraff i 417 timer med en gjennomf\u00f8ringstid p\u00e5 ett \u00e5r og tre m\u00e5neder.<\/p>\n<p>De to andre guttene ble d\u00f8mt til ungdomsstraff med gjennomf\u00f8ringstid p\u00e5 ett \u00e5r og gjennomf\u00f8ringstid p\u00e5 11 m\u00e5neder for \u00e5 ha deltatt i to ran hver.\n<\/p>\n<p><img decoding=\"async\"   src=\"data:image\/gif;base64,R0lGODlhAQABAIAAAAAAAP\/\/\/yH5BAEAAAAALAAAAAABAAEAAAIBRAA7\" loading=\"eager\" alt=\"Hedmarken og \u00d8sterdal tingrett\" title=\"Foto: Frode Meskau \/ NRK\"\/><\/p>\n<p class=\"\">De tre m\u00f8tte i retten i desember.<\/p>\n<p>Foto: Frode Meskau \/ NRK<\/p>\n<p>\u00abB\u00e5de planleggingen og antallet gjerningspersoner er skjerpende omstendigheter ved alle tre ranene\u00bb, st\u00e5r det i dommen.<\/p>\n<p><strong>To av ten\u00e5ringene erkjente straffskyld, mens en tredje erkjente delvis skyld for \u00e9n av hendelsene.<\/strong><\/p>\n<p>\u00c5rsaken til at han ans\u00e5 seg delvis skyldig for den ene hendelsen var at han ikke selv ut\u00f8vet vold, men han har ellers erkjent alt annet.<\/p>\n<p>Forsvarer til en av guttene som ble d\u00f8mt til ungdomsstraff, Helge Hartz, sier at gutten har tatt l\u00e6rdom av sine handlinger og er lettet over at han har f\u00e5tt ungdomsstraff.<\/p>\n<ul>\n<li>NRK har forel\u00f8pig ikke f\u00e5tt tak i de to andre forsvarerne.<\/li>\n<\/ul>\n<p><img decoding=\"async\"   src=\"data:image\/gif;base64,R0lGODlhAQABAIAAAAAAAP\/\/\/yH5BAEAAAAALAAAAAABAAEAAAIBRAA7\" loading=\"eager\" alt=\"Alle\" title=\"Foto: Politiet\"\/><\/p>\n<p class=\"\">Bilspor i veien viser hvor de tre ten\u00e5ringene skal ha v\u00e6rt p\u00e5 det siste ranet.<\/p>\n<p>Foto: Politiet<\/p>\n<p>Noen fikk ungdomsoppf\u00f8lging<\/p>\n<p>Politiadvokat Anders M\u00f8llersen skriver til NRK at de har oversikt over alle involverte etter det siste ranet, men de som hadde mindre roller fikk ungdomsoppf\u00f8lging utenfor rettssystemet.<\/p>\n<p>De tre som ble tiltalt var til stede ved to eller tre ran.<\/p>\n<p>\u2013 Og m\u00e5tte derfor etter mitt syn tiltales for retten for \u00e5 f\u00e5 en strengere reaksjon, skriver han.\n<\/p>\n<p><img decoding=\"async\"   src=\"data:image\/gif;base64,R0lGODlhAQABAIAAAAAAAP\/\/\/yH5BAEAAAAALAAAAAABAAEAAAIBRAA7\" loading=\"eager\" alt=\"Politiadvokat Anders M\u00f8llersen\" title=\"Foto: Viktoria Hellem-Hansen \/ NRK\"\/><\/p>\n<p class=\"\">Politiadvokat Anders M\u00f8llersen sier at p\u00e5talemyndigheten mener det er en grundig og god dom i en sv\u00e6rt alvorlig sak, hvor hver av de tiltalte har f\u00e5tt en reaksjon som gj\u00f8r at de b\u00f8r holde seg unna \u00e5 gj\u00f8re noe tilsvarende igjen.<\/p>\n<p>Foto: Viktoria Hellem-Hansen \/ NRK<\/p>\n<p>I tillegg til straffen m\u00e5 guttene betale til sammen 68.320 kroner i erstatning og oppreisning til to av ofrene som ble utsatt for vold.<\/p>\n<p>M\u00f8llersen mener dommen er grundig og at reaksjonene vil virke forebyggende.<\/p>\n<p>De var i tvil om samfunnsstraff for han som var over 18 \u00e5r, men mener det kan forsvares for at han ikke skal komme i politiets s\u00f8kelys igjen.<\/p>\n<p>Forelegg for \u00e5 fors\u00f8ke \u00e5 kj\u00f8pe sex<\/p>\n<p>For to av mennene kom det frem at de tok med kontanter for \u00e5 kj\u00f8pe sex.<\/p>\n<p>For den ene er det ikke bevist at han skulle kj\u00f8pe sex, men han hadde ogs\u00e5 med kontanter.<\/p>\n<p><strong>\u2013 Det ble ansett bevist at to av tre fors\u00f8kte \u00e5 kj\u00f8pe seksuelle tjenester av jenter over 18 \u00e5r. Disse to har vedtatt forelegg for dette, skriver politiadvokat M\u00f8llersen.<\/strong>\n<\/p>\n<p>Publisert<\/p>\n<p>31.12.2025, kl. 13.29<\/p>\n","protected":false},"excerpt":{"rendered":"Saken oppsummert Tre ten\u00e5ringer er d\u00f8mt til ungdomsstraff og samfunnsstraff for tre ran i Hamar i mai. Ofrene&hellip;\n","protected":false},"author":2,"featured_media":125518,"comment_status":"","ping_status":"","sticky":false,"template":"","format":"standard","meta":{"footnotes":""},"categories":[10],"tags":[20,21,24,25,15,22,23,13,30,28,29,14,16,26,27],"class_list":{"0":"post-125517","1":"post","2":"type-post","3":"status-publish","4":"format-standard","5":"has-post-thumbnail","7":"category-norge","8":"tag-breaking-news","9":"tag-breakingnews","10":"tag-featured-news","11":"tag-featurednews","12":"tag-headlines","13":"tag-latest-news","14":"tag-latestnews","15":"tag-news","16":"tag-no","17":"tag-norge","18":"tag-norway","19":"tag-nyheter","20":"tag-overskrifter","21":"tag-top-stories","22":"tag-topstories"},"share_on_mastodon":{"url":"https:\/\/pubeurope.com\/@no\/115814364846720980","error":""},"_links":{"self":[{"href":"https:\/\/www.europesays.com\/no\/wp-json\/wp\/v2\/posts\/125517","targetHints":{"allow":["GET"]}}],"collection":[{"href":"https:\/\/www.europesays.com\/no\/wp-json\/wp\/v2\/posts"}],"about":[{"href":"https:\/\/www.europesays.com\/no\/wp-json\/wp\/v2\/types\/post"}],"author":[{"embeddable":true,"href":"https:\/\/www.europesays.com\/no\/wp-json\/wp\/v2\/users\/2"}],"replies":[{"embeddable":true,"href":"https:\/\/www.europesays.com\/no\/wp-json\/wp\/v2\/comments?post=125517"}],"version-history":[{"count":0,"href":"https:\/\/www.europesays.com\/no\/wp-json\/wp\/v2\/posts\/125517\/revisions"}],"wp:featuredmedia":[{"embeddable":true,"href":"https:\/\/www.europesays.com\/no\/wp-json\/wp\/v2\/media\/125518"}],"wp:attachment":[{"href":"https:\/\/www.europesays.com\/no\/wp-json\/wp\/v2\/media?parent=125517"}],"wp:term":[{"taxonomy":"category","embeddable":true,"href":"https:\/\/www.europesays.com\/no\/wp-json\/wp\/v2\/categories?post=125517"},{"taxonomy":"post_tag","embeddable":true,"href":"https:\/\/www.europesays.com\/no\/wp-json\/wp\/v2\/tags?post=125517"}],"curies":[{"name":"wp","href":"https:\/\/api.w.org\/{rel}","templated":true}]}}