{"id":125519,"date":"2025-12-31T13:20:07","date_gmt":"2025-12-31T13:20:07","guid":{"rendered":"https:\/\/www.europesays.com\/no\/125519\/"},"modified":"2025-12-31T13:20:07","modified_gmt":"2025-12-31T13:20:07","slug":"sikker-pa-seier-i-ukraina","status":"publish","type":"post","link":"https:\/\/www.europesays.com\/no\/125519\/","title":{"rendered":"\u2013 Sikker p\u00e5 seier i Ukraina"},"content":{"rendered":"<p class=\"extendedContent hyperion-css-eyn926\" data-test-tag=\"lead-text\">President Vladimir Putin sier i sin nytt\u00e5rstale at han er sikker p\u00e5 at Russland vil g\u00e5 seirende ut av krigen i Ukraina. <\/p>\n<p class=\"paywall hyperion-css-1j42uic\">Putin oppfordrer i talen det russiske folk til \u00e5 st\u00f8tte det han omtaler som russiske helter som kjemper i Ukraina. <\/p>\n<p class=\"paywall hyperion-css-1j42uic\">\u2013 Vi har tro p\u00e5 dere og p\u00e5 seier, sier han. <\/p>\n<p class=\"paywall hyperion-css-1j42uic\">Nesten fire \u00e5r har g\u00e5tt siden Russlands fullskalainvasjon av Ukraina, og russiske styrker har den siste tiden hatt framgang p\u00e5 slagmarken. <\/p>\n<p class=\"paywall hyperion-css-1j42uic\">If\u00f8lge en analyse basert p\u00e5 data fra den amerikanske tankesmia Institute for the Study of War (ISW) kontrollerer Russland n\u00e5 rundt 19,3 av Ukrainas territorium. <\/p>\n","protected":false},"excerpt":{"rendered":"President Vladimir Putin sier i sin nytt\u00e5rstale at han er sikker p\u00e5 at Russland vil g\u00e5 seirende ut&hellip;\n","protected":false},"author":2,"featured_media":914,"comment_status":"","ping_status":"","sticky":false,"template":"","format":"standard","meta":{"footnotes":""},"categories":[12],"tags":[20,21,24,25,15,22,23,13,30,28,29,14,16,26,27,42,43,44,45],"class_list":{"0":"post-125519","1":"post","2":"type-post","3":"status-publish","4":"format-standard","5":"has-post-thumbnail","7":"category-verden","8":"tag-breaking-news","9":"tag-breakingnews","10":"tag-featured-news","11":"tag-featurednews","12":"tag-headlines","13":"tag-latest-news","14":"tag-latestnews","15":"tag-news","16":"tag-no","17":"tag-norge","18":"tag-norway","19":"tag-nyheter","20":"tag-overskrifter","21":"tag-top-stories","22":"tag-topstories","23":"tag-verden","24":"tag-world","25":"tag-world-news","26":"tag-worldnews"},"share_on_mastodon":{"url":"https:\/\/pubeurope.com\/@no\/115814388593786512","error":""},"_links":{"self":[{"href":"https:\/\/www.europesays.com\/no\/wp-json\/wp\/v2\/posts\/125519","targetHints":{"allow":["GET"]}}],"collection":[{"href":"https:\/\/www.europesays.com\/no\/wp-json\/wp\/v2\/posts"}],"about":[{"href":"https:\/\/www.europesays.com\/no\/wp-json\/wp\/v2\/types\/post"}],"author":[{"embeddable":true,"href":"https:\/\/www.europesays.com\/no\/wp-json\/wp\/v2\/users\/2"}],"replies":[{"embeddable":true,"href":"https:\/\/www.europesays.com\/no\/wp-json\/wp\/v2\/comments?post=125519"}],"version-history":[{"count":0,"href":"https:\/\/www.europesays.com\/no\/wp-json\/wp\/v2\/posts\/125519\/revisions"}],"wp:featuredmedia":[{"embeddable":true,"href":"https:\/\/www.europesays.com\/no\/wp-json\/wp\/v2\/media\/914"}],"wp:attachment":[{"href":"https:\/\/www.europesays.com\/no\/wp-json\/wp\/v2\/media?parent=125519"}],"wp:term":[{"taxonomy":"category","embeddable":true,"href":"https:\/\/www.europesays.com\/no\/wp-json\/wp\/v2\/categories?post=125519"},{"taxonomy":"post_tag","embeddable":true,"href":"https:\/\/www.europesays.com\/no\/wp-json\/wp\/v2\/tags?post=125519"}],"curies":[{"name":"wp","href":"https:\/\/api.w.org\/{rel}","templated":true}]}}