{"id":125520,"date":"2025-12-31T13:21:13","date_gmt":"2025-12-31T13:21:13","guid":{"rendered":"https:\/\/www.europesays.com\/no\/125520\/"},"modified":"2025-12-31T13:21:13","modified_gmt":"2025-12-31T13:21:13","slug":"tror-ikke-pa-bedre-tider","status":"publish","type":"post","link":"https:\/\/www.europesays.com\/no\/125520\/","title":{"rendered":"Tror ikke p\u00e5 bedre tider"},"content":{"rendered":"<p class=\"kicker \" style=\"\">Framtidsutsikter<\/p>\n<p>  Framtidsoptimismen er minkende i Norge. S\u00e6rlig er troen p\u00e5 bedre \u00f8konomiske tider blitt lav. En gledesinjeksjon er n\u00f8dvendig.<\/p>\n<p>\n    OPTIMISTER: NHO-sjef Ole Erik Almlid og DNB-sjef Kjerstin Braathen menerUng-unders\u00f8kelsen viser en generasjon med handlekraft og p\u00e5gangsmot. Foto: Thomas Fure \/ NTB\n  <\/p>\n<p>I over to \u00e5r har statsminister Jonas Gahr St\u00f8re (Ap) fors\u00f8kt \u00e5 hamre et trygghetsbudskap inn i velgernes hoder. En hj\u00f8rnestolpe i budskapet har v\u00e6rt den \u00f8konomiske tryggheten. Gang etter gang har han tatt sjansen p\u00e5 \u00e5 love at vi skal f\u00e5 det bedre.<\/p>\n<p>P\u00e5 dette punktet har han bare i begrenset grad f\u00e5tt folk med seg. P\u00e5 en <a href=\"https:\/\/dinside.dagbladet.no\/okonomi\/far-det-toft-de-vil-merke-det\/84003849?articleToken=37562a03ad1de176771bac5347eb98fc1e05c4de328269c42ced8ffe74cfa905\" rel=\"nofollow noopener\" target=\"_blank\">meningsm\u00e5ling<\/a> utf\u00f8rt av Norstat, som Dagbladet\/Din side presenterte i romjula, svarte 29 prosent at de tror de f\u00e5r det verre i 2026 enn de har hatt det i \u00e5r. S\u00e6rlig stor var pessimismen blant dem under 40 \u00e5r.\u00a0<\/p>\n<p>    <a itemprop=\"url\" href=\"https:\/\/dinside.dagbladet.no\/okonomi\/far-det-toft-de-vil-merke-det\/84003849\" rel=\"nofollow noopener\" target=\"_blank\"><\/p>\n<p>        <img loading=\"lazy\" decoding=\"async\" src=\"https:\/\/www.europesays.com\/no\/wp-content\/uploads\/2025\/12\/1767187273_950_82962184.webp.webp\" width=\"980\" height=\"441\" title=\"F\u00e5r det t\u00f8ft: - De vil merke det\" alt=\"\" class=\"lazyload\" style=\"--aspect-ratio-image: 2.22; \"\/><\/p>\n<p>        F\u00e5r det t\u00f8ft: &#8211; De vil merke det<\/p>\n<p>    <\/a><\/p>\n<p>Tirsdag ble uroen bekreftet av\u00a0<a href=\"https:\/\/www.nho.no\/tema\/arbeidsliv\/artikler\/2025\/ung-undersokelsen-mange-tar-grep-for-egen-fremtid\/\" rel=\"nofollow noopener\" target=\"_blank\">UNG-unders\u00f8kelsen<\/a>\u00a0som arbeidsgiverorganisasjonen NHO og storbanken DNB st\u00e5r bak. Det er instituttet Opinion som har utf\u00f8rt unders\u00f8kelsen blant unge i aldersgruppen 15-29 \u00e5r. Et av hovedfunnene er at hele 60 prosent i denne gruppa er bekymret for egen \u00f8konomi. I 2020 var tallet nede p\u00e5 35 prosent, s\u00e5 endringen er formidabel.<\/p>\n<p>Unders\u00f8kelsen viser ogs\u00e5 at 58 prosent av de spurte tror de f\u00e5r det verre enn forrige generasjon, opp fra 46 prosent. Bekymringene for egen \u00f8konomi overskygger n\u00e5 bekyringene for klimaendringer.<\/p>\n<p>Toppsjefene i NHO og DNB, Ole Erik Almlid og Kjersti Braathen mener det er grunn til \u00e5 snu p\u00e5 flisa og tenke positivt. De ser mye handlekraft og viser ogs\u00e5 til den sv\u00e6rt lave arbeidsledigheten, som bare er p\u00e5 2,1 prosent. Hvis folk er fleksible og t\u00e5lmodige, er det arbeid til de fleste, mener de. Topplederne mener ogs\u00e5 at det eksisterer en ubegrunnet frykt for kunstig intelligens (KI) blant de unge, og peker p\u00e5 en rekke arenaer der KI kommer til kort.\u00a0\u00abVi trenger folk som jobber sammen, skaper tillit, er nysgjerrige og finner ut av ting sammen\u00bb, sier DNB-sjefen til NTB. Almlid peker p\u00e5 behovet for fellesskap og det han kaller emosjonell intelligens og mener stillinger som forsvinner vil bli erstattet av nye.<\/p>\n<p>Almlid og Braathen oppfordrer ogs\u00e5 unge til \u00e5 skaffe seg arbeidserfaring ved siden av skole og studier, men her kan de gjerne g\u00e5 litt i seg selv. Det er ikke like lett \u00e5 skaffe seg sommerjobb eller andre sm\u00e5jobber for ufagl\u00e6rte som det var i de forrige generasjoner.<\/p>\n<p>    <a itemprop=\"url\" href=\"https:\/\/www.dagbladet.no\/meninger\/framtidas-leder\/82492290\" rel=\"nofollow noopener\" target=\"_blank\"><\/p>\n<p>        <img loading=\"lazy\" decoding=\"async\" src=\"https:\/\/www.europesays.com\/no\/wp-content\/uploads\/2025\/12\/82492875.webp.webp\" width=\"980\" height=\"441\" title=\"Framtidas leder\" alt=\"\" class=\"lazyload\" style=\"--aspect-ratio-image: 2.22; \"\/><\/p>\n<p>        Framtidas leder<\/p>\n<p>    <\/a><\/p>\n<p>Likevel er det kombinasjonen av generasjon Zs forventninger og et verdensbilde med krig, h\u00f8ye energipriser, autorit\u00e6re ledere, desinformasjon og KI, som skaper pessimismen. Det hjelper ikke at det, n\u00e6rmest uten motstemmer og ofte uten faktagrunnlag, skapes et bilde av at innvandringen er ute av kontroll, at kriminaltiteten bare \u00f8ker, at skjermbruk er forferdelig og at det er umulig \u00e5 f\u00e5 seg kj\u00e6reste.<\/p>\n<p>Det er p\u00e5 disse omr\u00e5dene det ikke er tilstrekkelig \u00e5 si at det blir bedre. Injeksjonene at positivitetsmedisin m\u00e5 bli flere og tydeligere og vi m\u00e5 \u00e5pne disse debattene i langt st\u00f8rre grad enn tilfellet er n\u00e5.<\/p>\n","protected":false},"excerpt":{"rendered":"Framtidsutsikter Framtidsoptimismen er minkende i Norge. S\u00e6rlig er troen p\u00e5 bedre \u00f8konomiske tider blitt lav. En gledesinjeksjon er&hellip;\n","protected":false},"author":2,"featured_media":125521,"comment_status":"","ping_status":"","sticky":false,"template":"","format":"standard","meta":{"footnotes":""},"categories":[10],"tags":[20,21,24,25,15,22,23,4129,156,13,30,28,29,14,16,26,27],"class_list":{"0":"post-125520","1":"post","2":"type-post","3":"status-publish","4":"format-standard","5":"has-post-thumbnail","7":"category-norge","8":"tag-breaking-news","9":"tag-breakingnews","10":"tag-featured-news","11":"tag-featurednews","12":"tag-headlines","13":"tag-latest-news","14":"tag-latestnews","15":"tag-leder1","16":"tag-meninger","17":"tag-news","18":"tag-no","19":"tag-norge","20":"tag-norway","21":"tag-nyheter","22":"tag-overskrifter","23":"tag-top-stories","24":"tag-topstories"},"share_on_mastodon":{"url":"https:\/\/pubeurope.com\/@no\/115814392311738175","error":""},"_links":{"self":[{"href":"https:\/\/www.europesays.com\/no\/wp-json\/wp\/v2\/posts\/125520","targetHints":{"allow":["GET"]}}],"collection":[{"href":"https:\/\/www.europesays.com\/no\/wp-json\/wp\/v2\/posts"}],"about":[{"href":"https:\/\/www.europesays.com\/no\/wp-json\/wp\/v2\/types\/post"}],"author":[{"embeddable":true,"href":"https:\/\/www.europesays.com\/no\/wp-json\/wp\/v2\/users\/2"}],"replies":[{"embeddable":true,"href":"https:\/\/www.europesays.com\/no\/wp-json\/wp\/v2\/comments?post=125520"}],"version-history":[{"count":0,"href":"https:\/\/www.europesays.com\/no\/wp-json\/wp\/v2\/posts\/125520\/revisions"}],"wp:featuredmedia":[{"embeddable":true,"href":"https:\/\/www.europesays.com\/no\/wp-json\/wp\/v2\/media\/125521"}],"wp:attachment":[{"href":"https:\/\/www.europesays.com\/no\/wp-json\/wp\/v2\/media?parent=125520"}],"wp:term":[{"taxonomy":"category","embeddable":true,"href":"https:\/\/www.europesays.com\/no\/wp-json\/wp\/v2\/categories?post=125520"},{"taxonomy":"post_tag","embeddable":true,"href":"https:\/\/www.europesays.com\/no\/wp-json\/wp\/v2\/tags?post=125520"}],"curies":[{"name":"wp","href":"https:\/\/api.w.org\/{rel}","templated":true}]}}