{"id":125524,"date":"2025-12-31T13:28:12","date_gmt":"2025-12-31T13:28:12","guid":{"rendered":"https:\/\/www.europesays.com\/no\/125524\/"},"modified":"2025-12-31T13:28:12","modified_gmt":"2025-12-31T13:28:12","slug":"har-du-ikke-hort-det-tommy-er-dod","status":"publish","type":"post","link":"https:\/\/www.europesays.com\/no\/125524\/","title":{"rendered":"\u00abHar du ikke h\u00f8rt det? Tommy er d\u00f8d\u00bb"},"content":{"rendered":"<p>\u00abHar du ikke h\u00f8rt det? Tommy er d\u00f8d\u00bb. Jeg glemmer det aldri. Desemberdagen for 20 \u00e5r siden. Da jeg over telefon fikk vite at storebroren min hadde valgt \u00e5 forlate livet. Tilbake i sjokk satt ikke bare foreldre og oss s\u00f8sken, men ogs\u00e5 barna og samboeren. Alle kastet ut i endel\u00f8se dager med sorg.<\/p>\n<p>F\u00f8ler p\u00e5 skam<\/p>\n<p>Hvert selvmord er ikke bare en bunnl\u00f8s tragedie for den som velger det, men f\u00e5r ogs\u00e5 enorme konsekvenser for familie og andre p\u00e5r\u00f8rende.<\/p>\n<p>If\u00f8lge <a href=\"https:\/\/www.fhi.no\/nyheter\/2025\/739-selvmord-i-norge-i-2024\/\" rel=\"noopener nofollow\" target=\"_blank\">FHI<\/a> ble det registrert 739 selvmord i 2024, 543 hos menn og 196 hos kvinner. Man regner i gjennomsnitt 10 p\u00e5r\u00f8rende for hver tragedie, noe som betyr 7390 ber\u00f8rte bare i fjor. Hvert \u00e5r d\u00f8r mellom 600 og 700 mennesker her til lands i selvmord. Mange ganger flere enn i trafikken, hvor Statens vegvesen opplyser at 90 omkom i trafikken i l\u00f8pet av 2024.<\/p>\n<p><strong>Trenger du noen \u00e5 snakke med?<\/strong><\/p>\n<p>Det finnes flere hjelpetelefoner, chattetjenester og st\u00f8ttegrupper der du kan dele tanker og f\u00f8lelser helt anonymt, og f\u00e5 st\u00f8tte, r\u00e5d og veiledning.<\/p>\n<p><strong>For voksne:\u00a0<\/strong>Mental helses hjelpetelefon: tlf. 116 123\u00a0|\u00a0chat:\u00a0<a href=\"https:\/\/sidetmedord.mentalhelse.no\/\" rel=\"noopener nofollow\" target=\"_blank\">sidetmedord.no<\/a><\/p>\n<p>R\u00f8de kors: tlf. 815 55 201<\/p>\n<p>Kirkens SOS: tlf. 22 40 00 40<\/p>\n<p><strong>For barn og unge:<\/strong><\/p>\n<p>Alarmtelefonen for barn og unge:tlf. 116 111\u00a0|\u00a0chat:\u00a0<a href=\"https:\/\/www.116111.no\/\" rel=\"noopener nofollow\" target=\"_blank\">116111.no<\/a><\/p>\n<p>Kors p\u00e5 halsen (drevet av R\u00f8de kors): tlf. 800 333 21<\/p>\n<p>Mental helse ungdoms chat:\u00a0<a href=\"https:\/\/mentalhelseungdom.no\/fa-hjelp\/\" rel=\"noopener nofollow\" target=\"_blank\">mentalhelseungdom.no\/fa-hjelp\/<\/a><\/p>\n<p>Og mens samfunnet fors\u00f8ker \u00e5 finne ut av \u00e5rsaken til de skyh\u00f8ye selvmordstallene, forteller studier om \u00f8kt forekomst av posttraumatiske stressreaksjoner, forlenget sorg, depresjon, angst og selvmordstanker og\/eller -fors\u00f8k hos etterlatte etter selvmord.<\/p>\n<p>Den samme gruppen opplever ogs\u00e5 ofte h\u00f8yere niv\u00e5er av avvisningsf\u00f8lelse, skam, stigma og behov for a\u030a skjule det som har skjedd.<\/p>\n<p>Be om hjelp<\/p>\n<p>Heller ikke lokalt slipper man unna urovekkende selvmordstall. Alta-samfunnet har gjennom de to siste \u00e5rene opplevd at tosifret antall mennesker har valgt d\u00f8den fremfor livet. I kj\u00f8lvannet ligger det  mange p\u00e5r\u00f8rende, b\u00e5de barn og voksne.<\/p>\n<p>If\u00f8lge fungerende avdelingsdirekt\u00f8r Kim Stene-Larsen ved Folkehelseinstituttet, er \u00e5rsaken til selvmord sammensatte. B\u00e5de s\u00e5rbarhetsfaktorer ved personen og risikofaktorer i milj\u00f8et kan p\u00e5virke. I mange tilfeller vil det v\u00e6re en konkret utl\u00f8sende hendelse som for eksempel en relasjonskonflikt eller en livskrise.<\/p>\n<p>Rundt 1 av 20 opplever selvmordstanker i l\u00f8pet av livet, skriver organisasjonen LEVE p\u00e5 egne hjemmesider. De aller fleste vil ikke d\u00f8, men \u00f8nsker en endring som gj\u00f8r det mulig \u00e5 leve videre.<\/p>\n<p>Selv om det kan v\u00e6re vanvittig vanskelig oppfordres de som har tunge tanker om \u00e5 snakke med noen man stoler p\u00e5, eksempelvis et familiemedlem, en n\u00e6r venn, fastlegen eller annet helsepersonell.<\/p>\n<p>Vi har nemlig ingen flere \u00e5 miste, og d\u00f8den er ikke en l\u00f8sning.<\/p>\n<p>St\u00f8rre \u00e5penhet<\/p>\n<p>Tidligere var det allmenn oppfatning om at man ikke skulle snakke om selvmord. Dette er i ferd med \u00e5 endre seg. I et intervju med <a href=\"https:\/\/www.vg.no\/nyheter\/i\/nyR6Oa\/petter-eide-i-leve-vi-maa-toerre-aa-snakke-om-selvmord\" rel=\"noopener nofollow\" target=\"_blank\">VG<\/a> fra april i fjor uttalte blant annet styreleder i LEVE, Petter Eide, at tabuene rundt selvmord, ikke bare gj\u00f8r det vanskelig for etterlatte \u00e5 komme gjennom sorgen, men ogs\u00e5 at vi som samfunn aldri f\u00e5r noen ordentlig samtale om problematikken.<\/p>\n<p>St\u00f8rre \u00e5penhet vil ogs\u00e5 gj\u00f8re det lettere for de med akutte selvmordstanker \u00e5 s\u00f8ke hjelp, mente han.<\/p>\n<p>I tillegg p\u00e5pekte Eide frav\u00e6ret av politiske partier i debatten. For hvor er egentlig dem. Det er ikke lite oppsiktsvekkende hvor frav\u00e6rende samtlige er.<\/p>\n<p>Det er imidlertid ikke bare st\u00f8tteorganisasjoner for etterlatte og andre ber\u00f8rte som g\u00e5r i bresjen for \u00e5penhet rundt temaet.<\/p>\n<p>I forbindelse med Verdensdagen for psykisk helse holdt Alta mannskor konsert for \u00e5 rette s\u00f8kelys mot de mange selvmordene lokalt.<\/p>\n<p>\u2013 Vi har v\u00e6rt i noen begravelser de siste to \u00e5rene, til mennesker som valgte \u00e5 avslutte livet, fortalte Fred Ivar Opg\u00e5rd til Altaposten.<\/p>\n<p>Ogs\u00e5 media har tatt et oppgj\u00f8r med deg selv. Ved inngangen av fjor\u00e5ret ble V\u00e6r Varsom-plakatens punkt 4.9 om omtale av selvmord vesentlig endret.<\/p>\n<p>Den nye teksten reflekterer endringene som gradvis har skjedd b\u00e5de i samfunnet og i den praktiserte presseetikken gjennom flere \u00e5r.<\/p>\n<p>N\u00e5 er ordlyden at selvmord er et alvorlig samfunnsproblem som mediene b\u00f8r og kan dekke, men v\u00e6re forsiktig med opplysninger rundt selvmord, og bruke et n\u00f8kternt spr\u00e5k.<\/p>\n<p>Ikke farlig \u00e5 snakke om <\/p>\n<p>En som ogs\u00e5 jobber for mer \u00e5penhet og kunnskap rundt selvmord er Maud Angelica Behn. Som datter av prinsesse M\u00e4rtha Louise og den profilerte forfatteren og kunstneren Ari Behn fikk familien stor oppmerksomhet da faren gikk bort i romjulen for seks \u00e5r siden etter selvmord. I dag jobber 22-\u00e5ringen aktivt med selvmordsforebygging.<\/p>\n<p>\u2013 Jeg har bare s\u00e5 lyst til \u00e5 bidra til \u00e5penhet rundt dette, for jeg er overbevisst om at det er den riktige veien \u00e5 g\u00e5, sa hun til avisa sist oktober.<\/p>\n<p>Og la til:<\/p>\n<p>\u2013 Jeg vil overbevise folk som har det tungt om \u00e5 velge livet og be om hjelp.<\/p>\n<p><a href=\"https:\/\/www.altaposten.no\/nyheter\/i\/7pnB1w\/maud-angelica-til-altaposten-jeg-forsoeker-aa-vinne-julehoeytiden-tilbake\" rel=\"nofollow noopener\" target=\"_blank\"> <img decoding=\"async\" src=\"data:image\/gif;base64,R0lGODlhEAAJAIAAAP\/\/\/wAAACH5BAEAAAAALAAAAAAQAAkAAAIKhI+py+0Po5yUFQA7\" alt=\"\"\/>   Maud Angelica til Altaposten: \u2013 Jeg fors\u00f8ker \u00e5 vinne juleh\u00f8ytiden tilbake  <\/a> <\/p>\n<p>Og det har hun trolig rett i. B\u00e5de som samfunn og enkeltmenneske m\u00e5 vi v\u00e5ge \u00e5 snakke om selvmord. Dette vil ikke bare gj\u00f8r det lettere for folk som har selvmordstanker \u00e5 s\u00f8ke hjelp, men ogs\u00e5 bidra til at etterlatte i st\u00f8rre grad slipper skam og stigma.<\/p>\n<p>Mange er redde for at det \u00e5 sp\u00f8rre om selvmordstanker kan \u00f8ke faren for selvmord. Slik er det ikke, if\u00f8lge helsenorge.no.  Det er ikke noe som tyder p\u00e5 at det er farlig \u00e5 snakke om selvmordstanker, eller at det kan forsterke tanken om selvmord.<\/p>\n<p>Slipper ikke taket<\/p>\n<p>Etter intervjuet med Maud Angelica Behn hadde hun og jeg en lang samtale om livet og om d\u00f8den.<\/p>\n<p>Hun spurte meg om hvordan jeg opplever sorgen n\u00e5, mange \u00e5r etter. Jeg svarte at selv om jeg ikke tenker p\u00e5 Tommy hver dag lenger, er savnet og smerten fortsatt der. Som den alltid vil v\u00e6re.<\/p>\n<p>B\u00e5de som samfunn og enkeltpersoner har vi ingen flere \u00e5 miste. S\u00e5 v\u00e6r sterk, S\u00e5 v\u00e6r sterk, be om hjelp hvis du b\u00e6rer p\u00e5 tunge og m\u00f8rke tanker. Det er ikke for sent.<\/p>\n<p><img decoding=\"async\" src=\"data:image\/gif;base64,R0lGODlhEAAJAIAAAP\/\/\/wAAACH5BAEAAAAALAAAAAAQAAkAAAIKhI+py+0Po5yUFQA7\" alt=\"\"\/><br \/>\n  Freddy Ludvik Larsen, journalist, Altaposten<br \/>\n  <strong>Foto:<\/strong> Tom-Birger Anundsen \/ Altaposten Freddy Ludvik Larsen, journalist Altaposten <\/p>\n<p>Foto: Tom-Birger Anundsen \/ Altaposten<\/p>\n","protected":false},"excerpt":{"rendered":"\u00abHar du ikke h\u00f8rt det? Tommy er d\u00f8d\u00bb. Jeg glemmer det aldri. Desemberdagen for 20 \u00e5r siden. Da&hellip;\n","protected":false},"author":2,"featured_media":125525,"comment_status":"","ping_status":"","sticky":false,"template":"","format":"standard","meta":{"footnotes":""},"categories":[10],"tags":[6119,20,21,24,25,3525,15,266,22,23,5110,5805,13,30,28,29,14,16,1736,26,27],"class_list":{"0":"post-125524","1":"post","2":"type-post","3":"status-publish","4":"format-standard","5":"has-post-thumbnail","7":"category-norge","8":"tag-ari-behn","9":"tag-breaking-news","10":"tag-breakingnews","11":"tag-featured-news","12":"tag-featurednews","13":"tag-folkehelseinstituttet","14":"tag-headlines","15":"tag-kommentar","16":"tag-latest-news","17":"tag-latestnews","18":"tag-leve","19":"tag-maud-angelica-behn","20":"tag-news","21":"tag-no","22":"tag-norge","23":"tag-norway","24":"tag-nyheter","25":"tag-overskrifter","26":"tag-selvmord","27":"tag-top-stories","28":"tag-topstories"},"share_on_mastodon":{"url":"https:\/\/pubeurope.com\/@no\/115814419795811578","error":""},"_links":{"self":[{"href":"https:\/\/www.europesays.com\/no\/wp-json\/wp\/v2\/posts\/125524","targetHints":{"allow":["GET"]}}],"collection":[{"href":"https:\/\/www.europesays.com\/no\/wp-json\/wp\/v2\/posts"}],"about":[{"href":"https:\/\/www.europesays.com\/no\/wp-json\/wp\/v2\/types\/post"}],"author":[{"embeddable":true,"href":"https:\/\/www.europesays.com\/no\/wp-json\/wp\/v2\/users\/2"}],"replies":[{"embeddable":true,"href":"https:\/\/www.europesays.com\/no\/wp-json\/wp\/v2\/comments?post=125524"}],"version-history":[{"count":0,"href":"https:\/\/www.europesays.com\/no\/wp-json\/wp\/v2\/posts\/125524\/revisions"}],"wp:featuredmedia":[{"embeddable":true,"href":"https:\/\/www.europesays.com\/no\/wp-json\/wp\/v2\/media\/125525"}],"wp:attachment":[{"href":"https:\/\/www.europesays.com\/no\/wp-json\/wp\/v2\/media?parent=125524"}],"wp:term":[{"taxonomy":"category","embeddable":true,"href":"https:\/\/www.europesays.com\/no\/wp-json\/wp\/v2\/categories?post=125524"},{"taxonomy":"post_tag","embeddable":true,"href":"https:\/\/www.europesays.com\/no\/wp-json\/wp\/v2\/tags?post=125524"}],"curies":[{"name":"wp","href":"https:\/\/api.w.org\/{rel}","templated":true}]}}