{"id":125528,"date":"2025-12-31T13:36:07","date_gmt":"2025-12-31T13:36:07","guid":{"rendered":"https:\/\/www.europesays.com\/no\/125528\/"},"modified":"2025-12-31T13:36:07","modified_gmt":"2025-12-31T13:36:07","slug":"ardal-ulukke-kvinne-skadd-pa-fjelltur-treng-assistanse-for-a-koma-ned","status":"publish","type":"post","link":"https:\/\/www.europesays.com\/no\/125528\/","title":{"rendered":"\u00c5rdal, Ulukke | Kvinne skadd p\u00e5 fjelltur, treng assistanse for \u00e5 koma ned"},"content":{"rendered":"\n<p>Brannvesen, helsepersonell og Norsk Folkehjelp er mobilisert etter at ei kvinne i eit turf\u00f8lgje p\u00e5 tre fekk problem ved Ramneberg ovanfor \u00d8vre \u00c5rdal onsdag f\u00f8remiddag.<\/p>\n<p>\u2013 Ei kvinne har falle p\u00e5 tur og moglegens f\u00e5tt skulder ut av ledd. Ho er i eit turf\u00f8lgje p\u00e5 tre og p\u00e5 kjent person. Folk fr\u00e5 Norsk Folkehjelp, brannmannskap og helse er p\u00e5 veg opp til kvinna, seier Knut Dahl- Michelsen, operasjonsleiar i Vest politidistrikt klokka 13.30 onsdag.<\/p>\n<p>Meldinga kom til politiet klokka 12.50.<\/p>\n<p>Operasjonsleiar seier det har vore vurdert \u00e5 kalla ut luftambulanse for \u00e5 hjelpa turg\u00e5aren.<\/p>\n<p>Klokka 14.04 er brannmannskap og helsehjelp framme ved den skadde. Det er sendt eit redningshelikopter mot staden for \u00e5 hjelpa til med \u00e5 f\u00e5 frakta pasienten ned, opplyser Vest politidistrikt.<\/p>\n","protected":false},"excerpt":{"rendered":"Brannvesen, helsepersonell og Norsk Folkehjelp er mobilisert etter at ei kvinne i eit turf\u00f8lgje p\u00e5 tre fekk problem&hellip;\n","protected":false},"author":2,"featured_media":4378,"comment_status":"","ping_status":"","sticky":false,"template":"","format":"standard","meta":{"footnotes":""},"categories":[10],"tags":[5342,36,20,21,24,25,15,736,2357,22,23,13,30,28,29,14,16,1510,26,27,4501],"class_list":{"0":"post-125528","1":"post","2":"type-post","3":"status-publish","4":"format-standard","5":"has-post-thumbnail","7":"category-norge","8":"tag-ardal","9":"tag-art","10":"tag-breaking-news","11":"tag-breakingnews","12":"tag-featured-news","13":"tag-featurednews","14":"tag-headlines","15":"tag-helse","16":"tag-krim-og-politi","17":"tag-latest-news","18":"tag-latestnews","19":"tag-news","20":"tag-no","21":"tag-norge","22":"tag-norway","23":"tag-nyheter","24":"tag-overskrifter","25":"tag-story","26":"tag-top-stories","27":"tag-topstories","28":"tag-ulukke"},"share_on_mastodon":{"url":"https:\/\/pubeurope.com\/@no\/115814451251451504","error":""},"_links":{"self":[{"href":"https:\/\/www.europesays.com\/no\/wp-json\/wp\/v2\/posts\/125528","targetHints":{"allow":["GET"]}}],"collection":[{"href":"https:\/\/www.europesays.com\/no\/wp-json\/wp\/v2\/posts"}],"about":[{"href":"https:\/\/www.europesays.com\/no\/wp-json\/wp\/v2\/types\/post"}],"author":[{"embeddable":true,"href":"https:\/\/www.europesays.com\/no\/wp-json\/wp\/v2\/users\/2"}],"replies":[{"embeddable":true,"href":"https:\/\/www.europesays.com\/no\/wp-json\/wp\/v2\/comments?post=125528"}],"version-history":[{"count":0,"href":"https:\/\/www.europesays.com\/no\/wp-json\/wp\/v2\/posts\/125528\/revisions"}],"wp:featuredmedia":[{"embeddable":true,"href":"https:\/\/www.europesays.com\/no\/wp-json\/wp\/v2\/media\/4378"}],"wp:attachment":[{"href":"https:\/\/www.europesays.com\/no\/wp-json\/wp\/v2\/media?parent=125528"}],"wp:term":[{"taxonomy":"category","embeddable":true,"href":"https:\/\/www.europesays.com\/no\/wp-json\/wp\/v2\/categories?post=125528"},{"taxonomy":"post_tag","embeddable":true,"href":"https:\/\/www.europesays.com\/no\/wp-json\/wp\/v2\/tags?post=125528"}],"curies":[{"name":"wp","href":"https:\/\/api.w.org\/{rel}","templated":true}]}}