{"id":125529,"date":"2025-12-31T13:42:12","date_gmt":"2025-12-31T13:42:12","guid":{"rendered":"https:\/\/www.europesays.com\/no\/125529\/"},"modified":"2025-12-31T13:42:12","modified_gmt":"2025-12-31T13:42:12","slug":"mistenker-sabotasje-dagbladet","status":"publish","type":"post","link":"https:\/\/www.europesays.com\/no\/125529\/","title":{"rendered":"Mistenker sabotasje &#8211; Dagbladet"},"content":{"rendered":"<ol>\n<li><a href=\"https:\/\/news.google.com\/rss\/articles\/CBMibkFVX3lxTE5sTlluWHkteGQwZHhqTmVsNnplWGplamQzVUxSZEc3VmYtSzRmbmlIcGNrc0pTNU5haVlLamZ4S1RZTXR1MlBtVW0yUHZqZ0hhLUgybEtzbXNpVm14bnl6YllZOFhBbWJ4Y01FdEdB?oc=5\" target=\"_blank\" rel=\"nofollow noopener\">Mistenker sabotasje<\/a>&nbsp;&nbsp;Dagbladet<\/li>\n<li><a href=\"https:\/\/news.google.com\/rss\/articles\/CBMikwFBVV95cUxQdTJRVzJYOERmMm9mbWhvbE8tVGtyRno3YTUwOC1ELTVra0NmSTRrNC0ta3ZGbDZxVVZ6U2VIOXhaLUw0MUJhb2x6TlF6d3BUdVVfOVEybVRXWG50Rm1LdTR1STNTN2h5LWhmNE9sZWZKc2lQcVRMQUN6Q2Q1b0VEX2sxSjFIMmxTU3pzRnFEQlRDWDQ?oc=5\" target=\"_blank\" rel=\"nofollow noopener\">n\u00e5: Stubb: Fart\u00f8y inspisert etter kabelskade i Finskebukta<\/a>&nbsp;&nbsp;VG<\/li>\n<li><a href=\"https:\/\/news.google.com\/rss\/articles\/CBMivAFBVV95cUxPLWYxdzFibzR6NmFlYktCM0w2c21COEMxMDJ6cU9rUzZ4Z0ZFUkJfdGJvX2c5Q3FCVHlDaFRpWVJqMUVwZ2NnRlRoY2RGQWp0SGdhNWdlV25Zd3pqR3RPaEhwRFBDOEk2ajh2Zm9aLUt4NEhvVGF0aW9HSFhGSmRVb0doLVktMml3bEdETDZOWWtqemM2azktRWhodU5nUkRTb3N4Yk5UcVJmaUVFUnhERFJKcEtRX0M1MDlvLQ?oc=5\" target=\"_blank\" rel=\"nofollow noopener\">Kystvakt tok beslag i skip: Mistenkes for skade p\u00e5 kabel<\/a>&nbsp;&nbsp;Finansavisen<\/li>\n<li><a href=\"https:\/\/news.google.com\/rss\/articles\/CBMimAFBVV95cUxQNVRLTVNHRTRhb2l6MG9ReDVvLWFTWHlsZzFjR29fV1ZwV2hJQXZYSjlSMkdjMnVsTDR6NkgtSTBWMmlMeDVNUVRiRDlmYkZRZHo1WjhnU0RIb29fYXJndWtHSWpWem00SVgtLTg3NWxTeklCSlZvODI5ZGRRQjJibkxMcXJ3ODBNOUYtMG9GSnQ5VU9pUHFlNQ?oc=5\" target=\"_blank\" rel=\"nofollow noopener\">Finland har tatt skip i varetekt \u2013 mistenkt for kabelskade<\/a>&nbsp;&nbsp;TV2.no<\/li>\n<li><a href=\"https:\/\/news.google.com\/rss\/articles\/CBMigwFBVV95cUxNYVRUQ0JqVHhpOWpkeVhCUVJKRG5aUkFxRDFWS0dkaUxGZ2wxQUVnUERfTFZTaDg1dGYwYjJ0UDdkUWhnemZmT2VxS1lkekpOckdaYldiQklfWF9rMHFqRkNabVlTeGV1Y3hiRXV2c0diMHhuNjFLU3VFQWtId3dxQ2l3OA?oc=5\" target=\"_blank\" rel=\"nofollow noopener\">Utenriksstudio &#8211; Finsk kystvakt tok beslag i skip \u2013 mistenkes for \u00e5 st\u00e5 bak skade p\u00e5 kabel<\/a>&nbsp;&nbsp;Stavanger Aftenblad<\/li>\n<\/ol>\n","protected":false},"excerpt":{"rendered":"Mistenker sabotasje&nbsp;&nbsp;Dagbladet n\u00e5: Stubb: Fart\u00f8y inspisert etter kabelskade i Finskebukta&nbsp;&nbsp;VG Kystvakt tok beslag i skip: Mistenkes for skade&hellip;\n","protected":false},"author":2,"featured_media":125530,"comment_status":"","ping_status":"","sticky":false,"template":"","format":"standard","meta":{"footnotes":""},"categories":[12],"tags":[20,21,24,25,15,22,23,13,30,28,29,14,16,26,27,412,42,43,44,45],"class_list":{"0":"post-125529","1":"post","2":"type-post","3":"status-publish","4":"format-standard","5":"has-post-thumbnail","7":"category-verden","8":"tag-breaking-news","9":"tag-breakingnews","10":"tag-featured-news","11":"tag-featurednews","12":"tag-headlines","13":"tag-latest-news","14":"tag-latestnews","15":"tag-news","16":"tag-no","17":"tag-norge","18":"tag-norway","19":"tag-nyheter","20":"tag-overskrifter","21":"tag-top-stories","22":"tag-topstories","23":"tag-utenriks","24":"tag-verden","25":"tag-world","26":"tag-world-news","27":"tag-worldnews"},"share_on_mastodon":{"url":"https:\/\/pubeurope.com\/@no\/115814474972703988","error":""},"_links":{"self":[{"href":"https:\/\/www.europesays.com\/no\/wp-json\/wp\/v2\/posts\/125529","targetHints":{"allow":["GET"]}}],"collection":[{"href":"https:\/\/www.europesays.com\/no\/wp-json\/wp\/v2\/posts"}],"about":[{"href":"https:\/\/www.europesays.com\/no\/wp-json\/wp\/v2\/types\/post"}],"author":[{"embeddable":true,"href":"https:\/\/www.europesays.com\/no\/wp-json\/wp\/v2\/users\/2"}],"replies":[{"embeddable":true,"href":"https:\/\/www.europesays.com\/no\/wp-json\/wp\/v2\/comments?post=125529"}],"version-history":[{"count":0,"href":"https:\/\/www.europesays.com\/no\/wp-json\/wp\/v2\/posts\/125529\/revisions"}],"wp:featuredmedia":[{"embeddable":true,"href":"https:\/\/www.europesays.com\/no\/wp-json\/wp\/v2\/media\/125530"}],"wp:attachment":[{"href":"https:\/\/www.europesays.com\/no\/wp-json\/wp\/v2\/media?parent=125529"}],"wp:term":[{"taxonomy":"category","embeddable":true,"href":"https:\/\/www.europesays.com\/no\/wp-json\/wp\/v2\/categories?post=125529"},{"taxonomy":"post_tag","embeddable":true,"href":"https:\/\/www.europesays.com\/no\/wp-json\/wp\/v2\/tags?post=125529"}],"curies":[{"name":"wp","href":"https:\/\/api.w.org\/{rel}","templated":true}]}}