{"id":125533,"date":"2025-12-31T13:51:12","date_gmt":"2025-12-31T13:51:12","guid":{"rendered":"https:\/\/www.europesays.com\/no\/125533\/"},"modified":"2025-12-31T13:51:12","modified_gmt":"2025-12-31T13:51:12","slug":"person-gjennom-isen-pa-noklevann-i-oslo","status":"publish","type":"post","link":"https:\/\/www.europesays.com\/no\/125533\/","title":{"rendered":"Person gjennom isen p\u00e5 N\u00f8klevann i Oslo"},"content":{"rendered":"<p class=\"extendedContent hyperion-css-eyn926\" data-test-tag=\"lead-text\">Personen er n\u00e5 p\u00e5 land, if\u00f8lge politiet. <\/p>\n<p class=\"paywall hyperion-css-1j42uic\">En person har g\u00e5tt gjennom isen p\u00e5 N\u00f8klevann. Det var flere personer til stede, hvorav en hadde redningsline tilgjengelig som ble anvendt for \u00e5 redde vedkommende opp av vannet, skriver politiet. <\/p>\n<p class=\"paywall hyperion-css-1j42uic\">N\u00f8detatene er p\u00e5 vei for \u00e5 gi n\u00f8dvendig helsehjelp. Vedkommende skal v\u00e6re bevisst og i god form. <\/p>\n<p class=\"paywall hyperion-css-1j42uic\">\u2013 Minner om at isen fortsatt er utrygg, og det b\u00f8r utvises forsiktighet dersom man skal ferdes p\u00e5 isen p\u00e5 de ulike vannene i Oslo\/Asker\/B\u00e6rum, skriver politiet. <\/p>\n","protected":false},"excerpt":{"rendered":"Personen er n\u00e5 p\u00e5 land, if\u00f8lge politiet. En person har g\u00e5tt gjennom isen p\u00e5 N\u00f8klevann. Det var flere&hellip;\n","protected":false},"author":2,"featured_media":914,"comment_status":"","ping_status":"","sticky":false,"template":"","format":"standard","meta":{"footnotes":""},"categories":[10],"tags":[20,21,24,25,15,22,23,13,30,28,29,14,16,26,27],"class_list":{"0":"post-125533","1":"post","2":"type-post","3":"status-publish","4":"format-standard","5":"has-post-thumbnail","7":"category-norge","8":"tag-breaking-news","9":"tag-breakingnews","10":"tag-featured-news","11":"tag-featurednews","12":"tag-headlines","13":"tag-latest-news","14":"tag-latestnews","15":"tag-news","16":"tag-no","17":"tag-norge","18":"tag-norway","19":"tag-nyheter","20":"tag-overskrifter","21":"tag-top-stories","22":"tag-topstories"},"share_on_mastodon":{"url":"https:\/\/pubeurope.com\/@no\/115814510335479791","error":""},"_links":{"self":[{"href":"https:\/\/www.europesays.com\/no\/wp-json\/wp\/v2\/posts\/125533","targetHints":{"allow":["GET"]}}],"collection":[{"href":"https:\/\/www.europesays.com\/no\/wp-json\/wp\/v2\/posts"}],"about":[{"href":"https:\/\/www.europesays.com\/no\/wp-json\/wp\/v2\/types\/post"}],"author":[{"embeddable":true,"href":"https:\/\/www.europesays.com\/no\/wp-json\/wp\/v2\/users\/2"}],"replies":[{"embeddable":true,"href":"https:\/\/www.europesays.com\/no\/wp-json\/wp\/v2\/comments?post=125533"}],"version-history":[{"count":0,"href":"https:\/\/www.europesays.com\/no\/wp-json\/wp\/v2\/posts\/125533\/revisions"}],"wp:featuredmedia":[{"embeddable":true,"href":"https:\/\/www.europesays.com\/no\/wp-json\/wp\/v2\/media\/914"}],"wp:attachment":[{"href":"https:\/\/www.europesays.com\/no\/wp-json\/wp\/v2\/media?parent=125533"}],"wp:term":[{"taxonomy":"category","embeddable":true,"href":"https:\/\/www.europesays.com\/no\/wp-json\/wp\/v2\/categories?post=125533"},{"taxonomy":"post_tag","embeddable":true,"href":"https:\/\/www.europesays.com\/no\/wp-json\/wp\/v2\/tags?post=125533"}],"curies":[{"name":"wp","href":"https:\/\/api.w.org\/{rel}","templated":true}]}}