{"id":125537,"date":"2025-12-31T13:58:12","date_gmt":"2025-12-31T13:58:12","guid":{"rendered":"https:\/\/www.europesays.com\/no\/125537\/"},"modified":"2025-12-31T13:58:12","modified_gmt":"2025-12-31T13:58:12","slug":"valentina-flyktet-fra-russland-det-er-farlig-nrk-sapmi","status":"publish","type":"post","link":"https:\/\/www.europesays.com\/no\/125537\/","title":{"rendered":"Valentina flyktet fra Russland: \u2013 Det er farlig \u2013 NRK S\u00e1pmi"},"content":{"rendered":"<p><a href=\"https:\/\/www.nrk.no\/sapmi\/valentina-bahtarii-ruo__as_-_-dat-navdet-mu-terroristan-1.17705162\" ec-id=\"pp:article:1.17705162\" ec-name=\"Loga s\u00e1megillii.\" rel=\"nofollow noopener\" target=\"_blank\">Loga s\u00e1megillii.<\/a><\/p>\n<p>Valentina Sovkina l\u00e5 og sov da hun h\u00f8rte noen banke p\u00e5 d\u00f8ren hennes i Lovozero i Russland.<\/p>\n<p>I halvs\u00f8vne gikk hun for \u00e5 se hvem som kom p\u00e5 bes\u00f8k.<\/p>\n<p>\u2013 Jeg var sikker p\u00e5 at det var min s\u00f8nn som kom, sier Valentina.\n<\/p>\n<p><img decoding=\"async\"   src=\"data:image\/gif;base64,R0lGODlhAQABAIAAAAAAAP\/\/\/yH5BAEAAAAALAAAAAABAAEAAAIBRAA7\" loading=\"eager\" alt=\"Bildet viser en utsikt gjennom et vindu med en samisk flagg hengende fra kanten. Utenfor strekker det sn\u00f8dekte landskapet seg bortover, der tr\u00e6r og bygninger kan sees. Det er en klar bl\u00e5 himmel, og landskapet er preget av sn\u00f8 og vinterlys. Synet gir inntrykk av ro og stillhet i naturen. (Bildebeskrivelsen er laget av en KI-tjeneste)\" title=\"Foto: Valentina Sovkina \/ Privat\"\/><\/p>\n<p class=\"\">Det er god utsikt fra Valentinas hus i Lovozero.\u00a0<\/p>\n<p>Foto: Valentina Sovkina \/ Privat<\/p>\n<p>Da hun \u00e5pnet d\u00f8ren, s\u00e5 hun syv FSB-ansatte p\u00e5 trappa.<\/p>\n<p>Flere bar v\u00e5pen, og noen hadde svarte balaklavaer p\u00e5 hodet.<\/p>\n<p>De hadde en ransakelsesordre fra Murmansk i h\u00e5nden og sa til Valentina at de m\u00e5 f\u00e5 komme inn.<\/p>\n<p><strong>De mener at hun er tilknyttet en ekstremistisk organisasjon.<\/strong><\/p>\n<p>M\u00e5 r\u00f8mme<\/p>\n<p>Agentene ble i Valentinas bolig i over fire timer.<\/p>\n<p>De unders\u00f8kte alle dokumentene hun hadde i huset, og la dem pent tilbake.<\/p>\n<p>Ogs\u00e5 passene hennes ble det tatt kopier av.<\/p>\n<p>Hun har b\u00e5de russisk pass og FN-pass. Valentina er nemlig medlem av FNs permanente forum for urfolkssaker.<\/p>\n<p>\u2013 De tok to telefoner, gamle notater og en PC, sier Valentina.\n<\/p>\n<p><img decoding=\"async\"   src=\"data:image\/gif;base64,R0lGODlhAQABAIAAAAAAAP\/\/\/yH5BAEAAAAALAAAAAABAAEAAAIBRAA7\" loading=\"eager\" alt=\"Valentina Sovkina ble fratatt telefonen\" title=\"Foto: Eilif Andreas Aslaksen \/ NRK\"\/><\/p>\n<p class=\"\">Valentina har skaffet seg en telefon for \u00e5 kunne kommunisere.<\/p>\n<p>Foto: Eilif Andreas Aslaksen \/ NRK<\/p>\n<p>De pr\u00f8vde ogs\u00e5 \u00e5 sp\u00f8rre etter passordet til Valentinas telefon, men det nektet hun \u00e5 gi fra seg.<\/p>\n<p>\u2013 Da pakket de sammen, stemplet papiret og gikk.<\/p>\n<p>De sa ogs\u00e5 at hvis de ikke fant noe i hennes utstyr, s\u00e5 ville hun f\u00e5 det tilbake etter fem dager.<\/p>\n<p>Valentina forsto at hun m\u00e5tte komme seg vekk.<\/p>\n<p>\u2013 Russisk fengsel er ikke noe hotell<\/p>\n<p>P\u00e5 norsk side av grensa i Nesseby bor Valentinas ektemann.<\/p>\n<p>\u2013 Jeg ble veldig bekymret da jeg h\u00f8rte om hendelsen, sier Bjarne Store-Jakobsen.<\/p>\n<p>Han mener det var \u00e5penbart at russiske myndigheter ga Valentina mulighet til \u00e5 flykte.<\/p>\n<p><img decoding=\"async\"   src=\"data:image\/gif;base64,R0lGODlhAQABAIAAAAAAAP\/\/\/yH5BAEAAAAALAAAAAABAAEAAAIBRAA7\" loading=\"eager\" alt=\"Valentina Sovkina og Bjarne Store-Jakobsen hjemme i Nesseby.\" title=\"Foto: Eilif Andreas Aslaksen \/ NRK\"\/><\/p>\n<p class=\"\">Valentina og Bjarne ble skremt da agenter kom for \u00e5 ransake huset hennes.<\/p>\n<p>Foto: Eilif Andreas Aslaksen \/ NRK<\/p>\n<p>Agentene tok nemlig ikke passene hennes, noe de kunne ha gjort hvis de ville holde henne i Russland.<\/p>\n<p>Ektemannen Bjarne tror ikke at de ville oppf\u00f8rt seg like fint neste gang de kom p\u00e5 d\u00f8ra.<\/p>\n<p>\u2013 Da ville de ha arrestert henne. Vi vet jo at russiske fanger ikke blir behandlet pent; det er ikke noe hotell.<\/p>\n<p>Forlater Russland<\/p>\n<p>To dager etter ransakelsen, setter Valentina seg p\u00e5 bussen.<\/p>\n<p>Bussen skal frakte henne over grensen til Norge.<\/p>\n<p>Valentina forlater sin familie, sine to katter og to hunder i Lovozero.<\/p>\n<p>Hun vet ikke n\u00e5r hun f\u00e5r se dem igjen.<\/p>\n<p><img decoding=\"async\"   src=\"data:image\/gif;base64,R0lGODlhAQABAIAAAAAAAP\/\/\/yH5BAEAAAAALAAAAAABAAEAAAIBRAA7\" loading=\"eager\" alt=\"Tre kj\u00e6ledyr ligger p\u00e5 et beige gulv; en svart katt, en stor hund med brunt og svart pels, og en liten hvit hund. Katten ligger til venstre med oppmerksomhet rettet mot hunden. Den store hunden ligger p\u00e5 siden, mens den lille hunden st\u00e5r i n\u00e6rheten. Omgivelsene viser et enkelt rom med et m\u00f8nstrete gulv. (Bildebeskrivelsen er laget av en KI-tjeneste)\" title=\"Foto: Valentina Sovkina \/ Privat\"\/><\/p>\n<p class=\"\">Valentina har to barn, og fire katter og hunder i Lovozero.<\/p>\n<p>Foto: Valentina Sovkina \/ Privat<\/p>\n<p><strong>\u2013 Jeg vil ikke reise. For det er jo p\u00e5 russisk side at mitt land og mitt liv er.<\/strong><\/p>\n<p>Men hun f\u00f8ler at hun m\u00e5.<\/p>\n<p>\u2013 Vil de ransake huset mitt igjen? Hva er det egentlig de leter etter? Hva vil de finne? Vil jeg f\u00e5 lov til \u00e5 krysse grensen?<\/p>\n<p>Sp\u00f8rsm\u00e5lene kverner i hodet p\u00e5 Valentina n\u00e5r hun sitter p\u00e5 bussen.<\/p>\n<p>\u2013 Og s\u00e5 sovner jeg. N\u00e5r jeg er stresset, blir jeg alltid s\u00f8vnig.<\/p>\n<p>Hun krysser riksgrensen uten problemer.<\/p>\n<p><img decoding=\"async\"   src=\"data:image\/gif;base64,R0lGODlhAQABAIAAAAAAAP\/\/\/yH5BAEAAAAALAAAAAABAAEAAAIBRAA7\" loading=\"eager\" alt=\"Valentina Sovkina og Bjarne Store-Jakobsen p\u00e5 kj\u00f8kkenet.\" title=\"Foto: Eilif Andreas Aslaksen \/ NRK\"\/><\/p>\n<p class=\"\">Valentina og Bjarne holdt p\u00e5 \u00e5 lage middag da NRK var p\u00e5 bes\u00f8k.<\/p>\n<p>Foto: Eilif Andreas Aslaksen \/ NRK<\/p>\n<p>Valentina f\u00e5r komme til Norge og til sin mann.<\/p>\n<p>\u2013 Det var jo veldig bra, sier mannen Bjarne.<\/p>\n<p>\u2013 Dette var en planlagt aksjon<\/p>\n<p>Valentina er kildinsamisk. Hun har sammen med andre representanter for russiske urfolk i lang tid <a href=\"https:\/\/www.nrk.no\/sapmi\/full-skjaering-mellom-russiske-delegater-pa-fn-mote-i-new-york-1.17397864\" ec-id=\"pp:article:1.17397864\" ec-name=\"kritisert landets behandling av dem.\" rel=\"nofollow noopener\" target=\"_blank\">kritisert landets behandling av dem.<\/a><\/p>\n<p>Slik kritikk er ikke lov i Russland.<\/p>\n<p>Myndighetene frykter at urfolksorganisasjoner arbeider for \u00e5 etablere en egen stat.<\/p>\n<p><strong>\u2013 De vil at vi skal danse og joike, og for \u00f8vrig holde kjeft, sier Valentina.<\/strong><\/p>\n<p><img decoding=\"async\"   src=\"data:image\/gif;base64,R0lGODlhAQABAIAAAAAAAP\/\/\/yH5BAEAAAAALAAAAAABAAEAAAIBRAA7\" loading=\"eager\" alt=\"Valentina Sovkina viser en tradisjonelt samisk hodeplagg\" title=\"Foto: Eilif Andreas Aslaksen \/ NRK\"\/><\/p>\n<p class=\"\">Valentina lager samisk h\u00e5ndverk og viser frem ting hun vil gj\u00f8re ferdig.<\/p>\n<p>Foto: Eilif Andreas Aslaksen \/ NRK<\/p>\n<p>I 2024 bestemte russiske myndigheter at personer med tilknytninger til <a href=\"https:\/\/www.nrk.no\/sapmi\/russiske-urfolksorganisasjoner-stemplet-som-ekstremister-1.16980841\" ec-id=\"pp:article:1.16980841\" ec-name=\"55 ulike urfolksorganisasjoner vil bli sett p\u00e5 som ekstremister\" rel=\"nofollow noopener\" target=\"_blank\">55 ulike urfolksorganisasjoner vil bli sett p\u00e5 som ekstremister<\/a>.<\/p>\n<p>Slike som Valentina.<\/p>\n<p>Men det var ikke bare hennes hus som ble ransaket av myndighetene.<\/p>\n<p><strong>17 urfolksledere i Russland opplevde akkurat det samme som Valentina den samme dagen.<\/strong><\/p>\n<p>To personer ble satt i varetekt, opplyser ICIPR i sin <a href=\"https:\/\/icipr.international\/archives\/1312\" ec-id=\"https:\/\/icipr.international\/archives\/1312\" ec-name=\"uttalelse.\" rel=\"nofollow noopener\" target=\"_blank\">uttalelse.<\/a><\/p>\n<p>\u2013 Dette var en planlagt aksjon, sier Valentina.<\/p>\n<p>Hun tror dette var en taktikk for \u00e5 skremme det russiske myndigheter anser som motstandere.<\/p>\n<p><strong>\u2013 Det er farlig \u00e5 tilh\u00f8re en urfolksgruppe i Russland.<\/strong><\/p>\n<p>Urfolk i Russland<\/p>\n<ul>\n<li>Den russiske f\u00f8derasjonen er et fleretnisk samfunn og hjem for mer enn 180 folkegrupper.<\/li>\n<li>Av disse er 40 juridisk anerkjent som urfolk, mindretallsfolk i nord, Sibir og Det fjerne \u00f8sten.<\/li>\n<li>Denne statusen er bundet til at folkegruppen ikke skal v\u00e6re st\u00f8rre enn 50.000, skal holde p\u00e5 sin tradisjonelle livsstil, bo i s\u00e6rlige fjerntliggende regioner i Russland og identifisere seg som truet etnisk samfunn.<\/li>\n<li>Blant disse gruppene h\u00f8rer blant annet evenker, samer, jupiker, nenetsere og komier.<\/li>\n<li>Til sammen finnes det rundt 260.000 mennesker som h\u00f8rer til disse folkegruppene. Det er mindre enn 2 prosent av befolkningen. Russere utgj\u00f8r 78 prosent av befolkningen.<\/li>\n<\/ul>\n<p>Kilde: IWGIA<\/p>\n<p>Vanskelig \u00e5 v\u00e6re urfolk i Russland<\/p>\n<p>Samer\u00e5det har i lang tid fulgt situasjonen for urfolk i Russland.<\/p>\n<p><strong>\u2013 Vi vet at urfolk lenge har hatt en vanskelig situasjon der. Det ser ogs\u00e5 ut til at russiske myndigheter n\u00e5 har skrudd opp trykket, sier generalsekret\u00e6r i Samer\u00e5det \u00c1ile Javo.<\/strong><\/p>\n<p>De har fors\u00f8kt \u00e5 hjelpe b\u00e5de Valentina og andre flyktninger med \u00e5 komme seg i sikkerhet<\/p>\n<p>\u2013 Norge og andre land har sv\u00e6rt strenge regler for \u00e5 slippe inn flyktninger. Det er trist, men slik er situasjonen, sier generalsekret\u00e6ren.\n<\/p>\n<p><img decoding=\"async\"   src=\"data:image\/gif;base64,R0lGODlhAQABAIAAAAAAAP\/\/\/yH5BAEAAAAALAAAAAABAAEAAAIBRAA7\" loading=\"eager\" alt=\"En person st\u00e5r utend\u00f8rs i sn\u00f8en, if\u00f8rt en bl\u00e5 jakke og et fargerikt skjerf. Omgivelsene viser en m\u00f8rk bakgrunn med sn\u00f8dekte bygninger og svakt opplyste lamper. Det er kveld, og himmelen er bl\u00e5svart. Sn\u00f8en reflekterer lysene fra bygningene i omr\u00e5det. (Bildebeskrivelsen er laget av en KI-tjeneste)\" title=\"Foto: Torgeir Varsi \/ NRK\"\/><\/p>\n<p class=\"\">\u00c1ile Javo er generalsekret\u00e6r i Samer\u00e5det. Hun forteller de har hatt kontakt med Utenriksdepartementet om Valentina Sovkina.\u00a0<\/p>\n<p>Foto: Torgeir Varsi \/ NRK<\/p>\n<p>Javo kjenner til Valentinas situasjon, og sier at hun har hatt hell.<\/p>\n<p>\u2013 Hun kan reise inn til Norge og er gift her. Ikke alle har den muligheten. Det er vanskelig \u00e5 gi r\u00e5d til andre i samme situasjon, da det ikke er s\u00e5 mye man kan gj\u00f8re.<\/p>\n<p>Javo mener det er viktig \u00e5 v\u00e6re forsiktig n\u00e5.<\/p>\n<p>\u2013 Alle m\u00e5 tenke p\u00e5 hva man sier og gj\u00f8r, fordi det ikke virker \u00e5 v\u00e6re akseptabelt \u00e5 si noe mot myndighetene.<\/p>\n<p>\u2013 Folks sikkerhet er det aller viktigste.<\/p>\n<p>Hun legger til at de f\u00f8lger n\u00f8ye med p\u00e5 situasjonen framover.<\/p>\n<p>\u2013 Vi pr\u00f8ver p\u00e5 v\u00e5re egne m\u00e5ter \u00e5 p\u00e5virke at situasjonen blir bedre.\n<\/p>\n<p><img decoding=\"async\"   src=\"data:image\/gif;base64,R0lGODlhAQABAIAAAAAAAP\/\/\/yH5BAEAAAAALAAAAAABAAEAAAIBRAA7\" loading=\"eager\" alt=\"Et hundedyr st\u00e5r ved veikanten i en sn\u00f8dekt gate. I bakgrunnen ses bygninger, inkludert en fargerik struktur med tekst p\u00e5 russisk. Omgivelsene er preget av sn\u00f8 og tr\u00e6r uten blader. Himmelens klare bl\u00e5farge gir et klart og solfylt inntrykk. (Bildebeskrivelsen er laget av en KI-tjeneste)\" title=\"Foto: Valentina Sovkina \/ Privat\"\/><\/p>\n<p class=\"\">Valentina forlot blant annet sin hund i Lovozero.<\/p>\n<p>Foto: Valentina Sovkina \/ Privat<\/p>\n<p>Det er ikke bare Valentina som har flyktet til Norge. <a href=\"https:\/\/www.nrk.no\/sapmi\/russisksamiske-andrei-danilov-er-innvilget-beskyttelse-i-norge-1.17532427\" ec-id=\"pp:article:1.17532427\" ec-name=\"Russisk-samiske Andrei Danilov fikk i \u00e5r politisk asyl i Norge.\" rel=\"nofollow noopener\" target=\"_blank\">Russisk-samiske Andrei Danilov fikk i \u00e5r politisk asyl i Norge.<\/a><\/p>\n<p>Vil hjem igjen<\/p>\n<p>Valentina har i tre \u00e5r v\u00e6rt medlem av FNs permanente forum for urfolkssaker.<\/p>\n<p>I januar begynner hun p\u00e5 tre nye \u00e5r som medlem.<\/p>\n<p>Hun skal p\u00e5 ingen m\u00e5te gi opp kampen for urfolks rettigheter, selv om det ikke er trygt \u00e5 v\u00e6re i hjemlandet lenger.<\/p>\n<p>\u2013 Jeg \u00f8nsker \u00e5 returnere hjem etter hvert. N\u00e5 tror jeg at jeg kan gj\u00f8re mer for urfolk utenfor Russland.\n<\/p>\n<p><img decoding=\"async\"   src=\"data:image\/gif;base64,R0lGODlhAQABAIAAAAAAAP\/\/\/yH5BAEAAAAALAAAAAABAAEAAAIBRAA7\" loading=\"eager\" alt=\"Valentina Sovkina og Bjarne Store-Jakobsen p\u00e5 hjemmekontoret i Nesseby\" title=\"Foto: Eilif Andreas Aslaksen \/ NRK\"\/><\/p>\n<p class=\"\">Isbj\u00f8rnbamsen p\u00e5 stolryggen passer p\u00e5 Valentina. \u2013 Som barn kalte de meg for en bj\u00f8rn. Fremover vil Nesseby v\u00e6re hennes trygge hi.\n<\/p>\n<p>Foto: Eilif Andreas Aslaksen \/ NRK<\/p>\n<p>N\u00e5 h\u00e5per b\u00e5de hun og ICIPR at flere vil forst\u00e5 alvoret i situasjonen i Russland.<\/p>\n<p>\u2013 Vi ber internasjonale organisasjoner, menneskerettighetsforkjempere og journalister om \u00e5 forsvare urfolksaktivister i Russland.<\/p>\n<p>Behandler s\u00f8knaden<\/p>\n<p>Utlendingsdirektoratet (UDI) bekrefter at Valentina har s\u00f8kt om opphold i Norge.<\/p>\n<p>\u2013 Vi kommer til \u00e5 vurdere om vilk\u00e5rene for oppholdstillatelse er oppfylt, og hun f\u00e5r svar n\u00e5r saken er ferdig behandlet, sier enhetsleder Ida Aaberge Wikander i UDI Opphold.<\/p>\n<p>UDI sier de ikke har hatt noen form for kontakt med russiske myndigheter i denne saken.<\/p>\n<p>NRK har fors\u00f8kt \u00e5 f\u00e5 tak i Russlands ambassade i Norge for en kommentar til saken, men har ikke lyktes.<\/p>\n<p>Publisert<\/p>\n<p>31.12.2025, kl. 13.30<\/p>\n","protected":false},"excerpt":{"rendered":"Loga s\u00e1megillii. Valentina Sovkina l\u00e5 og sov da hun h\u00f8rte noen banke p\u00e5 d\u00f8ren hennes i Lovozero i&hellip;\n","protected":false},"author":2,"featured_media":125538,"comment_status":"","ping_status":"","sticky":false,"template":"","format":"standard","meta":{"footnotes":""},"categories":[10],"tags":[20,21,24,25,15,22,23,13,30,28,29,14,16,26,27],"class_list":{"0":"post-125537","1":"post","2":"type-post","3":"status-publish","4":"format-standard","5":"has-post-thumbnail","7":"category-norge","8":"tag-breaking-news","9":"tag-breakingnews","10":"tag-featured-news","11":"tag-featurednews","12":"tag-headlines","13":"tag-latest-news","14":"tag-latestnews","15":"tag-news","16":"tag-no","17":"tag-norge","18":"tag-norway","19":"tag-nyheter","20":"tag-overskrifter","21":"tag-top-stories","22":"tag-topstories"},"share_on_mastodon":{"url":"https:\/\/pubeurope.com\/@no\/115814537849327591","error":""},"_links":{"self":[{"href":"https:\/\/www.europesays.com\/no\/wp-json\/wp\/v2\/posts\/125537","targetHints":{"allow":["GET"]}}],"collection":[{"href":"https:\/\/www.europesays.com\/no\/wp-json\/wp\/v2\/posts"}],"about":[{"href":"https:\/\/www.europesays.com\/no\/wp-json\/wp\/v2\/types\/post"}],"author":[{"embeddable":true,"href":"https:\/\/www.europesays.com\/no\/wp-json\/wp\/v2\/users\/2"}],"replies":[{"embeddable":true,"href":"https:\/\/www.europesays.com\/no\/wp-json\/wp\/v2\/comments?post=125537"}],"version-history":[{"count":0,"href":"https:\/\/www.europesays.com\/no\/wp-json\/wp\/v2\/posts\/125537\/revisions"}],"wp:featuredmedia":[{"embeddable":true,"href":"https:\/\/www.europesays.com\/no\/wp-json\/wp\/v2\/media\/125538"}],"wp:attachment":[{"href":"https:\/\/www.europesays.com\/no\/wp-json\/wp\/v2\/media?parent=125537"}],"wp:term":[{"taxonomy":"category","embeddable":true,"href":"https:\/\/www.europesays.com\/no\/wp-json\/wp\/v2\/categories?post=125537"},{"taxonomy":"post_tag","embeddable":true,"href":"https:\/\/www.europesays.com\/no\/wp-json\/wp\/v2\/tags?post=125537"}],"curies":[{"name":"wp","href":"https:\/\/api.w.org\/{rel}","templated":true}]}}