{"id":125540,"date":"2025-12-31T14:05:08","date_gmt":"2025-12-31T14:05:08","guid":{"rendered":"https:\/\/www.europesays.com\/no\/125540\/"},"modified":"2025-12-31T14:05:08","modified_gmt":"2025-12-31T14:05:08","slug":"vaeret-pa-nyttarsaften-utfordrende-for-fyrverkeri-i-kystomradene-fvn-no","status":"publish","type":"post","link":"https:\/\/www.europesays.com\/no\/125540\/","title":{"rendered":"V\u00e6ret p\u00e5 nytt\u00e5rsaften: \u2013 Utfordrende for fyrverkeri i kystomr\u00e5dene &#8211; fvn.no"},"content":{"rendered":"<ol>\n<li><a href=\"https:\/\/news.google.com\/rss\/articles\/CBMirwFBVV95cUxQNU5ZLWJqekZGVmtXdGNYcmpldjJ3dkNJS3drRmMzVU1XS1c4V0Jva2J4bTYwQW5oTmRfaUdDT18zQ1ZicmFBaUFRcENSaU1scGpQcjlJRVdELU03MWNCSUVaRzZ6alpJWEtUNUE1bW9tTU51RWp5SWpTZzM2dlNJU3g3d2NncEo0S0lRaWZNZmdKdW80cmRwZGpJTWRfT2VOWWZCVTJoMzUxMjJWWHd3?oc=5\" target=\"_blank\" rel=\"nofollow noopener\">V\u00e6ret p\u00e5 nytt\u00e5rsaften: \u2013 Utfordrende for fyrverkeri i kystomr\u00e5dene<\/a>&nbsp;&nbsp;fvn.no<\/li>\n<li><a href=\"https:\/\/news.google.com\/rss\/articles\/CBMiyAFBVV95cUxOWFZUc001RXcxQURkdGxxOG5NYkxyR1ZsSEJBN1pPS0x6TTd4YXhkSnhkSTZsQTNDcmwzRFQwNlZ1a0IxU2wwVHMwclVjVmhQSmJYcGFjazNyeWNTZ1hwdEs1NVJPQUxXSTh5cDhwUjlCT3NnNjZKVU92OWw4MmYwTkJwU25TU3FuM1hWRUwzQWhMYmE5Sm45V1FNRlpwMTZUZUNvU2pwUjlJdzZHWUx3RGF6RE14bk1nVXB2S0tjdlc2Wjg3OFJvag?oc=5\" target=\"_blank\" rel=\"nofollow noopener\">Meteorologen: \u2013 Jeg krysser fingrene for at det blir litt lettere v\u00e6r ved midnatt<\/a>&nbsp;&nbsp;adressa.no<\/li>\n<li><a href=\"https:\/\/news.google.com\/rss\/articles\/CBMiakFVX3lxTFB5REc4UGhwUjY0MkFwaEdFR2UwZ0xjMWFvcTdIRzdFZ0Q5UF9BU1J4d0l6cFk2eGV6d2lZYXgybDhNZGJPVnBLUVVjeFItdnVZckg3MnVQN2phUmUxUXBMXzZmdlQ4ZWRNa3c?oc=5\" target=\"_blank\" rel=\"nofollow noopener\">Nyheter, V\u00e6r | Varsler uv\u00e6r: \u2013 D\u00e5rlig timing<\/a>&nbsp;&nbsp;Bergensavisen<\/li>\n<li><a href=\"https:\/\/news.google.com\/rss\/articles\/CBMijwFBVV95cUxPeGp4a0RjM284a1VyTXFQQjl2WjVwVFlVZE02WC1sVlVfd0hPNk5VLTVYOGlmcl9od3paRXgxMVI3NF9sRDJseWdTVUlfXzB2aWRTOXE2YmJzSjdvLTdoTW9Eeldhc2FtMVNJSE90cWEyNnBIaHJoNnNSZENGSFpFR1pHSGNCaVBjLW1FTkJSZw?oc=5\" target=\"_blank\" rel=\"nofollow noopener\">Slik blir nytt\u00e5rsv\u00e6ret \u2013 f\u00f8r sprengkulden tar over<\/a>&nbsp;&nbsp;VG<\/li>\n<li><a href=\"https:\/\/news.google.com\/rss\/articles\/CBMipgFBVV95cUxNQl9NWGNNREFCdmZOVFVPZUlzYUdWTGsyLThOZDdjZjVwZVJMWTBJTGtpN2RzampJYmEzY2lNZXBMeGpPZFFTMmZ6a2VEQ1d3c05yQ01NcjdMTFB0VE5iOGhuVEpSZTdROV92ZkV2Mk90TEFKN2doN2RVVFlaSVRXN2JLbERfS3VNQkJrazZxdGNjQTFuOEtjekFleEkyR0RqVjJyaDNB?oc=5\" target=\"_blank\" rel=\"nofollow noopener\">\u2013 Det starter som regn<\/a>&nbsp;&nbsp;smp.no<\/li>\n<\/ol>\n","protected":false},"excerpt":{"rendered":"V\u00e6ret p\u00e5 nytt\u00e5rsaften: \u2013 Utfordrende for fyrverkeri i kystomr\u00e5dene&nbsp;&nbsp;fvn.no Meteorologen: \u2013 Jeg krysser fingrene for at det blir&hellip;\n","protected":false},"author":2,"featured_media":125541,"comment_status":"","ping_status":"","sticky":false,"template":"","format":"standard","meta":{"footnotes":""},"categories":[10],"tags":[1309,20,21,24,25,10497,15,22,23,1202,13,30,28,29,14,13381,16,26,27,553],"class_list":{"0":"post-125540","1":"post","2":"type-post","3":"status-publish","4":"format-standard","5":"has-post-thumbnail","7":"category-norge","8":"tag-agder","9":"tag-breaking-news","10":"tag-breakingnews","11":"tag-featured-news","12":"tag-featurednews","13":"tag-fyrverkeri","14":"tag-headlines","15":"tag-latest-news","16":"tag-latestnews","17":"tag-meteorologisk-institutt","18":"tag-news","19":"tag-no","20":"tag-norge","21":"tag-norway","22":"tag-nyheter","23":"tag-nyttarsaften","24":"tag-overskrifter","25":"tag-top-stories","26":"tag-topstories","27":"tag-vaer"},"share_on_mastodon":{"url":"https:\/\/pubeurope.com\/@no\/115814565365312901","error":""},"_links":{"self":[{"href":"https:\/\/www.europesays.com\/no\/wp-json\/wp\/v2\/posts\/125540","targetHints":{"allow":["GET"]}}],"collection":[{"href":"https:\/\/www.europesays.com\/no\/wp-json\/wp\/v2\/posts"}],"about":[{"href":"https:\/\/www.europesays.com\/no\/wp-json\/wp\/v2\/types\/post"}],"author":[{"embeddable":true,"href":"https:\/\/www.europesays.com\/no\/wp-json\/wp\/v2\/users\/2"}],"replies":[{"embeddable":true,"href":"https:\/\/www.europesays.com\/no\/wp-json\/wp\/v2\/comments?post=125540"}],"version-history":[{"count":0,"href":"https:\/\/www.europesays.com\/no\/wp-json\/wp\/v2\/posts\/125540\/revisions"}],"wp:featuredmedia":[{"embeddable":true,"href":"https:\/\/www.europesays.com\/no\/wp-json\/wp\/v2\/media\/125541"}],"wp:attachment":[{"href":"https:\/\/www.europesays.com\/no\/wp-json\/wp\/v2\/media?parent=125540"}],"wp:term":[{"taxonomy":"category","embeddable":true,"href":"https:\/\/www.europesays.com\/no\/wp-json\/wp\/v2\/categories?post=125540"},{"taxonomy":"post_tag","embeddable":true,"href":"https:\/\/www.europesays.com\/no\/wp-json\/wp\/v2\/tags?post=125540"}],"curies":[{"name":"wp","href":"https:\/\/api.w.org\/{rel}","templated":true}]}}