{"id":125543,"date":"2025-12-31T14:07:12","date_gmt":"2025-12-31T14:07:12","guid":{"rendered":"https:\/\/www.europesays.com\/no\/125543\/"},"modified":"2025-12-31T14:07:12","modified_gmt":"2025-12-31T14:07:12","slug":"virker-a-vaere-over-og-ut","status":"publish","type":"post","link":"https:\/\/www.europesays.com\/no\/125543\/","title":{"rendered":"\u2013 Virker \u00e5 v\u00e6re over og ut"},"content":{"rendered":"\n<p class=\"_lead_o9xde_2 _lead_xtcu6_50 layout-component text-serif-m layout-normal text-serif-l layout-component layout-wide layout-padded _wide_17hqh_1 layout-padded\">Svenske Frida Karlsson fikk nok en tung dag i Tour de Ski.<\/p>\n<p><img alt=\" Foto: MAXIM THORE \/ Bildbyr\u00e5n\" class=\"_image_qp4xg_65 layout-component layout-wide\" data-fullscreen- data-track-element-type=\"Article image fullscreen\" data-track-name=\"ImageFullscreen\" fetchpriority=\"high\" decoding=\"sync\" loading=\"eager\" height=\"4000\" itemprop=\"image\"  src=\"https:\/\/www.europesays.com\/no\/wp-content\/uploads\/2025\/12\/16d40586-450f-4527-bb9d-8efeb1dda2c3.jpeg\"  style=\"object-position:0% 0%\" width=\"6000\"\/> Foto: MAXIM THORE \/ Bildbyr\u00e5n Oppdatert onsdag 31. desember kl. 15:03     <\/p>\n<p class=\"_paragraph_o9xde_4 _paragraph_xtcu6_10 layout-component text-serif-m layout-normal text-serif-m layout-padded\">Svensken startet forrykende p\u00e5 den tredje etappen i Tour de Ski, som er en ny \u00f8velse i verdenscupen med fem kilometer sk\u00f8yting fordelt p\u00e5 fire heat. Ut\u00f8veren som leverer best tid vinner rennet. <\/p>\n<p class=\"_paragraph_o9xde_4 _paragraph_xtcu6_10 layout-component text-serif-m layout-normal text-serif-m layout-padded\">Karlsson gikk i det f\u00f8rste heatet. Hun l\u00e5 i tet etter 2,7 kilometer og gjorde grovjobben, men s\u00e5 forsvant hun plutselig fra feltet. Akkurat som p\u00e5 mandagens 10 kilometer. <\/p>\n<p class=\"_paragraph_o9xde_4 _paragraph_xtcu6_10 layout-component text-serif-m layout-normal text-serif-m layout-padded\">\u2013 Hva har skjedd med Frida Karlsson? spurte Viaplays ekspert Niklas Dyrhaug. <\/p>\n<p class=\"_paragraph_o9xde_4 _paragraph_xtcu6_10 layout-component text-serif-m layout-normal text-serif-m layout-padded\">\u2013 Hun gikk seg pinnestiv opp bakken. Det kan v\u00e6re skjebnesvangert, fortsatte han. <\/p>\n<ul class=\"_list_o9xde_3 _list_xtcu6_9 _unordered_o9xde_106 layout-component text-serif-m layout-normal text-serif-m layout-padded\">\n<li class=\"_item_o9xde_30\"><strong class=\"_strong_o9xde_25\">PS! Rennet p\u00e5g\u00e5r fortsatt. Det kan du se p\u00e5 V Sport 1 og<a href=\"https:\/\/vglive.vg.no\/langrenn\/toblach-massstart-freestyle\/728224\/rapport\" class=\"_link_o9xde_39\" rel=\"nofollow noopener\" target=\"_blank\"> f\u00f8lge i VG Live. <\/a><\/strong><\/li>\n<\/ul>\n<p><img alt=\"Foto: MAXIM THORE \/ Bildbyr\u00e5n\" class=\"_image_qp4xg_65 layout-component layout-normal\" data-fullscreen- data-track-element-type=\"Article image fullscreen\" data-track-name=\"ImageFullscreen\" decoding=\"async\" loading=\"lazy\" height=\"3892\" itemprop=\"image\"  src=\"https:\/\/www.europesays.com\/no\/wp-content\/uploads\/2025\/12\/028c7b08-125a-458a-957b-c783d3b89064.png\"  style=\"object-position:0% 0%\" width=\"5838\"\/>Foto: MAXIM THORE \/ Bildbyr\u00e5n<\/p>\n<p class=\"_paragraph_o9xde_4 _paragraph_xtcu6_10 layout-component text-serif-m layout-normal text-serif-m layout-padded\">Ved m\u00e5lgang endte Karlsson 13,6 sekunder bak heatvinner Nadja Kaelin, fra Sveits, som gikk i m\u00e5l p\u00e5 tiden <strong class=\"_strong_o9xde_25\">11:15,7. <\/strong><\/p>\n<p class=\"_paragraph_o9xde_4 _paragraph_xtcu6_10 layout-component text-serif-m layout-normal text-serif-m layout-padded\">\u2013 Jeg syntes det kjentes bra ut, til det virkelig ikke kjentes bra ut lenger. Det kjennes som om det er vanskelig for meg \u00e5 g\u00e5 i r\u00f8d sone. Det stopper opp, sa Karlsson til svenske Viaplay.<\/p>\n<p class=\"_paragraph_o9xde_4 _paragraph_xtcu6_10 layout-component text-serif-m layout-normal text-serif-m layout-padded\">\u2013 Det er kjedelig. Jeg har lyst \u00e5 g\u00e5 bedre, men jeg f\u00e5r fortsette \u00e5 st\u00e5 i det ubehagelige, fortsetter hun. <\/p>\n<p class=\"_paragraph_o9xde_4 _paragraph_xtcu6_10 layout-component text-serif-m layout-normal text-serif-m layout-padded\">Det resultatet lover ikke godt for Tour de Ski-sammendraget. <\/p>\n<p class=\"_paragraph_o9xde_4 _paragraph_xtcu6_10 layout-component text-serif-m layout-normal text-serif-m layout-padded\">\u2013 Det virker og v\u00e6re over og ut i sammendraget. Hun er ordentlig p\u00e5 etterskudd og taper viktige sekunder, sier Dyrhaug. <\/p>\n<p class=\"_paragraph_o9xde_4 _paragraph_xtcu6_10 layout-component text-serif-m layout-normal text-serif-m layout-padded\">VG kommer tilbake med mer. <\/p>\n","protected":false},"excerpt":{"rendered":"Svenske Frida Karlsson fikk nok en tung dag i Tour de Ski. Foto: MAXIM THORE \/ Bildbyr\u00e5n Oppdatert&hellip;\n","protected":false},"author":2,"featured_media":125544,"comment_status":"","ping_status":"","sticky":false,"template":"","format":"standard","meta":{"footnotes":""},"categories":[59],"tags":[398,30,28,29,83,82],"class_list":{"0":"post-125543","1":"post","2":"type-post","3":"status-publish","4":"format-standard","5":"has-post-thumbnail","7":"category-sport","8":"tag-langrenn","9":"tag-no","10":"tag-norge","11":"tag-norway","12":"tag-sport","13":"tag-sports"},"share_on_mastodon":{"url":"https:\/\/pubeurope.com\/@no\/115814573246243149","error":""},"_links":{"self":[{"href":"https:\/\/www.europesays.com\/no\/wp-json\/wp\/v2\/posts\/125543","targetHints":{"allow":["GET"]}}],"collection":[{"href":"https:\/\/www.europesays.com\/no\/wp-json\/wp\/v2\/posts"}],"about":[{"href":"https:\/\/www.europesays.com\/no\/wp-json\/wp\/v2\/types\/post"}],"author":[{"embeddable":true,"href":"https:\/\/www.europesays.com\/no\/wp-json\/wp\/v2\/users\/2"}],"replies":[{"embeddable":true,"href":"https:\/\/www.europesays.com\/no\/wp-json\/wp\/v2\/comments?post=125543"}],"version-history":[{"count":0,"href":"https:\/\/www.europesays.com\/no\/wp-json\/wp\/v2\/posts\/125543\/revisions"}],"wp:featuredmedia":[{"embeddable":true,"href":"https:\/\/www.europesays.com\/no\/wp-json\/wp\/v2\/media\/125544"}],"wp:attachment":[{"href":"https:\/\/www.europesays.com\/no\/wp-json\/wp\/v2\/media?parent=125543"}],"wp:term":[{"taxonomy":"category","embeddable":true,"href":"https:\/\/www.europesays.com\/no\/wp-json\/wp\/v2\/categories?post=125543"},{"taxonomy":"post_tag","embeddable":true,"href":"https:\/\/www.europesays.com\/no\/wp-json\/wp\/v2\/tags?post=125543"}],"curies":[{"name":"wp","href":"https:\/\/api.w.org\/{rel}","templated":true}]}}