{"id":125545,"date":"2025-12-31T14:12:08","date_gmt":"2025-12-31T14:12:08","guid":{"rendered":"https:\/\/www.europesays.com\/no\/125545\/"},"modified":"2025-12-31T14:12:08","modified_gmt":"2025-12-31T14:12:08","slug":"nyheter-fjosanger-fjosanger-rabiat-mann-skal-ha-gatt-los-pa-bil","status":"publish","type":"post","link":"https:\/\/www.europesays.com\/no\/125545\/","title":{"rendered":"Nyheter, Fj\u00f8sanger | Fj\u00f8sanger: \u2013 Rabiat mann skal ha g\u00e5tt l\u00f8s p\u00e5 bil"},"content":{"rendered":"\n<p>Onsdag klokken 1258 ble det meldt om en rabiat mann i Fj\u00f8sangerveien.<\/p>\n<p>\u2013 Han skal ha gjort skadeverk p\u00e5 en parkert bil. Det er skader p\u00e5 frontruten, panser og siden av bilen, opplyser operasjonsleder Knut Dahl-Michelsen i Vest politidistrikt.<\/p>\n<p>Ukjent \u00e5rsak<\/p>\n<p>\u2013 Det var eier av bilen som meldte dette inn til oss, forteller Dahl-Michelsen til BA.<\/p>\n<p>   <img decoding=\"async\" width=\"6192\" height=\"4128\" fetchpriority=\"low\"  loading=\"lazy\"  src=\"https:\/\/www.europesays.com\/no\/wp-content\/uploads\/2025\/12\/EWB_7400.jpg\" alt=\"\" class=\"brick-c-cFOWSL\" style=\"--brick-image-ratio: 6192 \/ 4128;\"\/><\/p>\n<p>      Bilen fikk skader i fronten.<br \/>\n      Foto: Emil Weatherhead Breistein\n    <\/p>\n<p>Bakgrunnen for at vedkommende skal ha g\u00e5tt til angrep p\u00e5 denne bilen er ukjent.<\/p>\n<p>H\u00f8yttalere og hagestol<\/p>\n<p>\u2013 Mannen skal ha kastet noen h\u00f8yttalere og en hagestol p\u00e5 bilen.<\/p>\n<p>Politiet rykket ut til adressen og s\u00f8kte etter mistenkte uten \u00e5 finne ham.<\/p>\n<p>Det blir opprettet sak.<\/p>\n","protected":false},"excerpt":{"rendered":"Onsdag klokken 1258 ble det meldt om en rabiat mann i Fj\u00f8sangerveien. \u2013 Han skal ha gjort skadeverk&hellip;\n","protected":false},"author":2,"featured_media":125546,"comment_status":"","ping_status":"","sticky":false,"template":"","format":"standard","meta":{"footnotes":""},"categories":[10],"tags":[36,20,21,24,25,14785,15,22,23,13,30,28,29,14,16,468,1510,26,27],"class_list":{"0":"post-125545","1":"post","2":"type-post","3":"status-publish","4":"format-standard","5":"has-post-thumbnail","7":"category-norge","8":"tag-art","9":"tag-breaking-news","10":"tag-breakingnews","11":"tag-featured-news","12":"tag-featurednews","13":"tag-fjosanger","14":"tag-headlines","15":"tag-latest-news","16":"tag-latestnews","17":"tag-news","18":"tag-no","19":"tag-norge","20":"tag-norway","21":"tag-nyheter","22":"tag-overskrifter","23":"tag-politiet","24":"tag-story","25":"tag-top-stories","26":"tag-topstories"},"share_on_mastodon":{"url":"https:\/\/pubeurope.com\/@no\/115814592914684955","error":""},"_links":{"self":[{"href":"https:\/\/www.europesays.com\/no\/wp-json\/wp\/v2\/posts\/125545","targetHints":{"allow":["GET"]}}],"collection":[{"href":"https:\/\/www.europesays.com\/no\/wp-json\/wp\/v2\/posts"}],"about":[{"href":"https:\/\/www.europesays.com\/no\/wp-json\/wp\/v2\/types\/post"}],"author":[{"embeddable":true,"href":"https:\/\/www.europesays.com\/no\/wp-json\/wp\/v2\/users\/2"}],"replies":[{"embeddable":true,"href":"https:\/\/www.europesays.com\/no\/wp-json\/wp\/v2\/comments?post=125545"}],"version-history":[{"count":0,"href":"https:\/\/www.europesays.com\/no\/wp-json\/wp\/v2\/posts\/125545\/revisions"}],"wp:featuredmedia":[{"embeddable":true,"href":"https:\/\/www.europesays.com\/no\/wp-json\/wp\/v2\/media\/125546"}],"wp:attachment":[{"href":"https:\/\/www.europesays.com\/no\/wp-json\/wp\/v2\/media?parent=125545"}],"wp:term":[{"taxonomy":"category","embeddable":true,"href":"https:\/\/www.europesays.com\/no\/wp-json\/wp\/v2\/categories?post=125545"},{"taxonomy":"post_tag","embeddable":true,"href":"https:\/\/www.europesays.com\/no\/wp-json\/wp\/v2\/tags?post=125545"}],"curies":[{"name":"wp","href":"https:\/\/api.w.org\/{rel}","templated":true}]}}