{"id":125550,"date":"2025-12-31T14:15:16","date_gmt":"2025-12-31T14:15:16","guid":{"rendered":"https:\/\/www.europesays.com\/no\/125550\/"},"modified":"2025-12-31T14:15:16","modified_gmt":"2025-12-31T14:15:16","slug":"katy-perry-og-orlando-bloom-gjenforent-i-london-med-datteren-daisy","status":"publish","type":"post","link":"https:\/\/www.europesays.com\/no\/125550\/","title":{"rendered":"Katy Perry og Orlando Bloom gjenforent i London med datteren Daisy"},"content":{"rendered":"<p class=\"kicker \" style=\"\">Romjulsmagi:<\/p>\n<p>  Se bildene fra den overraskende gjenforeningen<\/p>\n<p>\n    SAMMEN &#8211; FOR DATTEREN: Selv om paret ikke lenger er romantisk involvert i hverandre, har de begge v\u00e6rt \u00e5pen om at de \u00f8nsker \u00e5 samarbeide med \u00e5 oppdra datteren Daisy. Foto: NTB\n  <\/p>\n<p>Det forhenv\u00e6rende kj\u00e6resteparet Katy Perry (41) og Orlando Bloom (48) fikk flere sjokkerte fans til \u00e5 snu seg i romjula. Uten forvarsel, ble de to eksene nemlig gjenforent &#8211; for \u00e5 overv\u00e6re Paddington-musikalen i London sammen med datteren Daisy.<\/p>\n<p>    <a itemprop=\"url\" href=\"https:\/\/www.seher.no\/kongelig\/lonnsomt-ar-for-prinsen\/84043015\" rel=\"nofollow noopener\" target=\"_blank\"><\/p>\n<p>        <img loading=\"lazy\" decoding=\"async\" src=\"https:\/\/www.europesays.com\/no\/wp-content\/uploads\/2025\/12\/84043442.webp.webp\" width=\"980\" height=\"441\" title=\"L\u00f8nnsomt \u00e5r for prinsen\" alt=\"\" class=\"lazyload\" style=\"--aspect-ratio-image: 2.22; \"\/><\/p>\n<p>        L\u00f8nnsomt \u00e5r for prinsen<\/p>\n<p>    <\/a><\/p>\n<p>Den 41 \u00e5r gamle sangerinnen &#8211; som for tiden er sammen med den tidligere kanadiske statsministeren Justin Trudeau (54) &#8211; poserte ogs\u00e5 villig med flere av skuespillerne i musikalen.<\/p>\n<p>        <img loading=\"lazy\" decoding=\"async\" src=\"https:\/\/www.europesays.com\/no\/wp-content\/uploads\/2025\/12\/83713281.webp.webp\" width=\"980\" height=\"559\" title=\"HET OMFAVNELSE: Kort tid etter at bruddet var et faktum, ble Katy observert i het omfavnelse med den tidligere statsministeren p\u00e5 en luksuri\u00f8s yatch. Foto: SWNS\" alt=\"\" class=\"\" style=\"--aspect-ratio-image: 1.75; \"\/><\/p>\n<p>\n        HET OMFAVNELSE: Kort tid etter at bruddet var et faktum, ble Katy observert i het omfavnelse med den tidligere statsministeren p\u00e5 en luksuri\u00f8s yatch. Foto: SWNS\n    <\/p>\n<p>Det kan man tydelig se i en bildekarusell musikalen selv har delt p\u00e5 bildedelingstjenesten Instagram.<\/p>\n<p>        <img loading=\"lazy\" decoding=\"async\" src=\"https:\/\/www.europesays.com\/no\/wp-content\/uploads\/2025\/12\/84043620.webp.webp\" width=\"686\" height=\"769\" title=\"CELEBERT SELSKAP: B\u00e5de Katy Perry og Brian May poserte med Paddington. Foto: Skjermdump fra Instagram\/@paddingtonthemusical\" alt=\"\" class=\"\" style=\"--aspect-ratio-image: 0.89; \"\/><\/p>\n<p>\n        CELEBERT SELSKAP: B\u00e5de Katy Perry og Brian May poserte med Paddington. Foto: Skjermdump fra Instagram\/@paddingtonthemusical\n    <\/p>\n<p>Katy og Orlando &#8211; som bekreftet at de hadde g\u00e5tt hvert til sitt i juni &#8211; ble ogs\u00e5 ledsaget av skuespillerens ten\u00e5ringss\u00f8nn Flynn (14).\u00a0<\/p>\n<p>Smilte fra \u00f8re til \u00f8re\t<\/p>\n<p>If\u00f8lge nettstedet <a href=\"https:\/\/www.dailymail.co.uk\/tvshowbiz\/article-15423757\/Katy-Perry-Orlando-Bloom-reunite-daughter-Paddington-musical-split.html\" rel=\"nofollow noopener\" target=\"_blank\">Daily Mail<\/a> skal b\u00e5de Katy og Orlando v\u00e6rt i str\u00e5lende godt hum\u00f8r &#8211; og de stilte ogs\u00e5 opp sammen p\u00e5 et minneverdig gruppebilde p\u00e5 scenen.<\/p>\n<p>        <img loading=\"lazy\" decoding=\"async\" src=\"https:\/\/www.europesays.com\/no\/wp-content\/uploads\/2025\/12\/84043618.webp.webp\" width=\"667\" height=\"381\" title=\"HELE GJENGEN: Katy og Orlando poserte med hele rollebesetningen. Foto: Skjermdump fra Instagram\/@paddingtonthemusical\" alt=\"\" class=\"\" style=\"--aspect-ratio-image: 1.75; \"\/><\/p>\n<p>\n        HELE GJENGEN: Katy og Orlando poserte med hele rollebesetningen. Foto: Skjermdump fra Instagram\/@paddingtonthemusical\n    <\/p>\n<p>\u00abPirates of the Carribean\u00bb-stjernen lente seg ned mot datteren Daisy, mens hitmakeren sto bak stes\u00f8nnen Flynn.\u00a0<\/p>\n<p>        <img loading=\"lazy\" decoding=\"async\" src=\"https:\/\/www.europesays.com\/no\/wp-content\/uploads\/2025\/12\/84043621.webp.webp\" width=\"686\" height=\"680\" title=\"HILSTE P\u00c5: Orlando tok seg ogs\u00e5 tid til \u00e5 klemme noen av de medvirkende. Foto: Skjermdump fra Instagram\/@paddingtonthemusical\" alt=\"\" class=\"\" style=\"--aspect-ratio-image: 1.01; \"\/><\/p>\n<p>\n        HILSTE P\u00c5: Orlando tok seg ogs\u00e5 tid til \u00e5 klemme noen av de medvirkende. Foto: Skjermdump fra Instagram\/@paddingtonthemusical\n    <\/p>\n<p>Sangerinnen hadde ogs\u00e5 valgt en s\u00e6rdeles uformell bekledning, og var if\u00f8rt en brunfarget genser, samt matchende, behagelige joggebukser.<\/p>\n<p>Orlando p\u00e5 sin side, var if\u00f8rt en svart skjorte og denimbl\u00e5 dongeribukser &#8211; samt en brun denimjakke.\u00a0<\/p>\n<p>        \u00abFLUKTEN FRA BOLIVIA\u00bb: Serien som hadde premiere p\u00e5 TV2 i romjula er basert p\u00e5 tre norske jenter. Dette er den ekte historien bak. Video og bilder: NTB\/Scanpix. Reporter: Trond Markus Gravdal<\/p>\n<p>Et innlegg som ble delt p\u00e5 det sosiale mediet X, tidligere Twitter, viste ogs\u00e5 at Katy Perry tok en rask selfie sammen med selveste Paddington etter forestillingen.<\/p>\n<p>        <img loading=\"lazy\" decoding=\"async\" src=\"https:\/\/www.europesays.com\/no\/wp-content\/uploads\/2025\/12\/84043616.webp.webp\" width=\"686\" height=\"673\" title=\"MED STJERNA: Katy Perry tok en liten selfie med selveste Paddington. Foto: Skjermdump fra Instagram\/@paddingtonthemusical\" alt=\"\" class=\"\" style=\"--aspect-ratio-image: 1.02; \"\/><\/p>\n<p>\n        MED STJERNA: Katy Perry tok en liten selfie med selveste Paddington. Foto: Skjermdump fra Instagram\/@paddingtonthemusical\n    <\/p>\n<p>Samarbeider om oppdragelsen\t<\/p>\n<p>I juni ble det offisielt bekreftet at Katy og Orlando hadde valgt \u00e5 avslutte sitt forhold. Det profilerte paret fant tonen tilbake i 2016, og de forlovet seg tre \u00e5r senere. De fikk siden datteren Daisy i august 2020.<\/p>\n<p>    <a itemprop=\"url\" href=\"https:\/\/www.seher.no\/kjendis\/har-blitt-foreldre-igjen\/84043353\" rel=\"nofollow noopener\" target=\"_blank\"><\/p>\n<p>        <img loading=\"lazy\" decoding=\"async\" src=\"https:\/\/www.europesays.com\/no\/wp-content\/uploads\/2025\/12\/84043390.webp.webp\" width=\"980\" height=\"441\" title=\"Har blitt foreldre - igjen!\" alt=\"\" class=\"lazyload\" style=\"--aspect-ratio-image: 2.22; \"\/><\/p>\n<p>        Har blitt foreldre &#8211; igjen!<\/p>\n<p>    <\/a><\/p>\n<p>Representanter for paret har tidligere fortalt Daily Mail at Katy og Orlando ville ha fokus p\u00e5 \u00e5 v\u00e6re medforeldre sammen, og at deres st\u00f8rste prioritet var \u00e5 oppdra datteren sin med kj\u00e6rlighet, stabilitet og gjensidig respekt.<\/p>\n","protected":false},"excerpt":{"rendered":"Romjulsmagi: Se bildene fra den overraskende gjenforeningen SAMMEN &#8211; FOR DATTEREN: Selv om paret ikke lenger er romantisk&hellip;\n","protected":false},"author":2,"featured_media":125551,"comment_status":"","ping_status":"","sticky":false,"template":"","format":"standard","meta":{"footnotes":""},"categories":[58],"tags":[4104,71,8706,3007,479,30,28,29,14786,8869,8820,72],"class_list":{"0":"post-125550","1":"post","2":"type-post","3":"status-publish","4":"format-standard","5":"has-post-thumbnail","7":"category-underholdning","8":"tag-eksklusivt","9":"tag-entertainment","10":"tag-justin-trudeau","11":"tag-katy-perry","12":"tag-kjendis","13":"tag-no","14":"tag-norge","15":"tag-norway","16":"tag-orlando","17":"tag-orlando-bloom","18":"tag-paddington","19":"tag-underholdning"},"share_on_mastodon":{"url":"https:\/\/pubeurope.com\/@no\/115814604667329823","error":""},"_links":{"self":[{"href":"https:\/\/www.europesays.com\/no\/wp-json\/wp\/v2\/posts\/125550","targetHints":{"allow":["GET"]}}],"collection":[{"href":"https:\/\/www.europesays.com\/no\/wp-json\/wp\/v2\/posts"}],"about":[{"href":"https:\/\/www.europesays.com\/no\/wp-json\/wp\/v2\/types\/post"}],"author":[{"embeddable":true,"href":"https:\/\/www.europesays.com\/no\/wp-json\/wp\/v2\/users\/2"}],"replies":[{"embeddable":true,"href":"https:\/\/www.europesays.com\/no\/wp-json\/wp\/v2\/comments?post=125550"}],"version-history":[{"count":0,"href":"https:\/\/www.europesays.com\/no\/wp-json\/wp\/v2\/posts\/125550\/revisions"}],"wp:featuredmedia":[{"embeddable":true,"href":"https:\/\/www.europesays.com\/no\/wp-json\/wp\/v2\/media\/125551"}],"wp:attachment":[{"href":"https:\/\/www.europesays.com\/no\/wp-json\/wp\/v2\/media?parent=125550"}],"wp:term":[{"taxonomy":"category","embeddable":true,"href":"https:\/\/www.europesays.com\/no\/wp-json\/wp\/v2\/categories?post=125550"},{"taxonomy":"post_tag","embeddable":true,"href":"https:\/\/www.europesays.com\/no\/wp-json\/wp\/v2\/tags?post=125550"}],"curies":[{"name":"wp","href":"https:\/\/api.w.org\/{rel}","templated":true}]}}