{"id":125552,"date":"2025-12-31T14:19:07","date_gmt":"2025-12-31T14:19:07","guid":{"rendered":"https:\/\/www.europesays.com\/no\/125552\/"},"modified":"2025-12-31T14:19:07","modified_gmt":"2025-12-31T14:19:07","slug":"ardal-ulykker-kvinne-skadd-pa-fjelltur-vert-henta-av-redningshelikopter","status":"publish","type":"post","link":"https:\/\/www.europesays.com\/no\/125552\/","title":{"rendered":"\u00c5rdal, Ulykker | Kvinne skadd p\u00e5 fjelltur. Vert henta av redningshelikopter"},"content":{"rendered":"\n<p>Klokka 12.50 fekk Operasjonssentralen i Vest politidistrikt melding om ei kvinne p\u00e5 i \u00d8vre \u00c5rdal som hadde falle p\u00e5 fjellet Ramneberg. Kvinna skal ha skadd skuldra i fallet.<\/p>\n<p>Det er sendt opp mannskap fr\u00e5 lokalt brannvesen, helse og frivillige for \u00e5 hjelpe.<\/p>\n<p>Politiet melder vidare at kvinna er saman med andre p\u00e5 turen, og at posisjonen der fallulykka skal ha skjedd er kjent.<\/p>\n<p>Klokka 14.04 skal brann og helse vere framme p\u00e5 staden.<\/p>\n<p>Det er ogs\u00e5 sendt eit redningshelikopter mot staden for \u00e5 hjelpe til med \u00e5 f\u00e5 kvinna frakta ned.<\/p>\n<p><b>Like over klokka 15.00 er redningsheilkopteret p\u00e5 staden, og redningsmann er i kontakt med pasienten, melder operasjonssentralen.<\/b><\/p>\n<p><b>Firda oppdaterer saka.<\/b><\/p>\n","protected":false},"excerpt":{"rendered":"Klokka 12.50 fekk Operasjonssentralen i Vest politidistrikt melding om ei kvinne p\u00e5 i \u00d8vre \u00c5rdal som hadde falle&hellip;\n","protected":false},"author":2,"featured_media":231,"comment_status":"","ping_status":"","sticky":false,"template":"","format":"standard","meta":{"footnotes":""},"categories":[10],"tags":[5342,36,20,21,24,25,15,22,23,13,30,28,29,14,16,111,1510,26,27,1204],"class_list":{"0":"post-125552","1":"post","2":"type-post","3":"status-publish","4":"format-standard","5":"has-post-thumbnail","7":"category-norge","8":"tag-ardal","9":"tag-art","10":"tag-breaking-news","11":"tag-breakingnews","12":"tag-featured-news","13":"tag-featurednews","14":"tag-headlines","15":"tag-latest-news","16":"tag-latestnews","17":"tag-news","18":"tag-no","19":"tag-norge","20":"tag-norway","21":"tag-nyheter","22":"tag-overskrifter","23":"tag-redningsaksjon","24":"tag-story","25":"tag-top-stories","26":"tag-topstories","27":"tag-ulykker"},"share_on_mastodon":{"url":"https:\/\/pubeurope.com\/@no\/115814620404212712","error":""},"_links":{"self":[{"href":"https:\/\/www.europesays.com\/no\/wp-json\/wp\/v2\/posts\/125552","targetHints":{"allow":["GET"]}}],"collection":[{"href":"https:\/\/www.europesays.com\/no\/wp-json\/wp\/v2\/posts"}],"about":[{"href":"https:\/\/www.europesays.com\/no\/wp-json\/wp\/v2\/types\/post"}],"author":[{"embeddable":true,"href":"https:\/\/www.europesays.com\/no\/wp-json\/wp\/v2\/users\/2"}],"replies":[{"embeddable":true,"href":"https:\/\/www.europesays.com\/no\/wp-json\/wp\/v2\/comments?post=125552"}],"version-history":[{"count":0,"href":"https:\/\/www.europesays.com\/no\/wp-json\/wp\/v2\/posts\/125552\/revisions"}],"wp:featuredmedia":[{"embeddable":true,"href":"https:\/\/www.europesays.com\/no\/wp-json\/wp\/v2\/media\/231"}],"wp:attachment":[{"href":"https:\/\/www.europesays.com\/no\/wp-json\/wp\/v2\/media?parent=125552"}],"wp:term":[{"taxonomy":"category","embeddable":true,"href":"https:\/\/www.europesays.com\/no\/wp-json\/wp\/v2\/categories?post=125552"},{"taxonomy":"post_tag","embeddable":true,"href":"https:\/\/www.europesays.com\/no\/wp-json\/wp\/v2\/tags?post=125552"}],"curies":[{"name":"wp","href":"https:\/\/api.w.org\/{rel}","templated":true}]}}