{"id":125559,"date":"2025-12-31T14:27:15","date_gmt":"2025-12-31T14:27:15","guid":{"rendered":"https:\/\/www.europesays.com\/no\/125559\/"},"modified":"2025-12-31T14:27:15","modified_gmt":"2025-12-31T14:27:15","slug":"vaer-naeringsliv-helgas-uvaer-koster-linea-minst-50-millioner-kroner","status":"publish","type":"post","link":"https:\/\/www.europesays.com\/no\/125559\/","title":{"rendered":"V\u00e6r, N\u00e6ringsliv | Helgas uv\u00e6r koster Linea minst 50 millioner kroner"},"content":{"rendered":"\n<p>Mens mont\u00f8rene fortsatt jobber i krevende terreng for \u00e5 sikre de siste kundene str\u00f8mmen tilbake, har ledelsen i Linea begynt \u00e5 telle koster. Det forel\u00f8pige estimatet etter ekstremv\u00e6rets herjinger p\u00e5 Helgeland er knallhardt:<\/p>\n<p>\u2013 N\u00e5r alle kostnader knyttet til uv\u00e6ret legges sammen, ligger det forel\u00f8pige estimatet for Linea p\u00e5 om lag 50 millioner kroner, melder Linea i en pressemelding.<\/p>\n<p>Frykter frostskader<\/p>\n<p>Selv om de fleste n\u00e5 har f\u00e5tt lyset tilbake, skaper det nye v\u00e6romslaget bekymring. Meteorologene melder kaldere v\u00e6r, og Linea ber n\u00e5 folk v\u00e6re p\u00e5 vakt for f\u00f8lgeskader av str\u00f8mbruddet \u2013 spesielt i fritidsboliger.<\/p>\n<p>\u2013 Dersom man vet at bygget har v\u00e6rt str\u00f8ml\u00f8st over tid, eller fortsatt er uten str\u00f8m, m\u00e5 man vurdere forebyggende tiltak som t\u00f8mming av vann, tilsyn eller alternativ oppvarming der det er mulig, sier leder for kommunikasjon, Frode Dorp, i pressemeldingen.<\/p>\n<p>Han understreker at dersom skaden f\u00f8rst har skjedd, er det forsikringsselskapet som m\u00e5 kontaktes.<\/p>\n<p>   <img decoding=\"async\" width=\"2000\" height=\"1500\" fetchpriority=\"low\"  loading=\"lazy\"  src=\"https:\/\/www.europesays.com\/no\/wp-content\/uploads\/2025\/12\/Rotvelt_grantrar_over_stromlinje+%281%29.jpg\" alt=\"\" class=\"brick-c-cFOWSL\" style=\"--brick-image-ratio: 2000 \/ 1500;\"\/><\/p>\n<p>      TR\u00c6R: Ekstremv\u00e6ret har igjen aktualisert sp\u00f8rsm\u00e5let om skogrydding langs kraftlinjer. Et stort antall feil skyldtes<br \/>\ntr\u00e6r som veltet over linjene og f\u00f8rte til b\u00e5de linjebrudd og knekte stolper.<br \/>\n      Foto: Linea\n    <\/p>\n<p>  Etterlyser politisk grep om mobilnettet<\/p>\n<p><b>Uv\u00e6ret har ogs\u00e5 avdekket en s\u00e5rbarhet som strekker seg utover bare str\u00f8mforsyning. Da str\u00f8mmen gikk, forsvant ogs\u00e5 mobildekningen mange steder fordi basestasjonene gikk tomme for batteri.<\/b><\/p>\n<p>Daglig leder i Linea, Steinar Benum, etterlyser n\u00e5 en bredere debatt om samfunnssikkerhet. Han mener det er et klart potensial for bedre samhandling mellom nettselskaper og mobilakt\u00f8rer.<\/p>\n<p>\u2013 N\u00e5r str\u00f8mmen blir borte, blir ogs\u00e5 sv\u00e6rt mye annet borte. Mobilnett, internett, betalingstjenester, lys og varme, og informasjon er i dag helt avhengig av str\u00f8mforsyning, sier Benum.<\/p>\n<p>Han mener s\u00e5rbarheten er s\u00e5 kritisk at den b\u00f8r l\u00f8ftes til nasjonalt niv\u00e5:<\/p>\n<p>\u2013 Derfor mener Linea at det ogs\u00e5 b\u00f8r l\u00f8ftes en politisk diskusjon om hvordan de viktigste mobilbasestasjonene kan f\u00e5 bedre egenberedskap, slik at s\u00e5rbarheten i samfunnet samlet sett reduseres.<\/p>\n<p>   <img decoding=\"async\" width=\"4000\" height=\"3000\" fetchpriority=\"low\"  loading=\"lazy\"  src=\"https:\/\/www.europesays.com\/no\/wp-content\/uploads\/2025\/12\/Frode_Dorp_og_Steinar_Benum_Foto_Frode__Dorp.jpg\" alt=\"\" class=\"brick-c-cFOWSL\" style=\"--brick-image-ratio: 4000 \/ 3000;\"\/><\/p>\n<p>      DYRT: Leder for kommunikasjon Frode Dorp og daglig leder Steinar Benum i Linea ansl\u00e5r at uv\u00e6ret har kostet selskapet rundt 50 millioner kroner.<br \/>\n      Foto: Linea\n    <\/p>\n<p>  Fortsatt feil i vanskelig terreng<\/p>\n<p>Selv om droner og helikopter er tatt i bruk for \u00e5 kartlegge skadene, er det fortsatt omr\u00e5der hvor reparasjonsarbeidet er sv\u00e6rt tidkrevende.<\/p>\n<p>\u2013 Skadebildet er omfattende og til dels vanskelig \u00e5 kartlegge fullt ut. Flere av de gjenv\u00e6rende feilene ligger i omr\u00e5der der vi m\u00e5 bruke b\u00e5de b\u00e5t og helikopter for \u00e5 komme fram. Dette gj\u00f8r feilrettingen tidkrevende, og vi beklager sterkt at det tar lang tid for noen kunder \u00e5 f\u00e5 str\u00f8mmen tilbake, sier Dorp.<\/p>\n<p>Benum oppsummerer romjula som en av de mest krevende hendelsene selskapet har h\u00e5ndtert.<\/p>\n<p>\u2013 Dette er en hendelse som gir mange l\u00e6ringspunkter, b\u00e5de for oss i Linea og p\u00e5 nasjonalt niv\u00e5. Skogrydding, egenberedskap, beredskapslagre, samhandling mellom akt\u00f8rer og ikke minst kommunikasjon med kunder og interessenter er sentrale stikkord.<\/p>\n<p>  <a href=\"https:\/\/www.helg.no\/5-24-1127146\" class=\"related-teaser has-image default-story-teaser article--c-eRUmMG article--c-eRUmMG-jKCPdD-design-default\" rel=\"nofollow noopener\" target=\"_blank\"><\/p>\n<p>    <img decoding=\"async\" loading=\"lazy\"  src=\"https:\/\/www.europesays.com\/no\/wp-content\/uploads\/2025\/12\/1767191235_981_20251227_120401.jpg\" alt=\"\" class=\"brick-c-cFOWSL\" style=\"\"\/><\/p>\n<p>\n            Les ogs\u00e5<\/p>\n<p>              M\u00e5 gj\u00f8re nye vurderinger etter str\u00f8mkaoset i helga: \u2013 Kostnaden med mer skogrydding vil v\u00e6re enorm\n        <\/p>\n<p>  <\/a><\/p>\n","protected":false},"excerpt":{"rendered":"Mens mont\u00f8rene fortsatt jobber i krevende terreng for \u00e5 sikre de siste kundene str\u00f8mmen tilbake, har ledelsen i&hellip;\n","protected":false},"author":2,"featured_media":125560,"comment_status":"","ping_status":"","sticky":false,"template":"","format":"standard","meta":{"footnotes":""},"categories":[5],"tags":[465,36,20,21,24,25,2450,197,15,19,22,23,2688,17,18,1068,62,13,30,28,29,14,16,1953,1510,26,27,553,1203],"class_list":{"0":"post-125559","1":"post","2":"type-post","3":"status-publish","4":"format-standard","5":"has-post-thumbnail","7":"category-overskrifter","8":"tag-arbeidsliv","9":"tag-art","10":"tag-breaking-news","11":"tag-breakingnews","12":"tag-featured-news","13":"tag-featurednews","14":"tag-grane","15":"tag-hattfjelldal","16":"tag-headlines","17":"tag-hovedoppslag","18":"tag-latest-news","19":"tag-latestnews","20":"tag-leirfjord","21":"tag-main-news","22":"tag-mainnews","23":"tag-mosjoen","24":"tag-naeringsliv","25":"tag-news","26":"tag-no","27":"tag-norge","28":"tag-norway","29":"tag-nyheter","30":"tag-overskrifter","31":"tag-sandnessjoen","32":"tag-story","33":"tag-top-stories","34":"tag-topstories","35":"tag-vaer","36":"tag-vefsn"},"share_on_mastodon":{"url":"https:\/\/pubeurope.com\/@no\/115814651968040495","error":""},"_links":{"self":[{"href":"https:\/\/www.europesays.com\/no\/wp-json\/wp\/v2\/posts\/125559","targetHints":{"allow":["GET"]}}],"collection":[{"href":"https:\/\/www.europesays.com\/no\/wp-json\/wp\/v2\/posts"}],"about":[{"href":"https:\/\/www.europesays.com\/no\/wp-json\/wp\/v2\/types\/post"}],"author":[{"embeddable":true,"href":"https:\/\/www.europesays.com\/no\/wp-json\/wp\/v2\/users\/2"}],"replies":[{"embeddable":true,"href":"https:\/\/www.europesays.com\/no\/wp-json\/wp\/v2\/comments?post=125559"}],"version-history":[{"count":0,"href":"https:\/\/www.europesays.com\/no\/wp-json\/wp\/v2\/posts\/125559\/revisions"}],"wp:featuredmedia":[{"embeddable":true,"href":"https:\/\/www.europesays.com\/no\/wp-json\/wp\/v2\/media\/125560"}],"wp:attachment":[{"href":"https:\/\/www.europesays.com\/no\/wp-json\/wp\/v2\/media?parent=125559"}],"wp:term":[{"taxonomy":"category","embeddable":true,"href":"https:\/\/www.europesays.com\/no\/wp-json\/wp\/v2\/categories?post=125559"},{"taxonomy":"post_tag","embeddable":true,"href":"https:\/\/www.europesays.com\/no\/wp-json\/wp\/v2\/tags?post=125559"}],"curies":[{"name":"wp","href":"https:\/\/api.w.org\/{rel}","templated":true}]}}