{"id":125561,"date":"2025-12-31T14:28:08","date_gmt":"2025-12-31T14:28:08","guid":{"rendered":"https:\/\/www.europesays.com\/no\/125561\/"},"modified":"2025-12-31T14:28:08","modified_gmt":"2025-12-31T14:28:08","slug":"nyttarssmell-for-real-madrid-bekrefter-skade-pa-superstjernen-mbappe","status":"publish","type":"post","link":"https:\/\/www.europesays.com\/no\/125561\/","title":{"rendered":"Nytt\u00e5rssmell for Real Madrid \u2013 bekrefter skade p\u00e5 superstjernen Mbapp\u00e9"},"content":{"rendered":"\n<p class=\"_lead_o9xde_2 _lead_xtcu6_50 layout-component text-serif-m layout-normal text-serif-l layout-component layout-wide layout-padded _wide_17hqh_1 layout-padded\">Real Madrid vil trolig m\u00e5tte klare seg uten den formsterke franske m\u00e5lmaskinen Kylian Mbapp\u00e9 de f\u00f8rste kampene i 2026.<\/p>\n<p><img alt=\"Kylian Mbapp\u00e9 er kneskadet.  Foto: Manu Fernandez \/ AP \/ NTB\" class=\"_image_qp4xg_65 layout-component layout-wide\" data-fullscreen- data-track-element-type=\"Article image fullscreen\" data-track-name=\"ImageFullscreen\" fetchpriority=\"high\" decoding=\"sync\" loading=\"eager\" height=\"4693\" itemprop=\"image\"  src=\"https:\/\/www.europesays.com\/no\/wp-content\/uploads\/2025\/12\/1ec9bd20-2144-4503-bc82-99fa9f7d498d.jpeg\"  style=\"object-position:0% 0%\" width=\"7040\"\/>Kylian Mbapp\u00e9 er kneskadet.  Foto: Manu Fernandez \/ AP \/ NTB<\/p>\n<ul aria-hidden=\"true\" class=\"_images_ntbth_112\">\n<li><a class=\"_link_ntbth_117\" href=\"https:\/\/www.vg.no\/forfatter\/ntb\" style=\"z-index:1\" title=\"NTB\" rel=\"nofollow noopener\" target=\"_blank\"><img alt=\"Bilde av NTB\" class=\"_image_ntbth_93\" fetchpriority=\"low\" loading=\"lazy\" decoding=\"async\" itemprop=\"image\"  src=\"https:\/\/www.europesays.com\/no\/wp-content\/uploads\/2025\/12\/1767191288_46_c33980b0-5d07-4027-84a1-813f90a7c8d6.png\"  width=\"480\"\/><\/a><\/li>\n<\/ul>\n<p> Oppdatert onsdag 31. desember kl. 14:47     <\/p>\n<p class=\"_paragraph_o9xde_4 _paragraph_xtcu6_10 layout-component text-serif-m layout-normal text-serif-m layout-padded\">P\u00e5 \u00e5rets siste dag opplyser klubben p\u00e5 sine nettsider at franskmannen har p\u00e5dratt seg en kneskade.<\/p>\n<p class=\"_paragraph_o9xde_4 _paragraph_xtcu6_10 layout-component text-serif-m layout-normal text-serif-m layout-padded\">\u00abEtter flere tester gjennomf\u00f8rt av Real Madrids leger har Kylian Mbapp\u00e9 i dag f\u00e5tt diagnosen \u00aben forstuing i venstre kne\u00bb. \u200b\u200bRestitusjonen hans vil bli overv\u00e5ket\u00bb, heter det i uttalelsen.<\/p>\n<p class=\"_paragraph_o9xde_4 _paragraph_xtcu6_10 layout-component text-serif-m layout-normal text-serif-m layout-padded\">Mbapp\u00e9 har scoret m\u00e5l p\u00e5 bestilling for klubblaget i hele h\u00f8st. Samtidig har ikke den spanske fotballgigantens resultater v\u00e6rt riktig s\u00e5 gode som klubbledelsen forventer.<\/p>\n<p class=\"_paragraph_o9xde_4 _paragraph_xtcu6_10 layout-component text-serif-m layout-normal text-serif-m layout-padded\">Det har f\u00f8rt til at trener Xabi Alonso har havnet under et ikke ubetydelig press.<\/p>\n<p class=\"_paragraph_o9xde_4 _paragraph_xtcu6_10 layout-component text-serif-m layout-normal text-serif-m layout-padded\">Real har havnet p\u00e5 etterskudd i kampen om ligagullet i Spania. Der leder Barcelona an.<\/p>\n","protected":false},"excerpt":{"rendered":"Real Madrid vil trolig m\u00e5tte klare seg uten den formsterke franske m\u00e5lmaskinen Kylian Mbapp\u00e9 de f\u00f8rste kampene i&hellip;\n","protected":false},"author":2,"featured_media":125562,"comment_status":"","ping_status":"","sticky":false,"template":"","format":"standard","meta":{"footnotes":""},"categories":[59],"tags":[2500,30,28,29,2499,83,82],"class_list":{"0":"post-125561","1":"post","2":"type-post","3":"status-publish","4":"format-standard","5":"has-post-thumbnail","7":"category-sport","8":"tag-kylian-mbappe","9":"tag-no","10":"tag-norge","11":"tag-norway","12":"tag-real-madrid-cf","13":"tag-sport","14":"tag-sports"},"share_on_mastodon":{"url":"https:\/\/pubeurope.com\/@no\/115814656091809286","error":""},"_links":{"self":[{"href":"https:\/\/www.europesays.com\/no\/wp-json\/wp\/v2\/posts\/125561","targetHints":{"allow":["GET"]}}],"collection":[{"href":"https:\/\/www.europesays.com\/no\/wp-json\/wp\/v2\/posts"}],"about":[{"href":"https:\/\/www.europesays.com\/no\/wp-json\/wp\/v2\/types\/post"}],"author":[{"embeddable":true,"href":"https:\/\/www.europesays.com\/no\/wp-json\/wp\/v2\/users\/2"}],"replies":[{"embeddable":true,"href":"https:\/\/www.europesays.com\/no\/wp-json\/wp\/v2\/comments?post=125561"}],"version-history":[{"count":0,"href":"https:\/\/www.europesays.com\/no\/wp-json\/wp\/v2\/posts\/125561\/revisions"}],"wp:featuredmedia":[{"embeddable":true,"href":"https:\/\/www.europesays.com\/no\/wp-json\/wp\/v2\/media\/125562"}],"wp:attachment":[{"href":"https:\/\/www.europesays.com\/no\/wp-json\/wp\/v2\/media?parent=125561"}],"wp:term":[{"taxonomy":"category","embeddable":true,"href":"https:\/\/www.europesays.com\/no\/wp-json\/wp\/v2\/categories?post=125561"},{"taxonomy":"post_tag","embeddable":true,"href":"https:\/\/www.europesays.com\/no\/wp-json\/wp\/v2\/tags?post=125561"}],"curies":[{"name":"wp","href":"https:\/\/api.w.org\/{rel}","templated":true}]}}