{"id":125569,"date":"2025-12-31T14:33:33","date_gmt":"2025-12-31T14:33:33","guid":{"rendered":"https:\/\/www.europesays.com\/no\/125569\/"},"modified":"2025-12-31T14:33:33","modified_gmt":"2025-12-31T14:33:33","slug":"kjaerligheten-tok-slutt-for-disse-parene","status":"publish","type":"post","link":"https:\/\/www.europesays.com\/no\/125569\/","title":{"rendered":"Kj\u00e6rligheten tok slutt for disse parene"},"content":{"rendered":"<p>2025 har bydd p\u00e5 mange gladnyheter i kjendisverden, med flere familiefor\u00f8kelser og giftem\u00e5l.\u00a0<\/p>\n<p>Men som vi alle vet: \u00abFor alltid\u00bb varer ikke alltid like lenge som f\u00f8rst trodd.\u00a0\u00a0<\/p>\n<p>        \u00abSKAL VI DANSE\u00bb: Danseparet bryter ut i latter under intervjuet. Video: Nora Skavhaug\/ R\u00f8d L\u00f8per<\/p>\n<p> I l\u00f8pet av \u00e5ret har flere kjendispar valgt \u00e5 g\u00e5 hver til sitt.<\/p>\n<p>Sophie Elise og Vegard J\u00f8rstad\t<\/p>\n<p>I juni, litt over et \u00e5r etter at de ble foreldre, valgte influenser Sophie Elise Isachsen (31) og samboeren Vegard J\u00f8rstad \u00e5 g\u00e5 fra hverandre. Bruddet ble annonsert gjennom en felles uttalelse p\u00e5 Instagram.\u00a0<\/p>\n<p>    <a itemprop=\"url\" href=\"https:\/\/www.dagbladet.no\/kjendis\/avslorer-brudd\/83178251\" rel=\"nofollow noopener\" target=\"_blank\"><\/p>\n<p>        <img loading=\"lazy\" decoding=\"async\" src=\"https:\/\/www.europesays.com\/no\/wp-content\/uploads\/2025\/12\/83178731.webp.webp\" width=\"980\" height=\"441\" title=\"Avsl\u00f8rer brudd\" alt=\"\" class=\"lazyload\" style=\"--aspect-ratio-image: 2.22; \"\/><\/p>\n<p>        Avsl\u00f8rer brudd<\/p>\n<p>    <\/a><\/p>\n<p>\u00abVegard og jeg er ikke lenger kj\u00e6rester. Vi er fortsatt gode venner, og v\u00e5rt viktigste fokus er s\u00f8nnen v\u00e5r, og relasjonen v\u00e5r som familie. Vi ber om forst\u00e5else for at dette er privat, og at vi ikke \u00f8nsker \u00e5 kommentere noe utover dette\u00bb.\u00a0<\/p>\n<p>        <img loading=\"lazy\" decoding=\"async\" src=\"https:\/\/www.europesays.com\/no\/wp-content\/uploads\/2025\/12\/84010654.webp.webp\" width=\"686\" height=\"1009\" title=\"BRUDD: Sophie Elise Isachsen og Vegard J\u00f8rstad. Foto: Andreas Fadum\/Se og H\u00f8r\" alt=\"\" class=\"\" style=\"--aspect-ratio-image: 0.68; \"\/><\/p>\n<p>\n        BRUDD: Sophie Elise Isachsen og Vegard J\u00f8rstad. Foto: Andreas Fadum\/Se og H\u00f8r\n    <\/p>\n<p>Bruddnyheten kom etter noen m\u00e5neder med spekulasjoner. Isachsen hadde v\u00e6rt \u00e6rlig i sosiale medier om at hun gikk gjennom en t\u00f8ff periode i tida f\u00f8r bruddet ble kjent.\u00a0<\/p>\n<p>Sammen har de s\u00f8nnen Helmer.\u00a0<\/p>\n<p>AnneMa Yuvali og D\u00fcndar Yuvali\t<\/p>\n<p>Se og H\u00f8r kunne i april avsl\u00f8re at TV-paret kjent fra \u00abGrensel\u00f8st forelsket\u00bb ikke lenger var sammen.\u00a0<\/p>\n<p>        HAR M\u00d8TT NOEN: Realityprofil AnneMa Yuvali dater igjen etter bruddet med Dundar i april. Video: Thea Hope \/ Sanne Holt. <\/p>\n<p>AnneMa (66) og D\u00fcndar (32) giftet seg i 2022, og kjempet lenge for at sistnevnte skulle f\u00e5 oppholdstillatelse i Norge.\u00a0I november 2023 kom det endelige avslaget p\u00e5 oppholdstillatelsen til D\u00fcndar. <\/p>\n<p>\u00c5rsaken til bruddet skal ha v\u00e6rt at \u00aboverensstemmelser som ikke er forenelige med framtidig ekteskap\u00bb. AnneMa ble syk under en TV-innspilling i mars. If\u00f8lge henne selv skal ikke ektemannen ha hatt noe sympati overfor sin syke kone.\u00a0<\/p>\n<p>I september m\u00f8ttes de for f\u00f8rste gang etter bruddet, skrev Se og H\u00f8r. AnneMa sa det f\u00f8ltes rart.<\/p>\n<p>        <img loading=\"lazy\" decoding=\"async\" src=\"https:\/\/www.europesays.com\/no\/wp-content\/uploads\/2025\/12\/84010656.webp.webp\" width=\"667\" height=\"768\" title=\"BRUDD: AnneMa Yuvali og D\u00fcndar Yuvali. Foto: Privat\" alt=\"\" class=\"\" style=\"--aspect-ratio-image: 0.87; \"\/><\/p>\n<p>\n        BRUDD: AnneMa Yuvali og D\u00fcndar Yuvali. Foto: Privat\n    <\/p>\n<p>&#8211; Jeg er veldig glad i D\u00fcndar, men et forhold er nyttel\u00f8st. Jeg begynner nesten \u00e5 gr\u00e5te n\u00e5r jeg snakker om det, for det er fortsatt veldig s\u00e5rt. Vi kan snakke sammen, men vi kan ikke leve sammen. Vi er ikke kj\u00e6rester p\u00e5 noe vis, og vil aldri bli det igjen.<\/p>\n<p>Frank L\u00f8ke og Hel\u00e9n Oterhals\t<\/p>\n<p>Frank L\u00f8ke (45) og Hel\u00e9n Oterhals (29) er et par som har hatt et av-og-p\u00e5-forhold de seineste \u00e5ra. I august kunne de bekrefte overfor Dagbladet at det var slutt &#8211; igjen.\u00a0<\/p>\n<p>        <img loading=\"lazy\" decoding=\"async\" src=\"https:\/\/www.europesays.com\/no\/wp-content\/uploads\/2025\/12\/84010659.webp.webp\" width=\"667\" height=\"447\" title=\"BRUDD: Hel\u00e9n Oterhals og Frank L\u00f8ke. Foto: Shad Madian\/Se og H\u00f8r\" alt=\"\" class=\"\" style=\"--aspect-ratio-image: 1.49; \"\/><\/p>\n<p>\n        BRUDD: Hel\u00e9n Oterhals og Frank L\u00f8ke. Foto: Shad Madian\/Se og H\u00f8r\n    <\/p>\n<p>&#8211; Vi f\u00e5r det rett og slett ikke til \u00e5 funke, samme hvor mye vi vil. Vi er bare venner n\u00e5 og selv tar jeg kun \u00e9n dag om gangen. Jeg er ikke l\u00e5st til noe! fortalte Oterhals.\u00a0<\/p>\n<p>    <a itemprop=\"url\" href=\"https:\/\/www.dagbladet.no\/kjendis\/hinter-om-ny-flamme\/83703611\" rel=\"nofollow noopener\" target=\"_blank\"><\/p>\n<p>        <img loading=\"lazy\" decoding=\"async\" src=\"https:\/\/www.europesays.com\/no\/wp-content\/uploads\/2025\/12\/83703762.webp.webp\" width=\"980\" height=\"441\" title=\"Hinter om ny flamme\" alt=\"\" class=\"lazyload\" style=\"--aspect-ratio-image: 2.22; \"\/><\/p>\n<p>        Hinter om ny flamme<\/p>\n<p>    <\/a><\/p>\n<p>Til tross for sitt turbulente forhold, har de alltid beholdt vennskapet.\u00a0<\/p>\n<p>Tiril Eckhoff og \u00c5nund Lid Byggland\t<\/p>\n<p>Etter 13 \u00e5r som kj\u00e6rester, gikk tidligere skiskytter Tiril Eckhoff (35) og langrennsl\u00f8per \u00c5nund Lid Byggland (35) fra hverandre i mai. De var ogs\u00e5 forlovet, etter frieri i 2022.\u00a0<\/p>\n<p>        <img loading=\"lazy\" decoding=\"async\" src=\"https:\/\/www.europesays.com\/no\/wp-content\/uploads\/2025\/12\/84010786.webp.webp\" width=\"980\" height=\"559\" title=\"BRUDD: Tiril Eckhoff og \u00c5nund Lid Byggland. Foto: Lise \u00c5serud\/NTB\" alt=\"\" class=\"\" style=\"--aspect-ratio-image: 1.75; \"\/><\/p>\n<p>\n        BRUDD: Tiril Eckhoff og \u00c5nund Lid Byggland. Foto: Lise \u00c5serud\/NTB\n    <\/p>\n<p>&#8211; Vi har etter 13 fine \u00e5r sammen, valgt \u00e5 g\u00e5 hvert til v\u00e5rt. Sammen har vi opplevd b\u00e5de oppturer og nedturer, og mange fantastiske \u00f8yeblikk som jeg er veldig takknemlig for. Selv om veiene v\u00e5re n\u00e5 skilles, har vi fortsatt omtanke og respekt for hverandre. Ingen dramatikk, men av og til g\u00e5r ikke livet helt som man f\u00f8rst tenker, sa Eckhoff til TV 2.\u00a0<\/p>\n<p>        BUNNPUNKT: Semifinalist Tiril Eckhoff avsl\u00f8rer t\u00e5rev\u00e5tt sammenbrudd, og hva som fikk henne til \u00e5 kjefte p\u00e5 dansepartneren Santino Mirenna. Reporter: Sanne Holt. Video: \u00abSkal vi danse\u00bb\/ TV 2\/ Sanne Holt\/ R\u00f8d L\u00f8per<\/p>\n<p>Denne h\u00f8sten har Eckhoff v\u00e6rt aktuell i \u00abSkal vi danse\u00bb, hvor hun endte p\u00e5 en tredjeplass.\u00a0<\/p>\n<p>Samantha Skogrand\t<\/p>\n<p>Etter bruddet med tidligere skil\u00f8per Emil Hegle Svendsen (40), fant radioprogramleder Samantha Skogrand (36) lykken p\u00e5 ny i fjor.\u00a0<\/p>\n<p>    <a itemprop=\"url\" href=\"https:\/\/www.dagbladet.no\/kjendis\/foler-skam-og-skyldfolelse\/82263141\" rel=\"nofollow noopener\" target=\"_blank\"><\/p>\n<p>        <img loading=\"lazy\" decoding=\"async\" src=\"https:\/\/www.europesays.com\/no\/wp-content\/uploads\/2025\/12\/82263564.webp.webp\" width=\"147\" height=\"98\" title=\"- F\u00f8ler skam og skyldf\u00f8lelse\" alt=\"\" class=\"lazyload\" style=\"--aspect-ratio-image: 1.50; \"\/><\/p>\n<p>        &#8211; F\u00f8ler skam og skyldf\u00f8lelse<\/p>\n<p>    <\/a><\/p>\n<p>Skogrand holdt den nye kj\u00e6resten hemmelig for offentligheten.\u00a0<\/p>\n<p>Overfor TV 2 bekreftet hun i august at hun hadde blitt singel igjen. De gikk hver til sitt som venner, fortalte hun.\u00a0<\/p>\n<p>        <img loading=\"lazy\" decoding=\"async\" src=\"https:\/\/www.europesays.com\/no\/wp-content\/uploads\/2025\/12\/84010673.webp.webp\" width=\"686\" height=\"1050\" title=\"SINGEL: Samantha Skogrand. Foto: Andreas Fadum\/Se og H\u00f8r\" alt=\"\" class=\"\" style=\"--aspect-ratio-image: 0.65; \"\/><\/p>\n<p>\n        SINGEL: Samantha Skogrand. Foto: Andreas Fadum\/Se og H\u00f8r\n    <\/p>\n<p>Da TV 2 m\u00f8tte henne p\u00e5 Costume Awards i starten av september, avsl\u00f8rte hun at hun ikke var klar for \u00e5 date andre enn\u00e5.\u00a0<\/p>\n<p>&#8211; Jeg har ikke v\u00e6rt ordentlig singel p\u00e5 12 \u00e5r. Jeg tror det blir ganske annerledes. Jeg er livredd, sa hun\u00a0med en humoristisk tone.<\/p>\n<p>Andre kjendisbrudd:\u00a0\t<\/p>\n<p>Fabian Stang og Catharina Munthe &#8211; skilt etter 14 \u00e5r.<\/p>\n<p>        <img loading=\"lazy\" decoding=\"async\" src=\"https:\/\/www.europesays.com\/no\/wp-content\/uploads\/2025\/12\/84010675.webp.webp\" width=\"686\" height=\"1091\" title=\"Catharina Munthe og Fabian Stang. Foto: Andreas Fadum\/Se og H\u00f8r\" alt=\"\" class=\"\" style=\"--aspect-ratio-image: 0.63; \"\/><\/p>\n<p>\n        Catharina Munthe og Fabian Stang. Foto: Andreas Fadum\/Se og H\u00f8r\n    <\/p>\n<p>Chris Holsten og Vivild Falk Berg &#8211; brudd etter to \u00e5r.\u00a0<\/p>\n<p>        <img loading=\"lazy\" decoding=\"async\" src=\"https:\/\/www.europesays.com\/no\/wp-content\/uploads\/2025\/12\/84010677.webp.webp\" width=\"686\" height=\"1064\" title=\"Chris Holsten og Vivild Falk Berg. Foto: Andreas Fadum\/Se og H\u00f8r\" alt=\"\" class=\"\" style=\"--aspect-ratio-image: 0.64; \"\/><\/p>\n<p>\n        Chris Holsten og Vivild Falk Berg. Foto: Andreas Fadum\/Se og H\u00f8r\n    <\/p>\n<p>Julie Bergan og Yunus Daar &#8211; brudd etter fire \u00e5r.\u00a0<\/p>\n<p>        <img loading=\"lazy\" decoding=\"async\" src=\"https:\/\/www.europesays.com\/no\/wp-content\/uploads\/2025\/12\/84010679.webp.webp\" width=\"686\" height=\"1043\" title=\"Julie Bergan og Yunus Daar. Foto: Andreas Fadum\/Se og H\u00f8r\" alt=\"\" class=\"\" style=\"--aspect-ratio-image: 0.66; \"\/><\/p>\n<p>\n        Julie Bergan og Yunus Daar. Foto: Andreas Fadum\/Se og H\u00f8r\n    <\/p>\n<p>Mayoo Indiran og Ida Yasmine Steen &#8211; brudd etter to \u00e5r.\u00a0<\/p>\n<p>        <img loading=\"lazy\" decoding=\"async\" src=\"https:\/\/www.europesays.com\/no\/wp-content\/uploads\/2025\/12\/84010684.webp.webp\" width=\"667\" height=\"1108\" title=\"Ida Yasmine Steen og Mayoo Indiran. Foto: Tore Skaar\/Se og H\u00f8r\" alt=\"\" class=\"\" style=\"--aspect-ratio-image: 0.60; \"\/><\/p>\n<p>\n        Ida Yasmine Steen og Mayoo Indiran. Foto: Tore Skaar\/Se og H\u00f8r\n    <\/p>\n<p>Vita Mashadi og kj\u00e6resten &#8211; brudd etter sju m\u00e5neder.\u00a0<\/p>\n<p>        <img loading=\"lazy\" decoding=\"async\" src=\"https:\/\/www.europesays.com\/no\/wp-content\/uploads\/2025\/12\/84010700.webp.webp\" width=\"686\" height=\"1002\" title=\"Vita Mashadi og tvillings\u00f8steren Wanda Mashadi. Foto: Andreas Fadum\/Se og H\u00f8r\" alt=\"\" class=\"\" style=\"--aspect-ratio-image: 0.68; \"\/><\/p>\n<p>\n        Vita Mashadi og tvillings\u00f8steren Wanda Mashadi. Foto: Andreas Fadum\/Se og H\u00f8r\n    <\/p>\n<p>Dennis Poppe og kj\u00e6resten Helene &#8211; brudd etter tre \u00e5r.\u00a0<\/p>\n<p>        <img loading=\"lazy\" decoding=\"async\" src=\"https:\/\/www.europesays.com\/no\/wp-content\/uploads\/2025\/12\/84010704.webp.webp\" width=\"686\" height=\"1009\" title=\"Dennis Poppe og Helene. Foto: Andreas Fadum\/Se og H\u00f8r\" alt=\"\" class=\"\" style=\"--aspect-ratio-image: 0.68; \"\/><\/p>\n<p>\n        Dennis Poppe og Helene. Foto: Andreas Fadum\/Se og H\u00f8r\n    <\/p>\n<p>Ida Broen og kj\u00e6resten &#8211; brudd etter fire \u00e5r.\u00a0<\/p>\n<p>        <img loading=\"lazy\" decoding=\"async\" src=\"https:\/\/www.europesays.com\/no\/wp-content\/uploads\/2025\/12\/84010713.webp.webp\" width=\"686\" height=\"1029\" title=\"Ida Broen. Foto: Andreas Fadum\/Se og H\u00f8r\" alt=\"\" class=\"\" style=\"--aspect-ratio-image: 0.67; \"\/><\/p>\n<p>\n        Ida Broen. Foto: Andreas Fadum\/Se og H\u00f8r\n    <\/p>\n<p>Aurora Gude og kj\u00e6resten &#8211; brudd etter to \u00e5r.\u00a0<\/p>\n<p>        <img loading=\"lazy\" decoding=\"async\" src=\"https:\/\/www.europesays.com\/no\/wp-content\/uploads\/2025\/12\/84010741.webp.webp\" width=\"686\" height=\"1043\" title=\"Aurora Gude. Foto: Andreas Fadum\/Se og H\u00f8r\" alt=\"\" class=\"\" style=\"--aspect-ratio-image: 0.66; \"\/><\/p>\n<p>\n        Aurora Gude. Foto: Andreas Fadum\/Se og H\u00f8r\n    <\/p>\n<p>Selma Ibrahim og Steffen Bruvik &#8211; brudd et \u00e5r etter forlovelsen.<\/p>\n<p>        <img loading=\"lazy\" decoding=\"async\" src=\"https:\/\/www.europesays.com\/no\/wp-content\/uploads\/2025\/12\/84010738.webp.webp\" width=\"686\" height=\"1071\" title=\"Selma Ibrahim. Foto: Andreas Fadum\/Se og H\u00f8r\" alt=\"\" class=\"\" style=\"--aspect-ratio-image: 0.64; \"\/><\/p>\n<p>\n        Selma Ibrahim. Foto: Andreas Fadum\/Se og H\u00f8r\n    <\/p>\n<p>Dora Thorhallsdottir og Jan Tore Borgersen &#8211; skilt etter to \u00e5r.\u00a0<\/p>\n<p>        <img loading=\"lazy\" decoding=\"async\" src=\"https:\/\/www.europesays.com\/no\/wp-content\/uploads\/2025\/12\/84010762.webp.webp\" width=\"686\" height=\"1064\" title=\"Jan Tore Borgersen og Dora Thorhallsdottir. Foto: Andreas Fadum\/Se og H\u00f8r\" alt=\"\" class=\"\" style=\"--aspect-ratio-image: 0.64; \"\/><\/p>\n<p>\n        Jan Tore Borgersen og Dora Thorhallsdottir. Foto: Andreas Fadum\/Se og H\u00f8r\n    <\/p>\n<p>Henrik Fossedal og Elisabeth Henriksen &#8211; brudd et \u00e5r etter \u00abLove Island\u00bb-seieren.\u00a0<\/p>\n<p>        <img loading=\"lazy\" decoding=\"async\" src=\"https:\/\/www.europesays.com\/no\/wp-content\/uploads\/2025\/12\/84010765.webp.webp\" width=\"686\" height=\"1029\" title=\"Elisabeth Henriksen og Henrik Fossedal. Foto: Espen Solli\/Se og H\u00f8r\" alt=\"\" class=\"\" style=\"--aspect-ratio-image: 0.67; \"\/><\/p>\n<p>\n        Elisabeth Henriksen og Henrik Fossedal. Foto: Espen Solli\/Se og H\u00f8r\n    <\/p>\n<p>Erika Fatland og Erik Fosnes Hansen &#8211; skilt etter ti \u00e5r.\u00a0<\/p>\n<p>        <img loading=\"lazy\" decoding=\"async\" src=\"https:\/\/www.europesays.com\/no\/wp-content\/uploads\/2025\/12\/84010796.webp.webp\" width=\"667\" height=\"968\" title=\"Erika Fatland og Erik Fosnes Hansen. Foto: Thor Nielsen\" alt=\"\" class=\"\" style=\"--aspect-ratio-image: 0.69; \"\/><\/p>\n<p>\n        Erika Fatland og Erik Fosnes Hansen. Foto: Thor Nielsen\n    <\/p>\n<p>Emilie Skolmen og Henrik Aspeflaten.<\/p>\n<p>        <img loading=\"lazy\" decoding=\"async\" src=\"https:\/\/www.europesays.com\/no\/wp-content\/uploads\/2025\/12\/84010802.webp.webp\" width=\"686\" height=\"1029\" title=\"Henrik Aspeflaten og Emilie Skolmen. Foto: Andreas Fadum\/Se og H\u00f8r\" alt=\"\" class=\"\" style=\"--aspect-ratio-image: 0.67; \"\/><\/p>\n<p>\n        Henrik Aspeflaten og Emilie Skolmen. Foto: Andreas Fadum\/Se og H\u00f8r\n    <\/p>\n","protected":false},"excerpt":{"rendered":"2025 har bydd p\u00e5 mange gladnyheter i kjendisverden, med flere familiefor\u00f8kelser og giftem\u00e5l.\u00a0 Men som vi alle vet:&hellip;\n","protected":false},"author":2,"featured_media":125570,"comment_status":"","ping_status":"","sticky":false,"template":"","format":"standard","meta":{"footnotes":""},"categories":[10],"tags":[20,21,4085,24,25,15,479,22,23,13,30,28,29,14,16,26,27],"class_list":{"0":"post-125569","1":"post","2":"type-post","3":"status-publish","4":"format-standard","5":"has-post-thumbnail","7":"category-norge","8":"tag-breaking-news","9":"tag-breakingnews","10":"tag-brudd","11":"tag-featured-news","12":"tag-featurednews","13":"tag-headlines","14":"tag-kjendis","15":"tag-latest-news","16":"tag-latestnews","17":"tag-news","18":"tag-no","19":"tag-norge","20":"tag-norway","21":"tag-nyheter","22":"tag-overskrifter","23":"tag-top-stories","24":"tag-topstories"},"share_on_mastodon":{"url":"https:\/\/pubeurope.com\/@no\/115814675774833062","error":""},"_links":{"self":[{"href":"https:\/\/www.europesays.com\/no\/wp-json\/wp\/v2\/posts\/125569","targetHints":{"allow":["GET"]}}],"collection":[{"href":"https:\/\/www.europesays.com\/no\/wp-json\/wp\/v2\/posts"}],"about":[{"href":"https:\/\/www.europesays.com\/no\/wp-json\/wp\/v2\/types\/post"}],"author":[{"embeddable":true,"href":"https:\/\/www.europesays.com\/no\/wp-json\/wp\/v2\/users\/2"}],"replies":[{"embeddable":true,"href":"https:\/\/www.europesays.com\/no\/wp-json\/wp\/v2\/comments?post=125569"}],"version-history":[{"count":0,"href":"https:\/\/www.europesays.com\/no\/wp-json\/wp\/v2\/posts\/125569\/revisions"}],"wp:featuredmedia":[{"embeddable":true,"href":"https:\/\/www.europesays.com\/no\/wp-json\/wp\/v2\/media\/125570"}],"wp:attachment":[{"href":"https:\/\/www.europesays.com\/no\/wp-json\/wp\/v2\/media?parent=125569"}],"wp:term":[{"taxonomy":"category","embeddable":true,"href":"https:\/\/www.europesays.com\/no\/wp-json\/wp\/v2\/categories?post=125569"},{"taxonomy":"post_tag","embeddable":true,"href":"https:\/\/www.europesays.com\/no\/wp-json\/wp\/v2\/tags?post=125569"}],"curies":[{"name":"wp","href":"https:\/\/api.w.org\/{rel}","templated":true}]}}