{"id":125575,"date":"2025-12-31T14:40:30","date_gmt":"2025-12-31T14:40:30","guid":{"rendered":"https:\/\/www.europesays.com\/no\/125575\/"},"modified":"2025-12-31T14:40:30","modified_gmt":"2025-12-31T14:40:30","slug":"nyheter-politi-ble-stoppet-med-telefonen-i-handa-det-ble-en-kostbar-kjoretur","status":"publish","type":"post","link":"https:\/\/www.europesays.com\/no\/125575\/","title":{"rendered":"Nyheter, Politi | Ble stoppet med telefonen i h\u00e5nda, det ble en kostbar kj\u00f8retur"},"content":{"rendered":"\n<p>Utrykningspolitiet stoppet tirsdag i 14-tiden en bilist i Gran sentrum. Vedkommende ble ilagt et forenklet forelegg for bruk av h\u00e5ndholdt mobiltelefon.<\/p>\n<p>\u2013 Det kostet vedkommende 10.450 kroner, kunne oppdragsleder hos politiet i Innlandet, Anna Boger, fortelle.<\/p>\n<p>Etter det avisen Hadeland erfarer var det ikke snakk om en organisert kontroll, men en observasjon som politiet gjorde under patruljering.<\/p>\n<p>Snakket med ungdom p\u00e5 Jaren<\/p>\n<p>Boger kunne ogs\u00e5 fortelle at politiet snakket med ei gruppe ATV- og UTV-kj\u00f8rere p\u00e5 Jaren rundt 20.30-tida tirsdag kveld.<\/p>\n<p>\u2013 Det var ikke snakk om noen reaksjoner, men n\u00e5r mange kj\u00f8ret\u00f8y samler seg blir de lett synlige. Da er det ogs\u00e5 fint \u00e5 kunne benytte anledningen til \u00e5 sl\u00e5 av en prat med ungdommen, sier politiet.<\/p>\n<p>  <a href=\"https:\/\/www.hadeland.no\/5-21-945873\" class=\"related-teaser has-image default-feature-teaser article--c-eRUmMG article--c-eRUmMG-jKCPdD-design-default\" rel=\"nofollow noopener\" target=\"_blank\"><\/p>\n<p>    <img decoding=\"async\" loading=\"lazy\"  src=\"https:\/\/www.europesays.com\/no\/wp-content\/uploads\/2025\/12\/18DAG_03-21-DSC02879.jpg\" alt=\"\" class=\"brick-c-cFOWSL\" style=\"\"\/><\/p>\n<p>\n            Les ogs\u00e5<\/p>\n<p>              Torbj\u00f8rn (27) utvikler materiell til politiet i hele Norge: \u2013 Det ligger et stort ansvar bak denne jobben\n        <\/p>\n<p>  <\/a><br \/>\n  \u00d8kte satser ute p\u00e5 h\u00f8ring<\/p>\n<p>If\u00f8lge <a href=\"https:\/\/www.naf.no\/politikk-og-samfunn\/privatokonomi\/vil-oke-botesatsene\" rel=\"Follow nofollow noopener\" target=\"_blank\">NAF<\/a> er nye satser p\u00e5 forelegg ute p\u00e5 h\u00f8ring. Dersom disse g\u00e5r gjennom, vil de bli gjeldene fra 1. mars.<\/p>\n<p>Fra 2025 til 2026 satsene bli slik hvis forslaget blir st\u00e5ende:<\/p>\n<ul>\n<li>Bruk av mobiltelefon, \u00f8ker fra 10.450 kroner til 10.750 kroner<\/li>\n<li>Brudd p\u00e5 vikeplikten samme, \u00f8ker fra 10.450 kroner til 10.750 kroner<\/li>\n<li>Kj\u00f8re p\u00e5 r\u00f8dt lys, fra 10.450 kroner til 10.750 kroner<\/li>\n<li>Brudd p\u00e5 forbudsskilt, \u00f8ker 8.400 kroner til 8.650 kroner<\/li>\n<li>Kj\u00f8re i 61 km\/t i 50-sone: \u00f8ker fra 5.800 kroner til 5.950 kroner<\/li>\n<\/ul>\n","protected":false},"excerpt":{"rendered":"Utrykningspolitiet stoppet tirsdag i 14-tiden en bilist i Gran sentrum. Vedkommende ble ilagt et forenklet forelegg for bruk&hellip;\n","protected":false},"author":2,"featured_media":41617,"comment_status":"","ping_status":"","sticky":false,"template":"","format":"standard","meta":{"footnotes":""},"categories":[56],"tags":[36,60,61,14788,62,30,28,29,14,254,1510,224],"class_list":{"0":"post-125575","1":"post","2":"type-post","3":"status-publish","4":"format-standard","5":"has-post-thumbnail","7":"category-naeringsliv","8":"tag-art","9":"tag-business","10":"tag-economy","11":"tag-forenklede-forelegg","12":"tag-naeringsliv","13":"tag-no","14":"tag-norge","15":"tag-norway","16":"tag-nyheter","17":"tag-politi","18":"tag-story","19":"tag-trafikk"},"share_on_mastodon":{"url":"https:\/\/pubeurope.com\/@no\/115814703286076070","error":""},"_links":{"self":[{"href":"https:\/\/www.europesays.com\/no\/wp-json\/wp\/v2\/posts\/125575","targetHints":{"allow":["GET"]}}],"collection":[{"href":"https:\/\/www.europesays.com\/no\/wp-json\/wp\/v2\/posts"}],"about":[{"href":"https:\/\/www.europesays.com\/no\/wp-json\/wp\/v2\/types\/post"}],"author":[{"embeddable":true,"href":"https:\/\/www.europesays.com\/no\/wp-json\/wp\/v2\/users\/2"}],"replies":[{"embeddable":true,"href":"https:\/\/www.europesays.com\/no\/wp-json\/wp\/v2\/comments?post=125575"}],"version-history":[{"count":0,"href":"https:\/\/www.europesays.com\/no\/wp-json\/wp\/v2\/posts\/125575\/revisions"}],"wp:featuredmedia":[{"embeddable":true,"href":"https:\/\/www.europesays.com\/no\/wp-json\/wp\/v2\/media\/41617"}],"wp:attachment":[{"href":"https:\/\/www.europesays.com\/no\/wp-json\/wp\/v2\/media?parent=125575"}],"wp:term":[{"taxonomy":"category","embeddable":true,"href":"https:\/\/www.europesays.com\/no\/wp-json\/wp\/v2\/categories?post=125575"},{"taxonomy":"post_tag","embeddable":true,"href":"https:\/\/www.europesays.com\/no\/wp-json\/wp\/v2\/tags?post=125575"}],"curies":[{"name":"wp","href":"https:\/\/api.w.org\/{rel}","templated":true}]}}