{"id":125580,"date":"2025-12-31T14:43:18","date_gmt":"2025-12-31T14:43:18","guid":{"rendered":"https:\/\/www.europesays.com\/no\/125580\/"},"modified":"2025-12-31T14:43:18","modified_gmt":"2025-12-31T14:43:18","slug":"hundeeier-velger-atte-timer-i-morket-pa-nyttarsaften-flykter-fra-fyrverkeri-nrk-troms-og-finnmark","status":"publish","type":"post","link":"https:\/\/www.europesays.com\/no\/125580\/","title":{"rendered":"Hundeeier velger \u00e5tte timer i m\u00f8rket p\u00e5 nytt\u00e5rsaften \u2013 flykter fra fyrverkeri \u2013 NRK Troms og Finnmark"},"content":{"rendered":"<p>\u2013 I tunnelen h\u00f8rer vi ingenting. Det er helt stille, ikke et smell, forteller Mai-Ann Heim.<\/p>\n<p>For mange er nytt\u00e5rsaften en kveld for feiring, men for Mai-Ann og hunden Kanella er det en kamp mot klokka.<\/p>\n<p>Fra klokken seks om kvelden sitter de i bilen i Troms\u00f8 Parkerings tunnelanlegg.<\/p>\n<p>De er ikke alene; langs tunnelveggene st\u00e5r bilene ofte tett i tett med andre hundeeiere som har s\u00f8kt tilflukt under Troms\u00f8ya.<\/p>\n<p>Traume fra valpetiden<\/p>\n<p>Frykten startet da Kanella var bare en liten valp. En kraftig serie med smell gikk av rett bak dem p\u00e5 en luftetur i skogen en m\u00f8rk oktoberkveld. Kanella gikk i full fluktpanikk.<\/p>\n<p>\u2013 Hun var nesten i lufta og sprang av g\u00e5rde. Jeg hadde fulle hyra med \u00e5 henge p\u00e5 slep, og fikk ikke sjansen til \u00e5 tr\u00f8ste eller avlede henne. Etter den gangen har hun v\u00e6rt vettskremt, sier Heim.<\/p>\n<p>Hjemme i stua fungerer ingenting. Kanella skjelver, vibrerer og l\u00f8per hvilel\u00f8st fra rom til rom p\u00e5 jakt etter et sted \u00e5 gjemme seg. Medisiner har hatt motsatt virkning p\u00e5 henne. Derfor har tunnelen blitt deres faste tilfluktssted p\u00e5 nytt\u00e5rsaften, helt frem til klokken to p\u00e5 natten.<\/p>\n<p><img decoding=\"async\"   src=\"data:image\/gif;base64,R0lGODlhAQABAIAAAAAAAP\/\/\/yH5BAEAAAAALAAAAAABAAEAAAIBRAA7\" loading=\"eager\" alt=\"Troms\u00f8 parkeringsanlegg, som ogs\u00e5 fungerer som byens offentlige tilfluktsrom. Men dere er det bare plass til ti prosent av befolkningen.\" title=\"Foto: Eirik Hind Sveen \/ NRK\"\/><\/p>\n<p class=\"\">Parkeringstunnelen i Troms\u00f8.<\/p>\n<p>Foto: Eirik Hind Sveen \/ NRK<\/p>\n<p>\u2013 Jeg klarer rett og slett ikke \u00e5 se p\u00e5 at hun har det s\u00e5nn. S\u00e5pass omsorg m\u00e5 man kunne vise, sier hun.<\/p>\n<p>Veterin\u00e6ren: \u2013 Det er et akutt traume<\/p>\n<p>Ved AniCura Dyresykehus i Troms\u00f8 merker veterin\u00e6r Thea Isaksen p\u00e5gangen fra fortvilede dyreeiere lenge f\u00f8r det f\u00f8rste smellet h\u00f8res.<\/p>\n<p>\u2013 Det er spesielt disse ukene rundt nytt\u00e5r at mange eiere er stressa. De vet kanskje ikke hva de skal forvente av et nytt dyr, eller de har sv\u00e6rt d\u00e5rlige erfaringer fra tidligere \u00e5r, sier Isaksen.\n<\/p>\n<p><img decoding=\"async\"   src=\"data:image\/gif;base64,R0lGODlhAQABAIAAAAAAAP\/\/\/yH5BAEAAAAALAAAAAABAAEAAAIBRAA7\" loading=\"eager\" alt=\"En kvinne sitter ved et bord i et rom med moderne interi\u00f8r. Det er flere stoler og bord rundt henne, samt en kj\u00f8kkenkrok synlig i bakgrunnen. P\u00e5 bordet ligger papir med tekst og det st\u00e5r en gr\u00f8nn beholder. Rommet har beige vegger med en stripete gulvmatte. (Bildebeskrivelsen er laget av en KI-tjeneste)\" title=\"Foto: Tove Jensen \/ NRK\"\/><\/p>\n<p class=\"\"> Veterin\u00e6r Thea Isaksen <\/p>\n<p>Foto: Tove Jensen \/ NRK<\/p>\n<p>Hun forklarer at dyrene opplever situasjonen som et uforutsigbart angrep.<\/p>\n<p>\u2013 Dyra forst\u00e5r ikke at det er nytt\u00e5rsaften. Alt lys og lyd som kommer er skummelt. Det er et traume som gj\u00f8r at de ofte bruker flere dager p\u00e5 \u00e5 komme seg etterp\u00e5. De spiser mindre, blir mindre sosiale og t\u00f8r kanskje ikke g\u00e5 ut d\u00f8ra.<\/p>\n<p><img decoding=\"async\"   src=\"data:image\/gif;base64,R0lGODlhAQABAIAAAAAAAP\/\/\/yH5BAEAAAAALAAAAAABAAEAAAIBRAA7\" loading=\"eager\" alt=\"To personer i arbeidskl\u00e6r st\u00e5r i et veterin\u00e6rrom. En av dem holder en liten hund p\u00e5 et behandlingsbord, mens den andre stryker den. Omgivelsene viser medisinsk utstyr og oppbevaringsskap. Rommet er lyst og moderne, tilpasset veterin\u00e6rtjenester. (Bildebeskrivelsen er laget av en KI-tjeneste)\" title=\"Foto: Tove Jensen \/ NRK\"\/><\/p>\n<p class=\"\">Ved AniCura Dyresykehus i Troms\u00f8 opplever stor p\u00e5gang f\u00f8r nytt\u00e5rsaften.<\/p>\n<p>Foto: Tove Jensen \/ NRK<\/p>\n<p>Slik kan du hjelpe dyret ditt<\/p>\n<p>For de som ikke har mulighet til \u00e5 gjemme seg i en tunnel, anbefaler veterin\u00e6ren f\u00f8lgende tiltak:<\/p>\n<ul>\n<li>Skap en trygg base: Trekk for gardiner for \u00e5 stenge ute lysglimt. Bruk musikk eller TV for \u00e5 d\u00f8yve lydene utenfra.<\/li>\n<li>V\u00e6r tidlig ute: Luft dyret godt tidlig p\u00e5 dagen f\u00f8r de verste smellene starter.<\/li>\n<li>Vurder st\u00f8tte: Kontakt veterin\u00e6r tidlig hvis du tror dyret ditt trenger medisiner eller feromoner for \u00e5 dempe angstterskelen.<\/li>\n<\/ul>\n<p>B\u00e5de Heim og Isaksen etterlyser n\u00e5 mer regulerte former for feiring.<\/p>\n<p>\u2013 Jeg skulle \u00f8nske det var faste oppskytingsplasser. Da kunne vi andre holdt oss langt unna, sier Heim.<\/p>\n<p>Veterin\u00e6r Isaksen er enig:<\/p>\n<p>\u2013 Fyrverkeri er en gammel tradisjon som kanskje er litt utdatert n\u00e5r man ser hvilke konsekvenser det har for dyrevelferden.<\/p>\n<p>Publisert<\/p>\n<p>30.12.2025, kl. 12.35<\/p>\n<p>Oppdatert<\/p>\n<p>30.12.2025, kl. 12.40<\/p>\n","protected":false},"excerpt":{"rendered":"\u2013 I tunnelen h\u00f8rer vi ingenting. Det er helt stille, ikke et smell, forteller Mai-Ann Heim. For mange&hellip;\n","protected":false},"author":2,"featured_media":125581,"comment_status":"","ping_status":"","sticky":false,"template":"","format":"standard","meta":{"footnotes":""},"categories":[5],"tags":[20,21,24,25,15,19,22,23,17,18,13,30,28,29,14,16,26,27],"class_list":{"0":"post-125580","1":"post","2":"type-post","3":"status-publish","4":"format-standard","5":"has-post-thumbnail","7":"category-overskrifter","8":"tag-breaking-news","9":"tag-breakingnews","10":"tag-featured-news","11":"tag-featurednews","12":"tag-headlines","13":"tag-hovedoppslag","14":"tag-latest-news","15":"tag-latestnews","16":"tag-main-news","17":"tag-mainnews","18":"tag-news","19":"tag-no","20":"tag-norge","21":"tag-norway","22":"tag-nyheter","23":"tag-overskrifter","24":"tag-top-stories","25":"tag-topstories"},"share_on_mastodon":{"url":"https:\/\/pubeurope.com\/@no\/115814714763487084","error":""},"_links":{"self":[{"href":"https:\/\/www.europesays.com\/no\/wp-json\/wp\/v2\/posts\/125580","targetHints":{"allow":["GET"]}}],"collection":[{"href":"https:\/\/www.europesays.com\/no\/wp-json\/wp\/v2\/posts"}],"about":[{"href":"https:\/\/www.europesays.com\/no\/wp-json\/wp\/v2\/types\/post"}],"author":[{"embeddable":true,"href":"https:\/\/www.europesays.com\/no\/wp-json\/wp\/v2\/users\/2"}],"replies":[{"embeddable":true,"href":"https:\/\/www.europesays.com\/no\/wp-json\/wp\/v2\/comments?post=125580"}],"version-history":[{"count":0,"href":"https:\/\/www.europesays.com\/no\/wp-json\/wp\/v2\/posts\/125580\/revisions"}],"wp:featuredmedia":[{"embeddable":true,"href":"https:\/\/www.europesays.com\/no\/wp-json\/wp\/v2\/media\/125581"}],"wp:attachment":[{"href":"https:\/\/www.europesays.com\/no\/wp-json\/wp\/v2\/media?parent=125580"}],"wp:term":[{"taxonomy":"category","embeddable":true,"href":"https:\/\/www.europesays.com\/no\/wp-json\/wp\/v2\/categories?post=125580"},{"taxonomy":"post_tag","embeddable":true,"href":"https:\/\/www.europesays.com\/no\/wp-json\/wp\/v2\/tags?post=125580"}],"curies":[{"name":"wp","href":"https:\/\/api.w.org\/{rel}","templated":true}]}}