{"id":125586,"date":"2025-12-31T14:51:19","date_gmt":"2025-12-31T14:51:19","guid":{"rendered":"https:\/\/www.europesays.com\/no\/125586\/"},"modified":"2025-12-31T14:51:19","modified_gmt":"2025-12-31T14:51:19","slug":"valgresultat-i-honduras-klaget-inn-til-domstolen","status":"publish","type":"post","link":"https:\/\/www.europesays.com\/no\/125586\/","title":{"rendered":"Valgresultat i Honduras klaget inn til domstolen"},"content":{"rendered":"\n<p class=\"_lead_o9xde_2 _lead_xtcu6_50 layout-component text-serif-m layout-normal text-serif-l layout-component layout-wide layout-padded _wide_17hqh_1 layout-padded\">Salvador Nasralla, som tapte presidentvalget i Honduras for konservative Nasry Asfura, har klaget valgresultatet inn for domstolene.<\/p>\n<p><img alt=\"Salvador Nasralla fra Det liberale partiet tapte det jevne valget i Honduras, men anker resultatet til domstolene.  Foto: Moises Castillo \/ AP \/ NTB\" class=\"_image_qp4xg_65 layout-component layout-wide\" data-fullscreen- data-track-element-type=\"Article image fullscreen\" data-track-name=\"ImageFullscreen\" fetchpriority=\"high\" decoding=\"sync\" loading=\"eager\" height=\"5760\" itemprop=\"image\"  src=\"https:\/\/www.europesays.com\/no\/wp-content\/uploads\/2025\/12\/cb44dff5-caad-4318-8cde-9b31d7b917e7.jpeg\"  style=\"object-position:0% 0%\" width=\"8640\"\/>Salvador Nasralla fra Det liberale partiet tapte det jevne valget i Honduras, men anker resultatet til domstolene.  Foto: Moises Castillo \/ AP \/ NTB<\/p>\n<ul aria-hidden=\"true\" class=\"_images_ntbth_112\">\n<li><a class=\"_link_ntbth_117\" href=\"https:\/\/www.vg.no\/forfatter\/ntb\" style=\"z-index:1\" title=\"NTB\" rel=\"nofollow noopener\" target=\"_blank\"><img alt=\"Bilde av NTB\" class=\"_image_ntbth_93\" fetchpriority=\"low\" loading=\"lazy\" decoding=\"async\" itemprop=\"image\"  src=\"https:\/\/www.europesays.com\/no\/wp-content\/uploads\/2025\/12\/1767192679_940_c33980b0-5d07-4027-84a1-813f90a7c8d6.png\"  width=\"480\"\/><\/a><\/li>\n<\/ul>\n<p> Oppdatert onsdag 31. desember kl. 05:52     <\/p>\n<p class=\"_paragraph_o9xde_4 _paragraph_xtcu6_10 layout-component text-serif-m layout-normal text-serif-m layout-padded\">Nasralla fra Det liberale partiet \u00f8nsker blant annet ny opptelling av stemmesedler i minst 12 av <a href=\"https:\/\/www.vg.no\/tag\/honduras?utm_source=vg-article&amp;utm_medium=auto-tagger&amp;utm_campaign=M7RXKJ\" class=\"_link_o9xde_39\" rel=\"nofollow noopener\" target=\"_blank\">Honduras<\/a>&#8216; 18 departementer.<\/p>\n<p class=\"_paragraph_o9xde_4 _paragraph_xtcu6_10 layout-component text-serif-m layout-normal text-serif-m layout-padded\">Det var s\u00e5 jevnt at valgkommisjonen kalte det \u00abteknisk uavgjort\u00bb. Etter en manuell fintelling av stemmene, ble det opplyst at Asfura fikk 40,3 prosent, mens den mer sentrumsorienterte Nasralla fikk 39,5 prosent.<\/p>\n<p class=\"_paragraph_o9xde_4 _paragraph_xtcu6_10 layout-component text-serif-m layout-normal text-serif-m layout-padded\">N\u00e5 har Nasrallas advokater levert inn klage til Tribunal de Justicia Electoral (TJE), som er landets valgdomstol. Domstolen krever derimot ytterligere dokumentasjon fra Nasralla f\u00f8r de bestemmer om de skal ta opp saken.<\/p>\n<p class=\"_paragraph_o9xde_4 _paragraph_xtcu6_10 layout-component text-serif-m layout-normal text-serif-m layout-padded\">Nasralla mener valget var preget av forsinkelser og tekniske problemer, og har kommet med anklager om valgfusk. Bevisene som er levert sammen med anken, er ikke gjort offentlig tilgjengelige. <\/p>\n<p class=\"_paragraph_o9xde_4 _paragraph_xtcu6_10 layout-component text-serif-m layout-normal text-serif-m layout-padded\">Asfuras parti avviser anklagene.<\/p>\n<p class=\"_paragraph_o9xde_4 _paragraph_xtcu6_10 layout-component text-serif-m layout-normal text-serif-m layout-padded\">USAs president Donald Trump har \u00e5pent st\u00f8ttet h\u00f8yreorienterte Asfura og truet med \u00e5 kutte bistand hvis han ikke vant.<\/p>\n","protected":false},"excerpt":{"rendered":"Salvador Nasralla, som tapte presidentvalget i Honduras for konservative Nasry Asfura, har klaget valgresultatet inn for domstolene. Salvador&hellip;\n","protected":false},"author":2,"featured_media":125587,"comment_status":"","ping_status":"","sticky":false,"template":"","format":"standard","meta":{"footnotes":""},"categories":[12],"tags":[20,21,24,25,15,12725,22,23,13,30,28,29,14,16,26,27,42,43,44,45],"class_list":{"0":"post-125586","1":"post","2":"type-post","3":"status-publish","4":"format-standard","5":"has-post-thumbnail","7":"category-verden","8":"tag-breaking-news","9":"tag-breakingnews","10":"tag-featured-news","11":"tag-featurednews","12":"tag-headlines","13":"tag-honduras","14":"tag-latest-news","15":"tag-latestnews","16":"tag-news","17":"tag-no","18":"tag-norge","19":"tag-norway","20":"tag-nyheter","21":"tag-overskrifter","22":"tag-top-stories","23":"tag-topstories","24":"tag-verden","25":"tag-world","26":"tag-world-news","27":"tag-worldnews"},"share_on_mastodon":{"url":"https:\/\/pubeurope.com\/@no\/115814746269914066","error":""},"_links":{"self":[{"href":"https:\/\/www.europesays.com\/no\/wp-json\/wp\/v2\/posts\/125586","targetHints":{"allow":["GET"]}}],"collection":[{"href":"https:\/\/www.europesays.com\/no\/wp-json\/wp\/v2\/posts"}],"about":[{"href":"https:\/\/www.europesays.com\/no\/wp-json\/wp\/v2\/types\/post"}],"author":[{"embeddable":true,"href":"https:\/\/www.europesays.com\/no\/wp-json\/wp\/v2\/users\/2"}],"replies":[{"embeddable":true,"href":"https:\/\/www.europesays.com\/no\/wp-json\/wp\/v2\/comments?post=125586"}],"version-history":[{"count":0,"href":"https:\/\/www.europesays.com\/no\/wp-json\/wp\/v2\/posts\/125586\/revisions"}],"wp:featuredmedia":[{"embeddable":true,"href":"https:\/\/www.europesays.com\/no\/wp-json\/wp\/v2\/media\/125587"}],"wp:attachment":[{"href":"https:\/\/www.europesays.com\/no\/wp-json\/wp\/v2\/media?parent=125586"}],"wp:term":[{"taxonomy":"category","embeddable":true,"href":"https:\/\/www.europesays.com\/no\/wp-json\/wp\/v2\/categories?post=125586"},{"taxonomy":"post_tag","embeddable":true,"href":"https:\/\/www.europesays.com\/no\/wp-json\/wp\/v2\/tags?post=125586"}],"curies":[{"name":"wp","href":"https:\/\/api.w.org\/{rel}","templated":true}]}}