{"id":125588,"date":"2025-12-31T14:52:29","date_gmt":"2025-12-31T14:52:29","guid":{"rendered":"https:\/\/www.europesays.com\/no\/125588\/"},"modified":"2025-12-31T14:52:29","modified_gmt":"2025-12-31T14:52:29","slug":"e6-trafikk-trafikkuhell-pa-e6-flere-biler-involvert","status":"publish","type":"post","link":"https:\/\/www.europesays.com\/no\/125588\/","title":{"rendered":"E6, Trafikk | Trafikkuhell p\u00e5 E6: Flere biler involvert"},"content":{"rendered":"\n<p>Uhellet skal ha skjedd p\u00e5 E6 ved Hovemoen.<\/p>\n<p>Flere biler involvert<\/p>\n<p>\u2013 Meldt om trafikkuhell p\u00e5 E6. Trolig 3 biler som har kj\u00f8rt i hverandre, p\u00e5kj\u00f8rsler bakfra, skriver politiet.<\/p>\n<p>Videre skriver de at det ikke er meldt om personskade til n\u00e5.<\/p>\n<p>Det skal v\u00e6re trafikale utfordringer p\u00e5 stedet.<\/p>\n<p>   <img decoding=\"async\" width=\"4032\" height=\"3024\" fetchpriority=\"low\"  loading=\"lazy\"  src=\"https:\/\/www.europesays.com\/no\/wp-content\/uploads\/2025\/12\/photo+%285%29-blurred.jpg\" alt=\"\" class=\"brick-c-cFOWSL\" style=\"--brick-image-ratio: 4032 \/ 3024;\"\/><\/p>\n<p>      Bilene samler seg opp til k\u00f8.<br \/>\n      Foto: J\u00f8rgen Karlsen\n    <\/p>\n<p>  Ambulanse tilkalt<\/p>\n<p>Klokken seks har politiet ankommet stedet.<\/p>\n<p>\u2013 Vi er p\u00e5 stedet og dirigerer trafikken. Det virker ikke alvorlig, men det er trafikale utfordringer p\u00e5 stedet. Vi m\u00e5 vurdere om det trengs bilberging eller ikke, sier operasjonsleder, Haagen L\u00f8vseth, til GD.<\/p>\n<p>Kort tid senere oppdaterte politiet saken i politiloggen.<\/p>\n<p>\u2013 Kj\u00f8ret\u00f8yene var kj\u00f8rbare, s\u00e5 alle har forflyttet seg ut av vegen. Trafikken g\u00e5r som normalt p\u00e5 E6 n\u00e5. En ambulanse er tilkalt for \u00e5 sjekke et par av de involverte.<\/p>\n<p>Lite dramatikk<\/p>\n<p>Da GD kom fram til ulykkesstedet var det lite dramatikk. Bilene hadde kj\u00f8rt av E6, og parkert ved Swix-bygget.<\/p>\n<p>\u2013 Det er tre personbiler som har kj\u00f8rt i hverandre i norg\u00e5ende felt p\u00e5 E6. Det er minimale materielle skader p\u00e5 de tre bilene, og det blir fylt ut skademeldinger n\u00e5, kunne Torstein \u00d8vstedal fra politiet melde p\u00e5 stedet.<\/p>\n<p>   <img decoding=\"async\" width=\"6048\" height=\"4032\" fetchpriority=\"low\"  loading=\"lazy\"  src=\"https:\/\/www.europesays.com\/no\/wp-content\/uploads\/2025\/12\/DSC_5151.JPG\" alt=\"Torstein \u00d8vstedal fra politiet\" class=\"brick-c-cFOWSL\" style=\"--brick-image-ratio: 6048 \/ 4032;\"\/><\/p>\n<p>      Torstein \u00d8vstedal fra politiet<br \/>\n      Foto: J\u00f8rgen Karlsen\n    <\/p>\n<p>Det skal ha v\u00e6rt tre personer involvert, alts\u00e5 \u00e9n per bil.<\/p>\n","protected":false},"excerpt":{"rendered":"Uhellet skal ha skjedd p\u00e5 E6 ved Hovemoen. Flere biler involvert \u2013 Meldt om trafikkuhell p\u00e5 E6. Trolig&hellip;\n","protected":false},"author":2,"featured_media":125589,"comment_status":"","ping_status":"","sticky":false,"template":"","format":"standard","meta":{"footnotes":""},"categories":[10],"tags":[36,20,21,834,24,25,15,22,23,13,30,28,29,14,16,1510,26,27,224,666,51],"class_list":{"0":"post-125588","1":"post","2":"type-post","3":"status-publish","4":"format-standard","5":"has-post-thumbnail","7":"category-norge","8":"tag-art","9":"tag-breaking-news","10":"tag-breakingnews","11":"tag-e6","12":"tag-featured-news","13":"tag-featurednews","14":"tag-headlines","15":"tag-latest-news","16":"tag-latestnews","17":"tag-news","18":"tag-no","19":"tag-norge","20":"tag-norway","21":"tag-nyheter","22":"tag-overskrifter","23":"tag-story","24":"tag-top-stories","25":"tag-topstories","26":"tag-trafikk","27":"tag-trafikkulykke","28":"tag-ulykke"},"share_on_mastodon":{"url":"https:\/\/pubeurope.com\/@no\/115814750191494570","error":""},"_links":{"self":[{"href":"https:\/\/www.europesays.com\/no\/wp-json\/wp\/v2\/posts\/125588","targetHints":{"allow":["GET"]}}],"collection":[{"href":"https:\/\/www.europesays.com\/no\/wp-json\/wp\/v2\/posts"}],"about":[{"href":"https:\/\/www.europesays.com\/no\/wp-json\/wp\/v2\/types\/post"}],"author":[{"embeddable":true,"href":"https:\/\/www.europesays.com\/no\/wp-json\/wp\/v2\/users\/2"}],"replies":[{"embeddable":true,"href":"https:\/\/www.europesays.com\/no\/wp-json\/wp\/v2\/comments?post=125588"}],"version-history":[{"count":0,"href":"https:\/\/www.europesays.com\/no\/wp-json\/wp\/v2\/posts\/125588\/revisions"}],"wp:featuredmedia":[{"embeddable":true,"href":"https:\/\/www.europesays.com\/no\/wp-json\/wp\/v2\/media\/125589"}],"wp:attachment":[{"href":"https:\/\/www.europesays.com\/no\/wp-json\/wp\/v2\/media?parent=125588"}],"wp:term":[{"taxonomy":"category","embeddable":true,"href":"https:\/\/www.europesays.com\/no\/wp-json\/wp\/v2\/categories?post=125588"},{"taxonomy":"post_tag","embeddable":true,"href":"https:\/\/www.europesays.com\/no\/wp-json\/wp\/v2\/tags?post=125588"}],"curies":[{"name":"wp","href":"https:\/\/api.w.org\/{rel}","templated":true}]}}