{"id":125592,"date":"2025-12-31T15:05:09","date_gmt":"2025-12-31T15:05:09","guid":{"rendered":"https:\/\/www.europesays.com\/no\/125592\/"},"modified":"2025-12-31T15:05:09","modified_gmt":"2025-12-31T15:05:09","slug":"na-kommer-priskuttene","status":"publish","type":"post","link":"https:\/\/www.europesays.com\/no\/125592\/","title":{"rendered":"N\u00e5 kommer priskuttene"},"content":{"rendered":"<p class=\"kicker bg-blue color_mobile_bg-blue hasTextPadding mobile-hasTextPadding\" style=\"\">\u00d8konomi<\/p>\n<p>  Nytt \u00e5r, nye muligheter. N\u00e5 kuttes prisen p\u00e5 typiske hverdagsvarer.\u00a0<\/p>\n<p>\n    SJEKK ENHETSPRIS: Forbruker\u00f8konom Magne Gundersen r\u00e5der alle til \u00e5 sjekke gode tilbud p\u00e5 ny\u00e5ret, men presiserer at det er ett knep som alltid virker: Sjekk liter- eller kilopris. Foto: Gorm Kallestad \/ NTB\n  <\/p>\n<p>Det ble kanskje ikke den julepriskrigen vi hadde sett for oss, men n\u00e5 er mesteparten av julematen p\u00e5 tilbud. Men akkurat n\u00e5 er ribbe og surk\u00e5l, marsipangriser og pepperkaker, kanskje det vi har aller minst lyst p\u00e5.\u00a0<\/p>\n<p>Men n\u00e5 er det bare \u00e5 sette seg tilbake og se p\u00e5 at kjedene kutter prisen p\u00e5 typiske hverdagsmatvarer.\u00a0<\/p>\n<p>&#8211; Kjedene har ofte kampanjer p\u00e5 hverdagsmiddager og hverdagsmat over nytt\u00e5r, n\u00e5r hverdagen tar oss, og folk skal ha vanlig mat, sier Magne Gundersen, forbruker\u00f8konom i SpareBank 1, til DinSide.\u00a0<\/p>\n<p>    <a itemprop=\"url\" href=\"https:\/\/dinside.dagbladet.no\/fritid\/en-vill-opplevelse\/83997585\" rel=\"nofollow noopener\" target=\"_blank\"><\/p>\n<p>        <img loading=\"lazy\" decoding=\"async\" src=\"https:\/\/www.europesays.com\/no\/wp-content\/uploads\/2025\/12\/84002717.webp.webp\" width=\"980\" height=\"441\" title=\"Min handlekurv: - En vill opplevelse\" alt=\"\" class=\"lazyload\" style=\"--aspect-ratio-image: 2.22; \"\/><\/p>\n<p>        Min handlekurv: &#8211; En vill opplevelse<\/p>\n<p>    <\/a><\/p>\n<p>N\u00e5 starter priskrigen\t<\/p>\n<p>F\u00f8rst ute er Kiwi som forteller til DinSide at de kutter prisene med minst 20 prosent p\u00e5 70 varer fra 1. januar under\u00a0mantraet\u00a0\u00absunnhet til folket\u00bb.<\/p>\n<p>&#8211; Vi lover at vi skal fortsette kampen for lavere priser for fullt i 2026. Enten du vil spise sunnere, enklere eller bare handle rimeligere til hverdagen, skal Kiwi v\u00e6re det beste valget,\u00a0skriver\u00a0Kristine Aakvaag Arvin, kommunikasjonsdirekt\u00f8r i Kiwi, i en e-post til DinSide.<\/p>\n<p>        <img loading=\"lazy\" decoding=\"async\" itemprop=\"image\" src=\"https:\/\/www.europesays.com\/no\/wp-content\/uploads\/2025\/12\/84043529.webp.webp\" width=\"180\" height=\"180\" alt=\"&lt;br&gt;\u2b05 Kristine Aakvaag Arvin\"\/><\/p>\n<p>\u2b05 Kristine Aakvaag Arvin<br \/>\n            <br \/>\u2b05 Kristine Aakvaag<br \/>\n            Arvin        <\/p>\n<p>Kommunikasjonsdirekt\u00f8r i Kiwi<\/p>\n<p>Kiwis priskutt varer fram til 8. februar.<\/p>\n<p>Arvin forteller at de i tillegg til kampanjevarene vil ha et utvalg\u00a0partikj\u00f8p, st\u00f8rre forpakninger, p\u00e5 blant annet Norvegia og diverse fiskekaker i butikk.<\/p>\n<p>    Et utvalg av Kiwis kampanjevarer:<\/p>\n<ul>\n<li>Prior kyllingfilet i 1 kg pakke: 79 kroner pr. kg (f\u00f8rpris 99 pr. kg). Ordin\u00e6rprisen p\u00e5 denne f\u00f8r jul var 165,40 pr. kg.<\/li>\n<li>Fiskemannen laksefilet med skinn 400 g: 62,20 pr. kg. (f\u00f8rpris 77,80 pr. kg).<\/li>\n<li>Findus fiskefilet spr\u00f8bakt: 54,90 kroner (f\u00f8rpris 74,90).<\/li>\n<li>First Price laksefilet: 124,40 pr. kg. (f\u00f8rpris 155,60 pr. kg.).<\/li>\n<li>Gulost lett 16 % 150 g Synn\u00f8ve: 15,40 kroner (f\u00f8rpris 26,90).<\/li>\n<li>Mango i biter 300 g Eldorado: 19,90 kroner (f\u00f8rpris 25,90).<\/li>\n<li>Havredrikk Barista 1 liter Oatly: 26,30 kroner (f\u00f8rpris 32,90).<\/li>\n<li>Kornbr\u00f8d grovt 750 g V\u00e5re groveste: 29,90 kroner (f\u00f8rpris 39,90).<\/li>\n<li>Tomater hakkede m\/urter 390 g Eldorado: 9,90 kroner (f\u00f8rpris 12,90).<\/li>\n<li>Cottage cheese Mager 400 g Tine: 27,90 kroner (f\u00f8rpris 34,90).<\/li>\n<li>Knekkebr\u00f8d godt stekt 200 g Leksands: 21,40 kroner (f\u00f8rpris 27,40).<\/li>\n<\/ul>\n<p>      Vis mer<br \/>\n      Vis mindre<\/p>\n<p>I en e-post til DinSide varsler Extra at de vil svare p\u00e5 Kiwis nytt\u00e5rsgrep.<\/p>\n<p>&#8211; Extra skal v\u00e6re billigst og vil selvsagt sette ned prisene tilsvarende, skriver Knut Lutn\u00e6s, seniorr\u00e5dgiver kommunikasjon og myndighetskontakt i Coop, i en e-post.<\/p>\n<p class=\"italic m-italic\" data-lab-italic=\"italic\">DinSide har ogs\u00e5 kontaktet konkurrenten Rema 1000 for \u00e5 h\u00f8re om de har noen tilsvarende januarkampanjer, og vil oppdatere saken med eventuelle kommentarer.<\/p>\n<p>&#8211; Det ene trikset som virkelig funker\t<\/p>\n<p>If\u00f8lge Gundersen er det smart \u00e5 ha \u00f8ynene oppe for b\u00e5de julemat p\u00e5 halv pris &#8211; og gode tilbud p\u00e5 hverdagsmat i januar.\u00a0<\/p>\n<p>&#8211; Det er bare \u00e5 benytte sjansen, om du fortsatt er i markedet for julevarer p\u00e5 ny\u00e5ret. Her kommer du nok til \u00e5 se gode prisreduksjoner, sier Gundersen, og presiserer at det ikke blir billigere middager av halv pris p\u00e5 marsipangriser og pepperkakedeig.\u00a0<\/p>\n<p>Et godt r\u00e5d er uansett \u00e5 begynne med \u00e5 spise opp det du har:\u00a0<\/p>\n<p>&#8211; Har du v\u00e6rt flink til \u00e5 ta vare p\u00e5 restene gjennom jula har du fort noen ekstra middager gjennom \u00e5ret.\u00a0<\/p>\n<p>Han r\u00e5der alle til \u00e5 f\u00f8lge godt med, og s\u00e5 ikke minst, f\u00f8lge knepet hele Norge forh\u00e5pentligvis har l\u00e6rt seg \u00e5 bruke gjennom dyrtiden: \u00c5 sjekke kilo- og literpris for \u00e5 se hvor gode tilbudene faktisk er.\u00a0<\/p>\n<p>    <a itemprop=\"url\" href=\"https:\/\/dinside.dagbladet.no\/okonomi\/slik-blir-handleturen-billigere\/81823507\" rel=\"nofollow noopener\" target=\"_blank\"><\/p>\n<p>        <img loading=\"lazy\" decoding=\"async\" src=\"https:\/\/www.europesays.com\/no\/wp-content\/uploads\/2025\/12\/81839731.webp.webp\" width=\"147\" height=\"98\" title=\"Butikkenes bonusprogram: - Er med p\u00e5 alle!\" alt=\"\" class=\"lazyload\" style=\"--aspect-ratio-image: 1.50; \"\/><\/p>\n<p>        Butikkenes bonusprogram: &#8211; Er med p\u00e5 alle!<\/p>\n<p>    <\/a><\/p>\n<p>&#8211; Det er det ene trikset som virkelig funker. Da f\u00e5r du mest for pengene, og det skjerper ogs\u00e5 dagligvarekjedene.\u00a0<\/p>\n<p>Det kan v\u00e6re ekstra smart om sp\u00e5dommene om pris\u00f8kninger sl\u00e5r til. For det er ikke om, men n\u00e5r, skal vi tro v\u00e5re faste tilbudsjegere. De venter betydelige prishopp n\u00e5r 2025 g\u00e5r over i 2026. <\/p>\n<p> &#8211; N\u00e5 handler det om n\u00e5r kjedene \u00f8nsker \u00e5 trykke p\u00e5 pris\u00f8kningsknappen, sier Tom H. Ystaas, som\u00a0<a href=\"https:\/\/dinside.dagbladet.no\/okonomi\/arets-beste-tilbud\/84038120\" rel=\"nofollow noopener\" target=\"_blank\">ukentlig jakter tilbud for DinSide<\/a>.<\/p>\n","protected":false},"excerpt":{"rendered":"\u00d8konomi Nytt \u00e5r, nye muligheter. N\u00e5 kuttes prisen p\u00e5 typiske hverdagsvarer.\u00a0 SJEKK ENHETSPRIS: Forbruker\u00f8konom Magne Gundersen r\u00e5der alle&hellip;\n","protected":false},"author":2,"featured_media":125593,"comment_status":"","ping_status":"","sticky":false,"template":"","format":"standard","meta":{"footnotes":""},"categories":[56],"tags":[60,61,7558,2352,737,62,30,28,29,572,1394],"class_list":{"0":"post-125592","1":"post","2":"type-post","3":"status-publish","4":"format-standard","5":"has-post-thumbnail","7":"category-naeringsliv","8":"tag-business","9":"tag-economy","10":"tag-extra","11":"tag-kiwi","12":"tag-mat","13":"tag-naeringsliv","14":"tag-no","15":"tag-norge","16":"tag-norway","17":"tag-okonomi","18":"tag-rema-1000"},"share_on_mastodon":{"url":"https:\/\/pubeurope.com\/@no\/115814801264901582","error":""},"_links":{"self":[{"href":"https:\/\/www.europesays.com\/no\/wp-json\/wp\/v2\/posts\/125592","targetHints":{"allow":["GET"]}}],"collection":[{"href":"https:\/\/www.europesays.com\/no\/wp-json\/wp\/v2\/posts"}],"about":[{"href":"https:\/\/www.europesays.com\/no\/wp-json\/wp\/v2\/types\/post"}],"author":[{"embeddable":true,"href":"https:\/\/www.europesays.com\/no\/wp-json\/wp\/v2\/users\/2"}],"replies":[{"embeddable":true,"href":"https:\/\/www.europesays.com\/no\/wp-json\/wp\/v2\/comments?post=125592"}],"version-history":[{"count":0,"href":"https:\/\/www.europesays.com\/no\/wp-json\/wp\/v2\/posts\/125592\/revisions"}],"wp:featuredmedia":[{"embeddable":true,"href":"https:\/\/www.europesays.com\/no\/wp-json\/wp\/v2\/media\/125593"}],"wp:attachment":[{"href":"https:\/\/www.europesays.com\/no\/wp-json\/wp\/v2\/media?parent=125592"}],"wp:term":[{"taxonomy":"category","embeddable":true,"href":"https:\/\/www.europesays.com\/no\/wp-json\/wp\/v2\/categories?post=125592"},{"taxonomy":"post_tag","embeddable":true,"href":"https:\/\/www.europesays.com\/no\/wp-json\/wp\/v2\/tags?post=125592"}],"curies":[{"name":"wp","href":"https:\/\/api.w.org\/{rel}","templated":true}]}}