{"id":125594,"date":"2025-12-31T15:07:18","date_gmt":"2025-12-31T15:07:18","guid":{"rendered":"https:\/\/www.europesays.com\/no\/125594\/"},"modified":"2025-12-31T15:07:18","modified_gmt":"2025-12-31T15:07:18","slug":"trafikk-meteorologisk-institutt-kjem-med-atvaring-fare-for-is-og-spegelblanke-vegar","status":"publish","type":"post","link":"https:\/\/www.europesays.com\/no\/125594\/","title":{"rendered":"Trafikk, Meteorologisk institutt | Kjem med \u00e5tvaring: Fare for is og spegelblanke vegar"},"content":{"rendered":"\n<p>Ut p\u00e5 k\u00f8yretur p\u00e5 sj\u00f8lvaste nytt\u00e5rsaftan? D\u00e5 b\u00f8r vinkar Meteorologisk institutt eit lite obs til deg i form av eit farevarsel, om ferda g\u00e5r i Vestland eller Rogaland.<\/p>\n<p>P\u00e5 yr.no skriv dei at det i dag er lokal fare for is, grunna overgangen til mildv\u00ear og regn som frys til is p\u00e5 kald bakke.<\/p>\n<p>\u2013 Nedb\u00f8ren kan enkelte stader starte som sn\u00f8 eller sludd, skriv dei.<\/p>\n<p>Farevarselet gjeld som nemnt prim\u00e6rt for delar av Vestland og Rogaland, og det skisserte omr\u00e5det ser du i kartet i toppen.<\/p>\n<p>Om ferda g\u00e5r lenger, spesifikt over Vikafjellet, Hardangervidda eller Haukelifjell, melder meteorologane vidare at det er venta lokalt kraftig sn\u00f8fokk i fjellet grunna sterk vind fr\u00e5 vest, i kombinasjon med sn\u00f8byer.<\/p>\n<p><b>Grunna dette er det sendt ut eit farevarsel, som gjeld fr\u00e5 kvelden nytt\u00e5rsaftan, til morgonen etter.<\/b><\/p>\n<p>Oppdaterte statusar for <a href=\"https:\/\/www.vegvesen.no\/trafikk\/hvaskjer?layers=fo&amp;lat=60.94363&amp;lng=6.10913&amp;zoom=5&amp;c=46\" rel=\"Follow nofollow noopener\" target=\"_blank\">fjellovergangane kan du elles sj\u00e5 her<\/a>.<\/p>\n<p>   <img decoding=\"async\" width=\"1604\" height=\"928\" fetchpriority=\"low\"  loading=\"lazy\"  src=\"https:\/\/www.europesays.com\/no\/wp-content\/uploads\/2025\/12\/e8d6c8da556b7d9f828896c90b2f7df62673bc2d-1604x928+sn%C3%B8.jpg\" alt=\"\" class=\"brick-c-cFOWSL\" style=\"--brick-image-ratio: 1604 \/ 928;\"\/><\/p>\n<p>      SN\u00d8FOKK: Den markerte sona syner kvar det er varsla kraftig sn\u00f8fokk fr\u00e5 kvelden av, nytt\u00e5rsaftan.<br \/>\n      Foto: Yr.no\n    <\/p>\n","protected":false},"excerpt":{"rendered":"Ut p\u00e5 k\u00f8yretur p\u00e5 sj\u00f8lvaste nytt\u00e5rsaftan? D\u00e5 b\u00f8r vinkar Meteorologisk institutt eit lite obs til deg i form&hellip;\n","protected":false},"author":2,"featured_media":125595,"comment_status":"","ping_status":"","sticky":false,"template":"","format":"standard","meta":{"footnotes":""},"categories":[10],"tags":[36,20,21,24,25,14206,15,22,23,1202,13,30,28,29,14,16,536,1510,26,27,224,1582],"class_list":{"0":"post-125594","1":"post","2":"type-post","3":"status-publish","4":"format-standard","5":"has-post-thumbnail","7":"category-norge","8":"tag-art","9":"tag-breaking-news","10":"tag-breakingnews","11":"tag-featured-news","12":"tag-featurednews","13":"tag-glatte-vegar","14":"tag-headlines","15":"tag-latest-news","16":"tag-latestnews","17":"tag-meteorologisk-institutt","18":"tag-news","19":"tag-no","20":"tag-norge","21":"tag-norway","22":"tag-nyheter","23":"tag-overskrifter","24":"tag-rogaland","25":"tag-story","26":"tag-top-stories","27":"tag-topstories","28":"tag-trafikk","29":"tag-vestland"},"share_on_mastodon":{"url":"https:\/\/pubeurope.com\/@no\/115814809215838530","error":""},"_links":{"self":[{"href":"https:\/\/www.europesays.com\/no\/wp-json\/wp\/v2\/posts\/125594","targetHints":{"allow":["GET"]}}],"collection":[{"href":"https:\/\/www.europesays.com\/no\/wp-json\/wp\/v2\/posts"}],"about":[{"href":"https:\/\/www.europesays.com\/no\/wp-json\/wp\/v2\/types\/post"}],"author":[{"embeddable":true,"href":"https:\/\/www.europesays.com\/no\/wp-json\/wp\/v2\/users\/2"}],"replies":[{"embeddable":true,"href":"https:\/\/www.europesays.com\/no\/wp-json\/wp\/v2\/comments?post=125594"}],"version-history":[{"count":0,"href":"https:\/\/www.europesays.com\/no\/wp-json\/wp\/v2\/posts\/125594\/revisions"}],"wp:featuredmedia":[{"embeddable":true,"href":"https:\/\/www.europesays.com\/no\/wp-json\/wp\/v2\/media\/125595"}],"wp:attachment":[{"href":"https:\/\/www.europesays.com\/no\/wp-json\/wp\/v2\/media?parent=125594"}],"wp:term":[{"taxonomy":"category","embeddable":true,"href":"https:\/\/www.europesays.com\/no\/wp-json\/wp\/v2\/categories?post=125594"},{"taxonomy":"post_tag","embeddable":true,"href":"https:\/\/www.europesays.com\/no\/wp-json\/wp\/v2\/tags?post=125594"}],"curies":[{"name":"wp","href":"https:\/\/api.w.org\/{rel}","templated":true}]}}