{"id":125599,"date":"2025-12-31T15:19:23","date_gmt":"2025-12-31T15:19:23","guid":{"rendered":"https:\/\/www.europesays.com\/no\/125599\/"},"modified":"2025-12-31T15:19:23","modified_gmt":"2025-12-31T15:19:23","slug":"forbruker-hamar-kjetil-selger-fyrverkeri-i-hamar-vi-merker-ingen-nedgang-hamar-arbeiderblad","status":"publish","type":"post","link":"https:\/\/www.europesays.com\/no\/125599\/","title":{"rendered":"Forbruker, Hamar | Kjetil selger fyrverkeri i Hamar: \u2013 Vi merker ingen nedgang &#8211; Hamar Arbeiderblad"},"content":{"rendered":"<ol>\n<li><a href=\"https:\/\/news.google.com\/rss\/articles\/CBMilgFBVV95cUxQRk9ZWXNVZE85blQ1SjUyR3JRaXVXV2FrYkRkcUk5MFp1ay1MbzllaXNwcDRxdTljMXRZQWlUaF9sRUYyeG0weTVjczJjZkpxRWZOMU1OQnN3REU5ODlTekZnYU5fLTNYbmdzLWtORWZ5dWlGVlc1V3EyMWFiT192U3lBTWdBbUMzUndtbUN2c0NfUlE3WGc?oc=5\" target=\"_blank\" rel=\"nofollow noopener\">Forbruker, Hamar | Kjetil selger fyrverkeri i Hamar: \u2013 Vi merker ingen nedgang<\/a>&nbsp;&nbsp;Hamar Arbeiderblad<\/li>\n<li><a href=\"https:\/\/news.google.com\/rss\/articles\/CBMiigFBVV95cUxQdzJ1dVBQX2toNjFrM1hsNVFMVmtvMkk2bUtncUFtNGZJckVJUEhoX01kU0tmSTJtWnFHQ0hCU3BuQUVEVnhSUlhDRnpXRjNiWXl2QkJXTmM3VHpMZ1JjMlJQd1JPTTNCTXhRbktuWVFZajNKV1I1Z1FzbDZiY0Y3SFJlZy1wVHc1SkE?oc=5\" target=\"_blank\" rel=\"nofollow noopener\">Fyrverkeri-salget skyter i v\u00e6ret f\u00f8r nytt\u00e5r<\/a>&nbsp;&nbsp;E24<\/li>\n<li><a href=\"https:\/\/news.google.com\/rss\/articles\/CBMimwFBVV95cUxPeGNHdE1pSWlfVU9LV0FPM194TEk2azJrNW1jYWR3UVdEYTh1Nkp6VlRUTDY3d3MzcUhxcGtwV29VcndQcmlNRFhCaGZYblVRY0ozaXQwdFVGQnVKX21QN2tRQnNjVGd6b3A4ZFpqTFlwMU9uRHpTejhSQnQya1U4UE1uVUJXQkwtakoxTTFjSkhKelo5cldGbW5raw?oc=5\" target=\"_blank\" rel=\"nofollow noopener\">Dobbel feiring: Kj\u00f8per fyrverkeri for 10.000 kroner<\/a>&nbsp;&nbsp;Drammens Tidende<\/li>\n<li><a href=\"https:\/\/news.google.com\/rss\/articles\/CBMitwFBVV95cUxONnBxUGVuZWVwemllUmlyR0pST19KYTZYZVlheXdqMzJsdFFnYUExRWZOZTQxTThpaGo2VDJyNlhLcC1LdGV1UGxWNXRFa2NCVHdrSHdFTXhtUFdzVk85X1dqS3dLbVNjekIxOGdoMXVtak5GcFZwVEhlVUNXU25vTTZwaWpHcTI4SXZ1dVhqZVl1RXluczI3TS1NOW9MYmo0eTBwX2RiWDlJaFBDMnlrZEtNR0pXRjA?oc=5\" target=\"_blank\" rel=\"nofollow noopener\">Ser ny trend: \u2013 Vi har tatt sjansen p\u00e5 \u00e5 g\u00e5 for \u00abpremium\u00bb-pakken<\/a>&nbsp;&nbsp;fosna-folket.no<\/li>\n<li><a href=\"https:\/\/news.google.com\/rss\/articles\/CBMijwFBVV95cUxNTHBCNXQxM2x2NE44V0NGUGlheGs1bUxpaU1UV3pHNE5jdjE3VFUwMENERWZCMndOMFcyc1RBanZPTTNfbjR6YlpIenNJVWp1MDNheU51RkJQYkUyLXdGanNvcFpsWUk0V3NqNWdLdlQwX3BFQVhOSmQzWGpvRjRrTFVvZWlzWUV4R1RQcmtZdw?oc=5\" target=\"_blank\" rel=\"nofollow noopener\">\u2013 Fascinerande at vi er fylkets st\u00f8rste<\/a>&nbsp;&nbsp;fjt.no<\/li>\n<\/ol>\n","protected":false},"excerpt":{"rendered":"Forbruker, Hamar | Kjetil selger fyrverkeri i Hamar: \u2013 Vi merker ingen nedgang&nbsp;&nbsp;Hamar Arbeiderblad Fyrverkeri-salget skyter i v\u00e6ret&hellip;\n","protected":false},"author":2,"featured_media":125600,"comment_status":"","ping_status":"","sticky":false,"template":"","format":"standard","meta":{"footnotes":""},"categories":[10],"tags":[20,21,24,25,15,22,23,13,30,28,29,14,16,26,27],"class_list":{"0":"post-125599","1":"post","2":"type-post","3":"status-publish","4":"format-standard","5":"has-post-thumbnail","7":"category-norge","8":"tag-breaking-news","9":"tag-breakingnews","10":"tag-featured-news","11":"tag-featurednews","12":"tag-headlines","13":"tag-latest-news","14":"tag-latestnews","15":"tag-news","16":"tag-no","17":"tag-norge","18":"tag-norway","19":"tag-nyheter","20":"tag-overskrifter","21":"tag-top-stories","22":"tag-topstories"},"share_on_mastodon":{"url":"https:\/\/pubeurope.com\/@no\/115814856439680080","error":""},"_links":{"self":[{"href":"https:\/\/www.europesays.com\/no\/wp-json\/wp\/v2\/posts\/125599","targetHints":{"allow":["GET"]}}],"collection":[{"href":"https:\/\/www.europesays.com\/no\/wp-json\/wp\/v2\/posts"}],"about":[{"href":"https:\/\/www.europesays.com\/no\/wp-json\/wp\/v2\/types\/post"}],"author":[{"embeddable":true,"href":"https:\/\/www.europesays.com\/no\/wp-json\/wp\/v2\/users\/2"}],"replies":[{"embeddable":true,"href":"https:\/\/www.europesays.com\/no\/wp-json\/wp\/v2\/comments?post=125599"}],"version-history":[{"count":0,"href":"https:\/\/www.europesays.com\/no\/wp-json\/wp\/v2\/posts\/125599\/revisions"}],"wp:featuredmedia":[{"embeddable":true,"href":"https:\/\/www.europesays.com\/no\/wp-json\/wp\/v2\/media\/125600"}],"wp:attachment":[{"href":"https:\/\/www.europesays.com\/no\/wp-json\/wp\/v2\/media?parent=125599"}],"wp:term":[{"taxonomy":"category","embeddable":true,"href":"https:\/\/www.europesays.com\/no\/wp-json\/wp\/v2\/categories?post=125599"},{"taxonomy":"post_tag","embeddable":true,"href":"https:\/\/www.europesays.com\/no\/wp-json\/wp\/v2\/tags?post=125599"}],"curies":[{"name":"wp","href":"https:\/\/api.w.org\/{rel}","templated":true}]}}