{"id":125605,"date":"2025-12-31T15:22:31","date_gmt":"2025-12-31T15:22:31","guid":{"rendered":"https:\/\/www.europesays.com\/no\/125605\/"},"modified":"2025-12-31T15:22:31","modified_gmt":"2025-12-31T15:22:31","slug":"kultur-nyheter-jeg-har-aller-mest-lyst-til-a-takke-larviks-befolkning","status":"publish","type":"post","link":"https:\/\/www.europesays.com\/no\/125605\/","title":{"rendered":"Kultur, Nyheter | \u2013 Jeg har aller mest lyst til \u00e5 takke Larviks befolkning"},"content":{"rendered":"\n<p>Lenger ned i saken kan du se et utvalg kultursaker fra \u00d8P fra 2025! <\/p>\n<p><b>\u2013 Jeg har aller mest lyst til \u00e5 takke Larviks befolkning, sier han.<\/b><\/p>\n<p>For Jacobsen er det den frivillige innsatsen som har gjort sterkest inntrykk gjennom \u00e5ret som snart er over.<\/p>\n<p><b>\u2013 Det er vanvittig mye som skjer. N\u00e5r vi setter i gang n\u00e6rmilj\u00f8satsinger og lignende, ser vi virkelig hvor mye aktivitet det er i hele kommunen \u2013 og hvor mye bra frivillighet som holder p\u00e5 \u00e5ret rundt. Det er helt avgj\u00f8rende for b\u00e5de lokalsamfunnene og kommunen, sier han.<\/b><\/p>\n<p>Kultursjefen omtaler frivilligheten som selve ryggraden i kulturlivet i Larvik.<\/p>\n<p><b>\u2013 Vi er utrolig heldige som har s\u00e5 mange ildsjeler. Det er de som gj\u00f8r at det bobler av aktivitet \u2013 hele \u00e5ret.<\/b><\/p>\n<p>B\u00f8lgen, Nerdrum og nye m\u00f8teplasser<\/p>\n<p>Blant de mer etablerte kulturinstitusjonene peker Jacobsen p\u00e5 B\u00f8lgen kulturhus som en viktig b\u00e6rebjelke.<\/p>\n<p><b>\u2013 Kulturhuset v\u00e5rt har et variert og veldig fint program. Det er imponerende bredde der.<\/b><\/p>\n<p>Han trekker ogs\u00e5 fram satsingen rundt Nerdrum-museet i Sj\u00f8parken.<\/p>\n<p>\u2013 Det er flott at vi har f\u00e5tt til en slik kultursatsing i Larvik. Det setter byen p\u00e5 kartet p\u00e5 en helt egen m\u00e5te.<\/p>\n<p>Noen kulturakt\u00f8rer g\u00e5r igjen \u00e5r etter \u00e5r, if\u00f8lge kultursjefen.<\/p>\n<p><b>\u2013 Studio Nille og forestillingene der er et h\u00f8ydepunkt. Samtidig synes jeg Larvik jazzklubb er en veldig god nyvinning og et viktig tilskudd i kulturlivet.<\/b><\/p>\n<p>Setter Larvik p\u00e5 kartet<\/p>\n<p>Poesiparken er ogs\u00e5 blant prosjektene Jacobsen er s\u00e6rlig stolt av.<\/p>\n<p><b>\u2013 Den har blitt en severdighet og noe vi virkelig kan v\u00e6re stolte av. Det er et eksempel p\u00e5 kultur som b\u00e5de er tilgjengelig og identitetsskapende.<\/b><\/p>\n<p>Han benytter ogs\u00e5 anledningen til \u00e5 rose \u00d8P.<\/p>\n<p><b>\u2013 Kulturspalta \u00abKulturfolk\u00bb gir et godt bilde av hvor mange sterke kulturakt\u00f8rer og personligheter vi har i Larvik. Det er viktig \u00e5 l\u00f8fte fram menneskene bak.<\/b><\/p>\n<p>Kor, festivaler og historiske skatter<\/p>\n<p>Korvirksomheten i byen beskrives som blomstrende, med viktige m\u00f8teplasser for mange aldersgrupper.<\/p>\n<p>I tillegg har festivalene preget \u00e5ret.<\/p>\n<p><b>\u2013 Stavernfestivalen, Larvik gitarfestival, barokkfestivalen, Spetakkelfestivalen \u2013 for \u00e5 nevne noen. Vi har virkelig blitt en festivalby og -kommune, sier Jacobsen.<\/b><\/p>\n<p>Han understreker betydningen av bredden.<\/p>\n<p>\u2013 Vi skal v\u00e6re veldig glade for at vi har s\u00e5 mange ulike fasetter i kulturlivet.<\/p>\n<p>Ogs\u00e5 kulturarven f\u00e5r ros.<\/p>\n<p><b>\u2013 Tj\u00f8lling historielag og arbeidet de har gjort med \u00d8deg\u00e5rden b\u00e5tbyggeri er imponerende. Historielagene og alle som jobber der er en enorm ressurs. Det er en ryggrad Larvik er utrolig heldig \u00e5 ha.<\/b><\/p>\n<p>Traff rett i hjertet<\/p>\n<p>Et av \u00e5rets mest spesielle prosjekter for kultursjefen har v\u00e6rt oppstarten av pensjonistkorpset.<\/p>\n<p><b>\u2013 Det traff meg rett i hjertet. N\u00e5 er de nesten 50 medlemmer. Det er s\u00e5 mye folkehelse i det prosjektet.<\/b><\/p>\n<p>Han kommer med en klar oppfordring.<\/p>\n<p>\u2013 Hvis det er flere eldre som har lyst til \u00e5 sette i gang noe p\u00e5 formiddagen, m\u00e5 de bare ta kontakt.<\/p>\n<p><b>Et annet tiltak kultursjefen vil trekke fram er \u00abSammen om elevene\u00bb.<\/b><\/p>\n<p>\u2013 Det er noe jeg er virkelig stolt av. Veldig kort fortalt g\u00e5r det ut p\u00e5 elever som faller utenfor grunnskolen, kommer inn i skolen igjen via kulturskolen. Dette er et samarbeid kulturskolen har sammen med PP-tjenestene og skolene i Larvik, sier han.<\/p>\n<p>\u2013 Kulturens kraft<\/p>\n<p>N\u00e5r Jacobsen blir spurt om sitt personlige h\u00f8ydepunkt, n\u00f8ler han litt.<\/p>\n<p><b>\u2013 Det tror jeg m\u00e5 bli de tilrettelagte kulturgruppene for mennesker med psykiske og fysiske utfordringer. Vi har hatt konserter, blant annet p\u00e5 Sliperiet, med Tom Buggi Band og andre.<\/b><\/p>\n<p>\u2013 Den gleden de viser. Det er til \u00e5 f\u00e5 t\u00e5rer i \u00f8ynene av. Det viser virkelig kulturens kraft.<\/p>\n<p>Ambj\u00f8rnsen-hyllesten nevnes ogs\u00e5 blant h\u00f8ydepunktene.<\/p>\n<p>\u2013 Det ble et sterkt og verdig arrangement, helt i Ambj\u00f8rnsens \u00e5nd. Stemningen i salen var til \u00e5 ta og f\u00f8le p\u00e5.<\/p>\n<p>Avslutningsvis trekker han fram flere \u00f8yeblikk som har gjort inntrykk.<\/p>\n<p><b>\u2013 Husflidslagets jubileum var en h\u00f8ydare. Og Larvik barne- og ungdomsteater \u2013 de m\u00e5 med. Det de f\u00e5r til p\u00e5 Munken er helt fantastisk.<\/b><\/p>\n<p>Her har \u00d8P plukket ut noe av det som skjedde p\u00e5 kulturfronten i 2025:<\/p>\n<p>JANUAR <\/p>\n<p>Den store snakkisen p\u00e5 ny\u00e5ret i 2025 var utvilsomt Nerdrum-museet. Maler Odd Nerdrum og familien hans var p\u00e5 \u00aballes\u00bb lepper, takket v\u00e6re suksessen med NRK-serien \u00abFamilien Nerdrum\u00bb. Billettene til gjen\u00e5pningsdagen av Nerdrum-museet er snart utsolgt, if\u00f8lge museumsdirekt\u00f8r Martin Romberg. Nerdrum-museet i Sj\u00f8parken, som \u00e5pnet i 2024, ble en heidundrende suksess. <a class=\"simple-relation related-teaser article--c-eRUmMG article--c-eRUmMG-jKCPdD-design-default article--c-eRUmMG-iBPVJb-cv\" href=\"https:\/\/www.op.no\/alle-vil-pa-nerdrum-museet-ma-forberede-oss-pa-det-verste\/s\/5-36-1714051\" rel=\"nofollow noopener\" target=\"_blank\">\u00abAlle\u00bb vil p\u00e5 Nerdrum-museet<\/a>.<\/p>\n<p>  <a href=\"https:\/\/www.op.no\/5-36-1724760\" class=\"related-teaser has-image default-feature-teaser article--c-eRUmMG article--c-eRUmMG-jKCPdD-design-default\" rel=\"nofollow noopener\" target=\"_blank\"><\/p>\n<p>    <img decoding=\"async\" loading=\"lazy\"  src=\"https:\/\/www.europesays.com\/no\/wp-content\/uploads\/2025\/12\/DSC_3694.jpg\" alt=\"\" class=\"brick-c-cFOWSL\" style=\"\"\/><\/p>\n<p>\n            Les ogs\u00e5<\/p>\n<p>              Hedvig (25) ble headhuntet fra jobb i Paris\n        <\/p>\n<p>  <\/a><\/p>\n<p>  <a href=\"https:\/\/www.op.no\/5-36-1725277\" class=\"related-teaser has-image default-story-teaser article--c-eRUmMG article--c-eRUmMG-jKCPdD-design-default\" rel=\"nofollow noopener\" target=\"_blank\"><\/p>\n<p>    <img decoding=\"async\" loading=\"lazy\"  src=\"https:\/\/www.europesays.com\/no\/wp-content\/uploads\/2025\/12\/5_36_1530223+DSC06813_3.jpg\" alt=\"\" class=\"brick-c-cFOWSL\" style=\"\"\/><\/p>\n<p>\n            Les ogs\u00e5<\/p>\n<p>              Tar en stor risiko med millionkj\u00f8p: \u2013 N\u00e5 er vi blakke\n        <\/p>\n<p>  <\/a><\/p>\n<p>  <a href=\"https:\/\/www.op.no\/5-36-1717960\" class=\"related-teaser has-image default-story-teaser article--c-eRUmMG article--c-eRUmMG-jKCPdD-design-default\" rel=\"nofollow noopener\" target=\"_blank\"><\/p>\n<p>    <img decoding=\"async\" loading=\"lazy\"  src=\"https:\/\/www.europesays.com\/no\/wp-content\/uploads\/2025\/12\/Stage+Dolls+pressefoto.png\" alt=\"\" class=\"brick-c-cFOWSL\" style=\"\"\/><\/p>\n<p>\n            Les ogs\u00e5<\/p>\n<p>              Stage Dolls og Return klare for konserthelg i Verksg\u00e5rden\n        <\/p>\n<p>  <\/a><br \/>\n  FEBRUAR<\/p>\n<p>Like i forkant av selve f\u00f8rti\u00e5rsmarkeringen for UKM (Ung Kultur M\u00f8tes) i Norge valgte Larvik kommune \u00e5 trekke finansieringen for det lokale arrangementet. Larviks UKM <a class=\"simple-relation related-teaser article--c-eRUmMG article--c-eRUmMG-jKCPdD-design-default article--c-eRUmMG-iBPVJb-cv\" href=\"https:\/\/www.op.no\/ble-reddet-av-private-hadde-ikke-blitt-noe-av\/s\/5-36-1727791\" rel=\"nofollow noopener\" target=\"_blank\">ble reddet<\/a> med knappest mulig margin da Larvik N\u00e6ringsforening tok kostnaden.<\/p>\n<p>Det gjorde at festivalomr\u00e5desjef Kristine S\u00f8rlle og resten av gjengen bak UKM kunne gjennomf\u00f8re UKM<\/p>\n<p>  <a href=\"https:\/\/www.op.no\/5-36-1734899\" class=\"related-teaser has-image default-story-teaser article--c-eRUmMG article--c-eRUmMG-jKCPdD-design-default\" rel=\"nofollow noopener\" target=\"_blank\"><\/p>\n<p>    <img decoding=\"async\" loading=\"lazy\"  src=\"https:\/\/www.europesays.com\/no\/wp-content\/uploads\/2025\/12\/DSC05720.jpg\" alt=\"\" class=\"brick-c-cFOWSL\" style=\"\"\/><\/p>\n<p>\n            Les ogs\u00e5<\/p>\n<p>              Fikk de vanskeligste oppgavene: \u2013 Hun vet mye mer enn meg\n        <\/p>\n<p>  <\/a><\/p>\n<p>Forestillingen &#8216;Shrek \u2013 The musikal&#8217; hadde premiere 12. februar p\u00e5 B\u00f8lgen Kulturhus. <a class=\"simple-relation related-teaser article--c-eRUmMG article--c-eRUmMG-jKCPdD-design-default article--c-eRUmMG-iBPVJb-cv\" href=\"https:\/\/www.op.no\/elevene-er-pa-skolen-midt-i-helgen-faktisk-veldig-goy\/s\/5-36-1719036\" rel=\"nofollow noopener\" target=\"_blank\">Elevene \u00f8vde tidlig og sent<\/a>.<\/p>\n<p><b>\u2013 Det var f\u00f8rste gang p\u00e5 flere m\u00e5neder jeg var s\u00e5 glad. Det var et stort sprang fra \u00e5 v\u00e6re s\u00e5 langt nede, til s\u00e5 h\u00f8yt oppe. Jeg f\u00f8lte jeg faktisk fikk til noe. Det er det beste som har skjedd, fortalte Nathaniel som hadde hovedrollen. <\/b><\/p>\n<p>  <a href=\"https:\/\/www.op.no\/5-36-1714644\" class=\"related-teaser has-image default-feature-teaser article--c-eRUmMG article--c-eRUmMG-jKCPdD-design-default\" rel=\"nofollow noopener\" target=\"_blank\"><\/p>\n<p>    <img decoding=\"async\" loading=\"lazy\"  src=\"https:\/\/www.europesays.com\/no\/wp-content\/uploads\/2025\/12\/5c985133-2bdf-44a2-814e-770ebee686f1.jpeg\" alt=\"\" class=\"brick-c-cFOWSL\" style=\"\"\/><\/p>\n<p>\n            Les ogs\u00e5<\/p>\n<p>              Fra dropout til hovedrolle: \u2013 Det beste som har skjedd meg\n        <\/p>\n<p>  <\/a><\/p>\n<p>   <img decoding=\"async\" width=\"1200\" height=\"800\" fetchpriority=\"low\"  loading=\"lazy\"  src=\"https:\/\/www.europesays.com\/no\/wp-content\/uploads\/2025\/12\/thvs.jfif.jpeg\" alt=\"\" class=\"brick-c-cFOWSL\" style=\"--brick-image-ratio: 1200 \/ 800;\"\/><\/p>\n<p>      ELEVER: I februar satt elever ved Thor Heyerdahl opp \u00abShrek \u2013 The Musical\u00bb i B\u00f8lgen. <\/p>\n<p>  <a href=\"https:\/\/www.op.no\/5-36-1728981\" class=\"related-teaser has-image default-gallery-teaser article--c-eRUmMG article--c-eRUmMG-jKCPdD-design-default\" rel=\"nofollow noopener\" target=\"_blank\"><\/p>\n<p>    <img decoding=\"async\" loading=\"lazy\"  src=\"https:\/\/www.europesays.com\/no\/wp-content\/uploads\/2025\/12\/0Q9A7499.JPG\" alt=\"\" class=\"brick-c-cFOWSL\" style=\"\"\/><\/p>\n<p>\n            Bildeserie<\/p>\n<p>              Shrek \u2013 the \u00abbildeserie\u00bb\n        <\/p>\n<p>  <\/a><\/p>\n<p>  <a href=\"https:\/\/www.op.no\/5-36-1724543\" class=\"related-teaser has-image default-story-teaser article--c-eRUmMG article--c-eRUmMG-jKCPdD-design-default\" rel=\"nofollow noopener\" target=\"_blank\"><\/p>\n<p>    <img decoding=\"async\" loading=\"lazy\"  src=\"https:\/\/www.europesays.com\/no\/wp-content\/uploads\/2025\/12\/1427535861046_1.jpg\" alt=\"\" class=\"brick-c-cFOWSL\" style=\"\"\/><\/p>\n<p>\n            Les ogs\u00e5<\/p>\n<p>              Str\u00f8r kulturmidler over Vestfold: \u2013 Vi \u00f8kte potten til Larvik\n        <\/p>\n<p>  <\/a><br \/>\n  MARS<\/p>\n<p>I mars var det nok en gang fullt hus p\u00e5 Hungry Heart Cafe, da kulturarrang\u00f8rene Lyd i Byen inviterte til konsert med rogalandsfenomenet Frank T\u00f8nnesen, best kjent som T\u00f8nes.<\/p>\n<p>  <a href=\"https:\/\/www.op.no\/5-36-1746555\" class=\"related-teaser has-image default-gallery-teaser article--c-eRUmMG article--c-eRUmMG-jKCPdD-design-default\" rel=\"nofollow noopener\" target=\"_blank\"><\/p>\n<p>    <img decoding=\"async\" loading=\"lazy\"  src=\"https:\/\/www.europesays.com\/no\/wp-content\/uploads\/2025\/12\/PXL_20250329_184406008.MP+%281%29.jpg\" alt=\"\" class=\"brick-c-cFOWSL\" style=\"\"\/><\/p>\n<p>\n            Bildeserie<\/p>\n<p>              Utsolgt for sjette gang p\u00e5 rad &#8211; se hvem som var der\n        <\/p>\n<p>  <\/a><\/p>\n<p>Konsert var den sjette i rekken i regi av Lyd i Byen \u2013 og imponerende nok den sjette p\u00e5 rad som ble utsolgt.<\/p>\n<p>   <img decoding=\"async\" width=\"1200\" height=\"903\" fetchpriority=\"low\"  loading=\"lazy\"  src=\"https:\/\/www.europesays.com\/no\/wp-content\/uploads\/2025\/12\/PXL_20250329_201621137.jpg\" alt=\"\" class=\"brick-c-cFOWSL\" style=\"--brick-image-ratio: 1200 \/ 903;\"\/><\/p>\n<p>I mars ble det kjent at J\u00f8rn Lier Horst kj\u00f8per seg ytterligere opp i Bonnier Norsk Forlag. Han er tydelig p\u00e5 at han beholder forfatterhatten p\u00e5.<\/p>\n<p>  <a href=\"https:\/\/www.op.no\/5-36-1744867\" class=\"related-teaser has-image default-story-teaser article--c-eRUmMG article--c-eRUmMG-jKCPdD-design-default\" rel=\"nofollow noopener\" target=\"_blank\"><\/p>\n<p>    <img decoding=\"async\" loading=\"lazy\"  src=\"https:\/\/www.europesays.com\/no\/wp-content\/uploads\/2025\/12\/5_36_1663279+ytjutyuj.jpg\" alt=\"\" class=\"brick-c-cFOWSL\" style=\"\"\/><\/p>\n<p>\n            Les ogs\u00e5<\/p>\n<p>              \u2013 Jeg vil kj\u00f8pe meg videre opp i suksessen\n        <\/p>\n<p>  <\/a><\/p>\n<p>\u00d8P var ogs\u00e5 p\u00e5 bes\u00f8k i hytta til direkt\u00f8ren p\u00e5 Nerdrum Museum som bor i en <a class=\"simple-relation related-teaser article--c-eRUmMG article--c-eRUmMG-jKCPdD-design-default article--c-eRUmMG-iBPVJb-cv\" href=\"https:\/\/www.op.no\/martin-bor-i-hytte-fra-1960-tallet-dette-har-alltid-vart-ankerfestet\/f\/5-36-1741097\" rel=\"nofollow noopener\" target=\"_blank\">i en hytte fra 1960-tallet.<\/a><\/p>\n<p>Vi intervjuet ogs\u00e5 Ida S\u00e6ter Kj\u00f8rlaug fra Larvik <a class=\"simple-relation related-teaser article--c-eRUmMG article--c-eRUmMG-jKCPdD-design-default article--c-eRUmMG-iBPVJb-cv\" href=\"https:\/\/www.op.no\/ida-27-har-holdt-pa-hemmeligheten-i-flere-maneder-telefonen-ma-lases-ned\/s\/5-36-1741682\" rel=\"nofollow noopener\" target=\"_blank\">som dubber Snevit i Disney-film.<\/a><\/p>\n<p>APRIL<\/p>\n<p>Visste du at Larvik ha en egen filmklubb som heter Matin\u00e9klubb? Klubben har v\u00e6rt en stor suksess siden den s\u00e5 dagens lys for noen \u00e5r siden. Tallene viser at filminteressen i Larvik er stigende og <a class=\"simple-relation related-teaser article--c-eRUmMG article--c-eRUmMG-jKCPdD-design-default article--c-eRUmMG-iBPVJb-cv\" href=\"https:\/\/www.op.no\/antall-besokende-oker-og-na-er-klubben-klar-med-aktuell-dokumentar\/s\/5-36-1751864\" rel=\"nofollow noopener\" target=\"_blank\">antall bes\u00f8kende \u00f8kende<\/a>.<\/p>\n<p>Klubben er inne i sitt \u00e5ttende drifts\u00e5r, og har vist over 200 nye spillefilmer i kinosalen p\u00e5 B\u00f8lgen.<\/p>\n<p>\u2013 Den drives p\u00e5 ideelt grunnlag og er basert p\u00e5 engasjement og filminteresse, forklarer Aarstad jr.<\/p>\n<p>   <img decoding=\"async\" width=\"4032\" height=\"2268\" fetchpriority=\"low\"  loading=\"lazy\"  src=\"https:\/\/www.europesays.com\/no\/wp-content\/uploads\/2025\/12\/IMG_2383.jpg\" alt=\"\" class=\"brick-c-cFOWSL\" style=\"--brick-image-ratio: 4032 \/ 2268;\"\/><\/p>\n<p>      VIKTIG DEBATT: Trond Aarstad Jr. sier det er avgj\u00f8rende at vi f\u00e5r til debatter rundt framtidens satsing p\u00e5 kultur i Larvik n\u00e5.<br \/>\n      Foto: Bj\u00f8rn-Tore Sandbrekkene\n    <\/p>\n<p>\u2013 Jeg vil beskrive dette som en romantisk komedie, sier Anders Trondsen (42). N\u00e5 pensjonerer han seg som tatov\u00f8r for \u00e5 drive ving\u00e5rd i Italia.<\/p>\n<p>  <a href=\"https:\/\/www.op.no\/5-36-1754533\" class=\"related-teaser has-image default-feature-teaser article--c-eRUmMG article--c-eRUmMG-jKCPdD-design-default\" rel=\"nofollow noopener\" target=\"_blank\"><\/p>\n<p>    <img decoding=\"async\" loading=\"lazy\"  src=\"https:\/\/www.europesays.com\/no\/wp-content\/uploads\/2025\/12\/DSC_4577.jpg\" alt=\"\" class=\"brick-c-cFOWSL\" style=\"\"\/><\/p>\n<p>\n            Les ogs\u00e5<\/p>\n<p>Selger huset for \u00e5 bli vinbonde i Italia: \u2013 Ok skala for en r\u00f8reb\u00f8tte fra Larvik\n        <\/p>\n<p>  <\/a><\/p>\n<p>De har jobbet med dette lenge, og gleder seg skikkelig til \u00e5 gi alle med en god id\u00e9 en mulighet til \u00e5 sette den ut i livet.<\/p>\n<p>  <a href=\"https:\/\/www.op.no\/5-36-1756518\" class=\"related-teaser has-image default-story-teaser article--c-eRUmMG article--c-eRUmMG-jKCPdD-design-default\" rel=\"nofollow noopener\" target=\"_blank\"><\/p>\n<p>    <img decoding=\"async\" loading=\"lazy\"  src=\"https:\/\/www.europesays.com\/no\/wp-content\/uploads\/2025\/12\/KOPI+.jpg\" alt=\"\" class=\"brick-c-cFOWSL\" style=\"\"\/><\/p>\n<p>\n            Les ogs\u00e5<\/p>\n<p>              De fikk en sjelden mulighet: \u2013 Ganske enkelt, men ganske vanskelig\n        <\/p>\n<p>  <\/a><br \/>\n  MAI<\/p>\n<p>Stavernfestivalen annonserte totalt 30 artister til \u00e5rets festival.<\/p>\n<p>  <a href=\"https:\/\/www.op.no\/5-36-1761869\" class=\"related-teaser has-image default-story-teaser article--c-eRUmMG article--c-eRUmMG-jKCPdD-design-default\" rel=\"nofollow noopener\" target=\"_blank\"><\/p>\n<p>    <img decoding=\"async\" loading=\"lazy\"  src=\"https:\/\/www.europesays.com\/no\/wp-content\/uploads\/2025\/12\/5_36_1632428+bnmbm.jpg\" alt=\"\" class=\"brick-c-cFOWSL\" style=\"\"\/><\/p>\n<p>\n            Les ogs\u00e5<\/p>\n<p>              Masseslipp fra Stavernfestivalen: Her er alle artistene i \u00e5r\n        <\/p>\n<p>  <\/a><\/p>\n<p>Miksen likte noen d\u00e5rlig.<\/p>\n<p>  <a href=\"https:\/\/www.op.no\/5-36-1762838\" class=\"related-teaser default-story-teaser article--c-eRUmMG article--c-eRUmMG-jKCPdD-design-default article--c-eRUmMG-kpKLOW-cv\" rel=\"nofollow noopener\" target=\"_blank\"><\/p>\n<p>\n            Les ogs\u00e5<\/p>\n<p>              Trodde programmet til Stavernfestivalen var en sp\u00f8k\n        <\/p>\n<p>  <\/a><\/p>\n<p>Et samarbeid mellom B\u00f8lgen kulturhus og merkevaren Farris skal gi larvikinger en enda bedre kinoopplevelse.<\/p>\n<p>  <a href=\"https:\/\/www.op.no\/5-36-1760665\" class=\"related-teaser has-image default-story-teaser article--c-eRUmMG article--c-eRUmMG-jKCPdD-design-default\" rel=\"nofollow noopener\" target=\"_blank\"><\/p>\n<p>    <img decoding=\"async\" loading=\"lazy\"  src=\"https:\/\/www.europesays.com\/no\/wp-content\/uploads\/2025\/12\/bolg+1.jpg\" alt=\"\" class=\"brick-c-cFOWSL\" style=\"\"\/><\/p>\n<p>\n            Les ogs\u00e5<\/p>\n<p>              \u2013 Dette bidrar til \u00e5 skape gode opplevelser i byen\n        <\/p>\n<p>  <\/a><\/p>\n<p>Tonje Sannes har hele livet jobbet for \u00e5 kunne leve av dr\u00f8mmen sin, nemlig dans. N\u00e5 har en av forestillingene hennes f\u00e5tt en helt annen betydning og m\u00e5lgruppe enn det hun forventet.<\/p>\n<p>  <a href=\"https:\/\/www.op.no\/5-36-1765571\" class=\"related-teaser has-image default-feature-teaser article--c-eRUmMG article--c-eRUmMG-jKCPdD-design-default\" rel=\"nofollow noopener\" target=\"_blank\"><\/p>\n<p>    <img decoding=\"async\" loading=\"lazy\"  src=\"https:\/\/www.europesays.com\/no\/wp-content\/uploads\/2025\/12\/51419203-00c7-4ee4-8459-0703ac8678ac.jpg\" alt=\"\" class=\"brick-c-cFOWSL\" style=\"\"\/><\/p>\n<p>\n            Les ogs\u00e5<\/p>\n<p>              Tonjes suksess var et gledelig uhell: \u2013 Jeg blir r\u00f8rt\n        <\/p>\n<p>  <\/a><\/p>\n<p>I fjor ble driften av Larvik Borgermusikk fjernet med et pennestr\u00f8k fra kommunebudsjettet. I \u00e5r er koralmusikken tilbake under b\u00f8kekronene.<\/p>\n<p>  <a href=\"https:\/\/www.op.no\/5-36-1770968\" class=\"related-teaser has-image default-story-teaser article--c-eRUmMG article--c-eRUmMG-jKCPdD-design-default\" rel=\"nofollow noopener\" target=\"_blank\"><\/p>\n<p>    <img decoding=\"async\" loading=\"lazy\"  src=\"https:\/\/www.europesays.com\/no\/wp-content\/uploads\/2025\/12\/Kari.jpg\" alt=\"\" class=\"brick-c-cFOWSL\" style=\"\"\/><\/p>\n<p>\n            Les ogs\u00e5<\/p>\n<p>              Har reddet nedlagt tilbud: \u2013 Dette er helt unikt for Larvik\n        <\/p>\n<p>  <\/a><\/p>\n<p>I mai hadde vi et portrett av v\u00e5r egen Bj\u00f8rn-Tore Sandbrekkene, i forbindelse med at han etter 39 \u00e5r i \u00d8stlands-Posten gikk av med pensjon.<\/p>\n<p>  <a href=\"https:\/\/www.op.no\/5-36-1773760\" class=\"related-teaser has-image default-story-teaser article--c-eRUmMG article--c-eRUmMG-jKCPdD-design-default\" rel=\"nofollow noopener\" target=\"_blank\"><\/p>\n<p>    <img decoding=\"async\" loading=\"lazy\"  src=\"https:\/\/www.europesays.com\/no\/wp-content\/uploads\/2025\/12\/PXL_20250527_125352842.PORTRAIT.jpg\" alt=\"\" class=\"brick-c-cFOWSL\" style=\"\"\/><\/p>\n<p>\n            Les ogs\u00e5<\/p>\n<p>              Har ikke hatt \u00e9n sykedag p\u00e5 39 \u00e5r\n        <\/p>\n<p>  <\/a><\/p>\n<p>N\u00e5 kan man tydelig se Gyldenl\u00f8ves karpedam som trolig var hele 29 ganger 13 meter, i det st\u00f8rste og tidligste barokke hageanlegget i Danmark-Norge. Og trer\u00f8rene som f\u00f8rte vannet til dammene, de har kommet til syne n\u00e5.<\/p>\n<p>  <a href=\"https:\/\/www.op.no\/5-36-1772871\" class=\"related-teaser has-image default-story-teaser article--c-eRUmMG article--c-eRUmMG-jKCPdD-design-default\" rel=\"nofollow noopener\" target=\"_blank\"><\/p>\n<p>    <img decoding=\"async\" loading=\"lazy\"  src=\"https:\/\/www.europesays.com\/no\/wp-content\/uploads\/2025\/12\/last+ned+%281%29.jpeg\" alt=\"\" class=\"brick-c-cFOWSL\" style=\"\"\/><\/p>\n<p>\n            Les ogs\u00e5<\/p>\n<p>              Har funnet vannr\u00f8r til fontene fra 1600-tallet\n        <\/p>\n<p>  <\/a><\/p>\n<p>Det er allerede kjent at medier og kommunikasjon forsvinner fra Thor Heyerdahl allerede neste semester. I et dokument \u00d8P har f\u00e5tt tilgang til, foresl\u00e5s det ogs\u00e5 at musikk, dans og drama flyttes.<\/p>\n<p>  <a href=\"https:\/\/www.op.no\/5-36-1771700\" class=\"related-teaser has-image default-story-teaser article--c-eRUmMG article--c-eRUmMG-jKCPdD-design-default\" rel=\"nofollow noopener\" target=\"_blank\"><\/p>\n<p>    <img decoding=\"async\" loading=\"lazy\"  src=\"https:\/\/www.europesays.com\/no\/wp-content\/uploads\/2025\/12\/5_36_1651030+346108837_747026237164352_655449236441819882_n+%281%29.jpg\" alt=\"\" class=\"brick-c-cFOWSL\" style=\"\"\/><\/p>\n<p>\n            Les ogs\u00e5<\/p>\n<p>              Enda et tilbud kan forsvinne\n        <\/p>\n<p>  <\/a><\/p>\n<p>I det endelige forslaget fra fylkeskommunen legges b\u00e5de musikk- og danselinja p\u00e5 Thor Heyerdahl videreg\u00e5ende skole ned. N\u00e5 starter en kamp fram mot 17. juni.<\/p>\n<p>  <a href=\"https:\/\/www.op.no\/5-36-1771464\" class=\"related-teaser has-image default-story-teaser article--c-eRUmMG article--c-eRUmMG-jKCPdD-design-default\" rel=\"nofollow noopener\" target=\"_blank\"><\/p>\n<p>    <img decoding=\"async\" loading=\"lazy\"  src=\"https:\/\/www.europesays.com\/no\/wp-content\/uploads\/2025\/12\/IMG_7198.DNG.jpeg\" alt=\"\" class=\"brick-c-cFOWSL\" style=\"\"\/><\/p>\n<p>\n            Les ogs\u00e5<\/p>\n<p>              Varsler omkamp: \u2013 Man blir egentlig helt matt\n        <\/p>\n<p>  <\/a><\/p>\n<p>N\u00e5 blir det trolig gledesdans og jubelsang ved Thor Heyerdahl fram til sommerferien.<\/p>\n<p>  <a href=\"https:\/\/www.op.no\/5-36-1772570\" class=\"related-teaser has-image default-story-teaser article--c-eRUmMG article--c-eRUmMG-jKCPdD-design-default\" rel=\"nofollow noopener\" target=\"_blank\"><\/p>\n<p>    <img decoding=\"async\" loading=\"lazy\"  src=\"https:\/\/www.europesays.com\/no\/wp-content\/uploads\/2025\/12\/AnneFylkesordfrer+Anne+Strmy.jpg\" alt=\"\" class=\"brick-c-cFOWSL\" style=\"\"\/><\/p>\n<p>\n            Les ogs\u00e5<\/p>\n<p>              Fylkesordf\u00f8reren med str\u00e5lende nyheter: \u2013 Blir ikke lagt ned\n        <\/p>\n<p>  <\/a><br \/>\n  JUNI<\/p>\n<p>Den popul\u00e6re festivalen i Larvik gir seg. Ikke fordi engasjementet har dabbet av, men fordi pengene har gjort det.<\/p>\n<p>  <a href=\"https:\/\/www.op.no\/5-36-1785991\" class=\"related-teaser has-image default-story-teaser article--c-eRUmMG article--c-eRUmMG-jKCPdD-design-default\" rel=\"nofollow noopener\" target=\"_blank\"><\/p>\n<p>    <img decoding=\"async\" loading=\"lazy\"  src=\"https:\/\/www.europesays.com\/no\/wp-content\/uploads\/2025\/12\/myriam.jpg\" alt=\"\" class=\"brick-c-cFOWSL\" style=\"\"\/><\/p>\n<p>\n            Les ogs\u00e5<\/p>\n<p>              Festivalen avlyses: \u2013 En evig pengejakt\n        <\/p>\n<p>  <\/a><\/p>\n<p>Danser, koreograf og Larvik-patriot Anita Vilenica (44) st\u00e5r midt i innspurten med danseforestillingen EnsomDeg, som snart skal vises i Larvik. \u2013 Responsen har v\u00e6rt overveldende, sier hun.<\/p>\n<p>Mellom pr\u00f8ver, kostymer og koordinering tar hun seg ogs\u00e5 tid til hage, vannmelon og en sommerreise til r\u00f8ttene i Beograd.<\/p>\n<p>  <a href=\"https:\/\/www.op.no\/5-36-1787708\" class=\"related-teaser has-image default-feature-teaser article--c-eRUmMG article--c-eRUmMG-jKCPdD-design-default\" rel=\"nofollow noopener\" target=\"_blank\"><\/p>\n<p>    <img decoding=\"async\" loading=\"lazy\"  src=\"https:\/\/www.europesays.com\/no\/wp-content\/uploads\/2025\/12\/IMG_6772.jpg\" alt=\"\" class=\"brick-c-cFOWSL\" style=\"\"\/><\/p>\n<p>\n            Les ogs\u00e5<\/p>\n<p>              Anita fikk med sin tidligere sjef p\u00e5 et spesielt prosjekt: \u2013 Responsen har v\u00e6rt overveldende\n        <\/p>\n<p>  <\/a><\/p>\n<p>\u2013 Det er g\u00f8y \u00e5 spille i en musikal som er helt original. At vi er med p\u00e5 \u00e5 skape den, sier Laurits L\u00f8chen.<\/p>\n<p>Sammen med en gjeng unge musikere, og et par proffe, pugger han riff og vokal mot storsatsingen i B\u00f8lgen.<\/p>\n<p>  <a href=\"https:\/\/www.op.no\/5-36-1753265\" class=\"related-teaser has-image default-story-teaser article--c-eRUmMG article--c-eRUmMG-jKCPdD-design-default\" rel=\"nofollow noopener\" target=\"_blank\"><\/p>\n<p>    <img decoding=\"async\" loading=\"lazy\"  src=\"https:\/\/www.europesays.com\/no\/wp-content\/uploads\/2025\/12\/IMG_7238.jpg\" alt=\"\" class=\"brick-c-cFOWSL\" style=\"\"\/><\/p>\n<p>\n            Les ogs\u00e5<\/p>\n<p>              Denne gjengen f\u00e5r ikke klippe h\u00e5ret f\u00f8r sommerferien\n        <\/p>\n<p>  <\/a><\/p>\n<p>Elisabeth Koren (21) dro fra et rikmannsliv i Larvik til ei lita t\u00f8mmerkoie i Iowa i USA. Det hun etterlot seg, p\u00e5virker fortsatt den norsk-amerikanske historien.<\/p>\n<p>  <a href=\"https:\/\/www.op.no\/5-36-1782196\" class=\"related-teaser has-image default-feature-teaser article--c-eRUmMG article--c-eRUmMG-jKCPdD-design-default\" rel=\"nofollow noopener\" target=\"_blank\"><\/p>\n<p>    <img decoding=\"async\" loading=\"lazy\"  src=\"https:\/\/www.europesays.com\/no\/wp-content\/uploads\/2025\/12\/Brev+med+innfelt+1.jpg\" alt=\"\" class=\"brick-c-cFOWSL\" style=\"\"\/><\/p>\n<p>\n            Les ogs\u00e5<\/p>\n<p>              Den ukjente fortellingen om Elisabeth (21): \u2013 En fantastisk historie\n        <\/p>\n<p>  <\/a><\/p>\n<p>Solgudene la til rette for den perfekte start p\u00e5 to deilige dager fylt med musikk og god stemning under \u00e5rets Brunlanes Coverbandfestival.<\/p>\n<p>  <a href=\"https:\/\/www.op.no\/5-36-1792420\" class=\"related-teaser has-image default-gallery-teaser article--c-eRUmMG article--c-eRUmMG-jKCPdD-design-default\" rel=\"nofollow noopener\" target=\"_blank\"><\/p>\n<p>    <img decoding=\"async\" loading=\"lazy\"  src=\"https:\/\/www.europesays.com\/no\/wp-content\/uploads\/2025\/12\/Brunlanes+Coverbandfestival+%286%29.jpg\" alt=\"\" class=\"brick-c-cFOWSL\" style=\"\"\/><\/p>\n<p>\n            Bildeserie<\/p>\n<p>              Disse var p\u00e5 \u00e5pningen av Brunlanes Coverbandfestival\n        <\/p>\n<p>  <\/a><\/p>\n<p>Lokal musiker tar med seg bandet til Larvik, og pr\u00f8ver seg p\u00e5 noe helt nytt.<\/p>\n<p>  <a href=\"https:\/\/www.op.no\/5-36-1773609\" class=\"related-teaser has-image default-story-teaser article--c-eRUmMG article--c-eRUmMG-jKCPdD-design-default\" rel=\"nofollow noopener\" target=\"_blank\"><\/p>\n<p>    <img decoding=\"async\" loading=\"lazy\"  src=\"https:\/\/www.europesays.com\/no\/wp-content\/uploads\/2025\/12\/last+ned+%281%29.jpg\" alt=\"\" class=\"brick-c-cFOWSL\" style=\"\"\/><\/p>\n<p>\n            Les ogs\u00e5<\/p>\n<p>              Her blir det liv: \u2013 Gleder meg som en unge\n        <\/p>\n<p>  <\/a><\/p>\n<p>Halva Priset arrangerer \u00abLov \u00e5 leva\u00bb festivalen 21. juni p\u00e5 Bjerkely i Hvarnes, Larvik, med artister som Trang F\u00f8dsel og Chris Medina.<\/p>\n<p>  <a href=\"https:\/\/www.op.no\/5-36-1788522\" class=\"related-teaser has-image default-gallery-teaser article--c-eRUmMG article--c-eRUmMG-jKCPdD-design-default\" rel=\"nofollow noopener\" target=\"_blank\"><\/p>\n<p>    <img decoding=\"async\" loading=\"lazy\"  src=\"https:\/\/www.europesays.com\/no\/wp-content\/uploads\/2025\/12\/0Q9A7449.JPG\" alt=\"\" class=\"brick-c-cFOWSL\" style=\"\"\/><\/p>\n<p>\n            Bildeserie<\/p>\n<p>              Lov \u00e5 leva: Se hvem som koste seg p\u00e5 festival!\n        <\/p>\n<p>  <\/a><\/p>\n<p>    Vil du se neste video?<\/p>\n<p>    <a href=\"https:\/\/www.op.no\/hva-er-det-beste-og-verste-du-har-fatt-til-jul\/v\/5-36-1862072\" class=\"recommend-poster\" data-adp-clicklabel=\"video-recommend\" data-adp-clickvalue=\"poster\" rel=\"nofollow noopener\" target=\"_blank\"><br \/>\n      <img decoding=\"async\" width=\"200\" height=\"200\" loading=\"lazy\" src=\"https:\/\/www.europesays.com\/no\/wp-content\/uploads\/2025\/12\/v-i-eb264da0-0e29-4347-8533-c0e0fddc9fe7-1.jpg\" alt=\"\" class=\"brick-c-cFOWSL\" style=\"--brick-image-ratio: 200 \/ 200;\"\/><\/p>\n<p>Hva er det beste og verste du har f\u00e5tt til jul? 0:55<\/p>\n<p>    <\/a><\/p>\n<p>JULI<\/p>\n<p>Begynnelsen av juli dreide seg om en ting: Stavernfestivalen.<\/p>\n<p>  <a href=\"https:\/\/www.op.no\/5-36-1794993\" class=\"related-teaser has-image default-gallery-teaser article--c-eRUmMG article--c-eRUmMG-jKCPdD-design-default\" rel=\"nofollow noopener\" target=\"_blank\"><\/p>\n<p>    <img decoding=\"async\" loading=\"lazy\"  src=\"https:\/\/www.europesays.com\/no\/wp-content\/uploads\/2025\/12\/Stavern+Torsdag+%2830%29.jpg\" alt=\"\" class=\"brick-c-cFOWSL\" style=\"\"\/><\/p>\n<p>\n            Bildeserie<\/p>\n<p>              Ser du noen kjente fjes?\n        <\/p>\n<p>  <\/a><\/p>\n<p>  <a href=\"https:\/\/www.op.no\/5-36-1795564\" class=\"related-teaser has-image default-story-teaser article--c-eRUmMG article--c-eRUmMG-jKCPdD-design-default\" rel=\"nofollow noopener\" target=\"_blank\"><\/p>\n<p>    <img decoding=\"async\" loading=\"lazy\"  src=\"https:\/\/www.europesays.com\/no\/wp-content\/uploads\/2025\/12\/e4a82082-e76a-48ed-8e79-1a6467e83d28.heic.jpeg\" alt=\"\" class=\"brick-c-cFOWSL\" style=\"\"\/><\/p>\n<p>\n            Les ogs\u00e5<\/p>\n<p>              Han representerer Larvik: \u2013 Vi har tusen \u00f8sters\n        <\/p>\n<p>  <\/a><\/p>\n<p>  <a href=\"https:\/\/www.op.no\/5-36-1794903\" class=\"related-teaser has-image default-story-teaser article--c-eRUmMG article--c-eRUmMG-jKCPdD-design-default\" rel=\"nofollow noopener\" target=\"_blank\"><\/p>\n<p>    <img decoding=\"async\" loading=\"lazy\"  src=\"https:\/\/www.europesays.com\/no\/wp-content\/uploads\/2025\/12\/33e9353c-0d3a-40b2-8b79-628fadaad9b8.jpeg\" alt=\"\" class=\"brick-c-cFOWSL\" style=\"\"\/><\/p>\n<p>\n            Les ogs\u00e5<\/p>\n<p>              \u00abKranglet\u00bb om festival-maten: \u2013 Min var bedre\n        <\/p>\n<p>  <\/a><\/p>\n<p>  <a href=\"https:\/\/www.op.no\/5-36-1794525\" class=\"related-teaser has-image default-story-teaser article--c-eRUmMG article--c-eRUmMG-jKCPdD-design-default\" rel=\"nofollow noopener\" target=\"_blank\"><\/p>\n<p>    <img decoding=\"async\" loading=\"lazy\"  src=\"https:\/\/www.europesays.com\/no\/wp-content\/uploads\/2025\/12\/854e57b5-ecca-4ae7-847d-a25fa0ed7a58.heic.jpeg\" alt=\"\" class=\"brick-c-cFOWSL\" style=\"\"\/><\/p>\n<p>\n            Les ogs\u00e5<\/p>\n<p>              \u00d8stfoldingene tar over campen: \u2013 Kan ikke bli bedre\n        <\/p>\n<p>  <\/a><\/p>\n<p>Det startet som en id\u00e9 blant kompiser p\u00e5 \u00d8stre Halsen. N\u00e5 er de klare for storscenen p\u00e5 Stavernfestivalen.<\/p>\n<p>  <a href=\"https:\/\/www.op.no\/5-36-1793325\" class=\"related-teaser has-image default-feature-teaser article--c-eRUmMG article--c-eRUmMG-jKCPdD-design-default\" rel=\"nofollow noopener\" target=\"_blank\"><\/p>\n<p>    <img decoding=\"async\" loading=\"lazy\"  src=\"https:\/\/www.europesays.com\/no\/wp-content\/uploads\/2025\/12\/f031db90-c0f7-409c-ab86-eaa65c9df984.jpeg\" alt=\"\" class=\"brick-c-cFOWSL\" style=\"\"\/><\/p>\n<p>\n            Les ogs\u00e5<\/p>\n<p>              Suksess for Larvik-gutta: \u2013 Virket uoppn\u00e5elig\n        <\/p>\n<p>  <\/a><\/p>\n<p>\u00d8stlands-Posten m\u00f8tte den folkekj\u00e6re frontfiguren i deLillos, Lars Lillo-Stenberg. I \u00e5r er det 40 \u00e5r siden et av Norges mest markante band ble dannet i Oslo. Jubileet blir markert med b\u00e5de nytt album og en rekke konserter. To av dem i Larvik.<\/p>\n<p>\u2013 Jeg tror man m\u00e5 akseptere at slike bekymringer blir man ikke kvitt, sier Lillo-Stenberg, som bes\u00f8kte Larvik en rekke ganger i 2025.<\/p>\n<p>  <a href=\"https:\/\/www.op.no\/5-36-1765556\" class=\"related-teaser has-image default-feature-teaser article--c-eRUmMG article--c-eRUmMG-jKCPdD-design-default\" rel=\"nofollow noopener\" target=\"_blank\"><\/p>\n<p>    <img decoding=\"async\" loading=\"lazy\"  src=\"https:\/\/www.europesays.com\/no\/wp-content\/uploads\/2025\/12\/LLars.jpg\" alt=\"\" class=\"brick-c-cFOWSL\" style=\"\"\/><\/p>\n<p>\n            Les ogs\u00e5<\/p>\n<p>              \u2013 Jeg tror man m\u00e5 akseptere at slike bekymringer blir man ikke kvitt\n        <\/p>\n<p>  <\/a><\/p>\n<p>\u00abSpillelista\u00bb fylte 10 \u00e5r i \u00e5r og hadde derfor en helt spesiell konsert, der de trakk fram b\u00e5de gamle og nye historier fra Larviks befolkning, og satte ord p\u00e5 dem med musikken.<\/p>\n<p>  <a href=\"https:\/\/www.op.no\/5-36-1773698\" class=\"related-teaser has-image default-story-teaser article--c-eRUmMG article--c-eRUmMG-jKCPdD-design-default\" rel=\"nofollow noopener\" target=\"_blank\"><\/p>\n<p>    <img decoding=\"async\" loading=\"lazy\"  src=\"https:\/\/www.europesays.com\/no\/wp-content\/uploads\/2025\/12\/IMG_0509.jpg\" alt=\"\" class=\"brick-c-cFOWSL\" style=\"\"\/><\/p>\n<p>\n            Les ogs\u00e5<\/p>\n<p>              Spillelista og Stavern er sommeren for meg\n        <\/p>\n<p>  <\/a><\/p>\n<p>  <a href=\"https:\/\/www.op.no\/5-36-1797975\" class=\"related-teaser has-image default-gallery-teaser article--c-eRUmMG article--c-eRUmMG-jKCPdD-design-default\" rel=\"nofollow noopener\" target=\"_blank\"><\/p>\n<p>    <img decoding=\"async\" loading=\"lazy\"  src=\"https:\/\/www.europesays.com\/no\/wp-content\/uploads\/2025\/12\/IMG_0396.jpg\" alt=\"\" class=\"brick-c-cFOWSL\" style=\"\"\/><\/p>\n<p>\n            Bildeserie<\/p>\n<p>              Ser du noen kjente fra kveldens konsert?\n        <\/p>\n<p>  <\/a><\/p>\n<p>Jan Olav Forberg (57) er kjent i milj\u00f8et for \u00e5 bryte grenser og utvikle egne teknikker. N\u00e5 vil han spre lidenskapen og har derfor startet et nytt drop in-tilbud i Stavern. Da ble denne \u00d8P journalisten utfordret til \u00e5 delta.<\/p>\n<p>  <a href=\"https:\/\/www.op.no\/5-36-1802366\" class=\"related-teaser has-image default-story-teaser article--c-eRUmMG article--c-eRUmMG-jKCPdD-design-default\" rel=\"nofollow noopener\" target=\"_blank\"><\/p>\n<p>    <img decoding=\"async\" loading=\"lazy\"  src=\"https:\/\/www.europesays.com\/no\/wp-content\/uploads\/2025\/12\/c29a5978-ad50-4daa-aca4-d3afba2eeca3.jpeg\" alt=\"\" class=\"brick-c-cFOWSL\" style=\"\"\/><\/p>\n<p>\n            Les ogs\u00e5<\/p>\n<p>              Slik gikk det da \u00d8Ps journalist tok utfordringen fra Jan Olav\n        <\/p>\n<p>  <\/a><\/p>\n<p>Hanna Bago startet med en mikrofon i h\u00e5nda og nerver i magen p\u00e5 John Wright pub i Larvik. N\u00e5 er hun norgesmester i karaoke \u2013 og neste stopp er verdensmesterskapet i Bangkok.<\/p>\n<p>  <a href=\"https:\/\/www.op.no\/5-36-1793608\" class=\"related-teaser has-image default-story-teaser article--c-eRUmMG article--c-eRUmMG-jKCPdD-design-default\" rel=\"nofollow noopener\" target=\"_blank\"><\/p>\n<p>    <img decoding=\"async\" loading=\"lazy\"  src=\"https:\/\/www.europesays.com\/no\/wp-content\/uploads\/2025\/12\/6a179e78-136b-45e7-9f34-14f88cf094e7.jpeg\" alt=\"\" class=\"brick-c-cFOWSL\" style=\"\"\/><\/p>\n<p>\n            Les ogs\u00e5<\/p>\n<p>              Hanna (31) ble norgesmester: \u2013 Har aldri vunnet noe f\u00f8r\n        <\/p>\n<p>  <\/a><\/p>\n<p>Larviks \u00e6resborger og hele Norges forfatterikon Ingvar Ambj\u00f8rnsen d\u00f8de i slutten av juli:<\/p>\n<p>  <a href=\"https:\/\/www.op.no\/5-36-1802015\" class=\"related-teaser has-image default-story-teaser article--c-eRUmMG article--c-eRUmMG-jKCPdD-design-default\" rel=\"nofollow noopener\" target=\"_blank\"><\/p>\n<p>    <img decoding=\"async\" loading=\"lazy\"  src=\"https:\/\/www.europesays.com\/no\/wp-content\/uploads\/2025\/08\/1435043769775_1.jpg\" alt=\"\" class=\"brick-c-cFOWSL\" style=\"\"\/><\/p>\n<p>\n            Les ogs\u00e5<\/p>\n<p>              Ambj\u00f8rnsen hylles av \u00aballe\u00bb: \u2013 God tur compadre!\n        <\/p>\n<p>  <\/a><\/p>\n<p>Lene Kongsvik Hern\u00e6s er bosatt i Oslo, men valgte \u00e5 ta turen til Larvik da hun leste at det ble lagt ut kondolanseprotokoll for avd\u00f8de Ingvar Ambj\u00f8rnsen p\u00e5 Larvik bibliotek.<\/p>\n<p>  <a href=\"https:\/\/www.op.no\/5-36-1803978\" class=\"related-teaser has-image default-story-teaser article--c-eRUmMG article--c-eRUmMG-jKCPdD-design-default\" rel=\"nofollow noopener\" target=\"_blank\"><\/p>\n<p>    <img decoding=\"async\" loading=\"lazy\"  src=\"https:\/\/www.europesays.com\/no\/wp-content\/uploads\/2025\/12\/IMG_1347_1.jpg\" alt=\"\" class=\"brick-c-cFOWSL\" style=\"\"\/><\/p>\n<p>\n            Les ogs\u00e5<\/p>\n<p>              Kom fra Oslo for \u00e5 signere: \u2013 Han betydde mye for meg\n        <\/p>\n<p>  <\/a><br \/>\n  AUGUST<\/p>\n<p>Bj\u00f8rn Dahl og John Larsen har dratt i gang en historisk satsing i Larvik. Det gir kultursjefen st\u00e5pels.<\/p>\n<p>  <a href=\"https:\/\/www.op.no\/5-36-1816720\" class=\"related-teaser has-image default-story-teaser article--c-eRUmMG article--c-eRUmMG-jKCPdD-design-default\" rel=\"nofollow noopener\" target=\"_blank\"><\/p>\n<p>    <img decoding=\"async\" loading=\"lazy\"  src=\"https:\/\/www.europesays.com\/no\/wp-content\/uploads\/2025\/12\/IMG_8432.jpg\" alt=\"\" class=\"brick-c-cFOWSL\" style=\"\"\/><\/p>\n<p>\n            Les ogs\u00e5<\/p>\n<p>              Nye medlemmer str\u00f8mmer til satsingen: \u2013 Jeg tente p\u00e5 id\u00e9en umiddelbart\n        <\/p>\n<p>  <\/a><\/p>\n<p>Lederen av Larvik Husflidslag fortalte til \u00d8stlands-Posten at husflidslaget ble helt m\u00e5ll\u00f8se da de fikk beskjed om at de var blitt nominert til en gjev pris.<\/p>\n<p>  <a href=\"https:\/\/www.op.no\/5-36-1816620\" class=\"related-teaser has-image default-story-teaser article--c-eRUmMG article--c-eRUmMG-jKCPdD-design-default\" rel=\"nofollow noopener\" target=\"_blank\"><\/p>\n<p>    <img decoding=\"async\" loading=\"lazy\"  src=\"https:\/\/www.europesays.com\/no\/wp-content\/uploads\/2025\/12\/husflidslag.jpg\" alt=\"\" class=\"brick-c-cFOWSL\" style=\"\"\/><\/p>\n<p>\n            Les ogs\u00e5<\/p>\n<p>              Blir lagt merke til: \u2013 Overraskende og g\u00f8y\n        <\/p>\n<p>  <\/a><\/p>\n<p>P\u00e5 Munken ble det l\u00f8rdag avholdt noe s\u00e5 sjeldent som en premierefest p\u00e5 en helaftens spillefilm der handlingen er lagt til Larviks eldste bydel, Torstrand.<\/p>\n<p>  <a href=\"https:\/\/www.op.no\/5-36-1812430\" class=\"related-teaser has-image default-story-teaser article--c-eRUmMG article--c-eRUmMG-jKCPdD-design-default\" rel=\"nofollow noopener\" target=\"_blank\"><\/p>\n<p>    <img decoding=\"async\" loading=\"lazy\"  src=\"https:\/\/www.europesays.com\/no\/wp-content\/uploads\/2025\/09\/Skjermbilde+2025-08-18+173525.png\" alt=\"\" class=\"brick-c-cFOWSL\" style=\"\"\/><\/p>\n<p>\n            Les ogs\u00e5<\/p>\n<p>              Skulle lage kortfilm fra Torstrand: \u2013 Ballet p\u00e5 seg underveis\n        <\/p>\n<p>  <\/a><\/p>\n<p>Med \u00e5pningen av Hagadumpa Parcade, tar Larvik kommune et nytt steg mot \u00e5 digitalisere friluftsaktiviteter.<\/p>\n<p>  <a href=\"https:\/\/www.op.no\/5-36-1811429\" class=\"related-teaser has-image default-story-teaser article--c-eRUmMG article--c-eRUmMG-jKCPdD-design-default\" rel=\"nofollow noopener\" target=\"_blank\"><\/p>\n<p>    <img decoding=\"async\" loading=\"lazy\"  src=\"https:\/\/www.europesays.com\/no\/wp-content\/uploads\/2025\/12\/99d557a6-d897-4735-822d-5497a3e80613.jpeg\" alt=\"\" class=\"brick-c-cFOWSL\" style=\"\"\/><\/p>\n<p>\n            Les ogs\u00e5<\/p>\n<p>              \u00c5pner ny attraksjon: \u2013 Vi er f\u00f8rst i Norge\n        <\/p>\n<p>  <\/a><\/p>\n<p>En festival der ingen vet hva som skjer. \u00abDer spontanitet, humor og der publikum blir \u00aben del av magien\u00bb. Det var beskrivelsen av Larvik Impro Festival, som ble arrangert i B\u00f8lgen for andre gang.<\/p>\n<p>  <a href=\"https:\/\/www.op.no\/5-36-1813243\" class=\"related-teaser has-image default-story-teaser article--c-eRUmMG article--c-eRUmMG-jKCPdD-design-default\" rel=\"nofollow noopener\" target=\"_blank\"><\/p>\n<p>    <img decoding=\"async\" loading=\"lazy\"  src=\"https:\/\/www.europesays.com\/no\/wp-content\/uploads\/2025\/12\/IMG_1715.jpg\" alt=\"\" class=\"brick-c-cFOWSL\" style=\"\"\/><\/p>\n<p>\n            Les ogs\u00e5<\/p>\n<p>              Suksess for ny festival: \u2013 Satser p\u00e5 ny festival neste \u00e5r\n        <\/p>\n<p>  <\/a><br \/>\n  SEPTEMBER<\/p>\n<p>\u00d8P starter en ny spalte, \u00abKulturfolk\u00bb.<\/p>\n<p>  <a href=\"https:\/\/www.op.no\/5-36-1821876\" class=\"related-teaser has-image default-story-teaser article--c-eRUmMG article--c-eRUmMG-jKCPdD-design-default\" rel=\"nofollow noopener\" target=\"_blank\"><\/p>\n<p>    <img decoding=\"async\" loading=\"lazy\"  src=\"https:\/\/www.europesays.com\/no\/wp-content\/uploads\/2025\/12\/unnamed+(2)_1.jpg\" alt=\"\" class=\"brick-c-cFOWSL\" style=\"\"\/><\/p>\n<p>\n            Les ogs\u00e5<\/p>\n<p>              Larviksmusiker n\u00e5r millioner uten plateselskap\n        <\/p>\n<p>  <\/a><\/p>\n<p>Lansering av ny bok med Ingvar Ambj\u00f8rnsens tekster, anekdoter og kj\u00e6rlighetserkl\u00e6ringer til forfatteren, og en vemodig, magisk og verdig h\u00f8ytidsstund breddfull av humor i B\u00f8lgens storsal. Larvik tok en verdig avskjed med forfatteren og \u00e6resborgeren.<\/p>\n<p>  <a href=\"https:\/\/www.op.no\/5-36-1825710\" class=\"related-teaser has-image default-story-teaser article--c-eRUmMG article--c-eRUmMG-jKCPdD-design-default\" rel=\"nofollow noopener\" target=\"_blank\"><\/p>\n<p>    <img decoding=\"async\" loading=\"lazy\"  src=\"https:\/\/www.europesays.com\/no\/wp-content\/uploads\/2025\/09\/1758720554_548_IMG_2130.jpg\" alt=\"\" class=\"brick-c-cFOWSL\" style=\"\"\/><\/p>\n<p>\n            Les ogs\u00e5<\/p>\n<p>              En verdig minnemarkering for \u00e6resborgeren\n        <\/p>\n<p>  <\/a><\/p>\n<p>Ingvar Ambj\u00f8rnsens aller siste bok, novellesamlingen \u00abSorgen i St. Peter Ording\u00bb, topper Boklista for femte uke p\u00e5 rad.<\/p>\n<p>  <a href=\"https:\/\/www.op.no\/5-36-1820856\" class=\"related-teaser has-image default-story-teaser article--c-eRUmMG article--c-eRUmMG-jKCPdD-design-default\" rel=\"nofollow noopener\" target=\"_blank\"><\/p>\n<p>    <img decoding=\"async\" loading=\"lazy\"  src=\"https:\/\/www.europesays.com\/no\/wp-content\/uploads\/2025\/12\/cueres_scp-fwvmezxq_f6W8vmeZ1XQ.jpg\" alt=\"\" class=\"brick-c-cFOWSL\" style=\"\"\/><\/p>\n<p>\n            Les ogs\u00e5<\/p>\n<p>              Ambj\u00f8rnsens siste bok fortsetter \u00e5 toppe bokhandlernes bestselgerliste\n        <\/p>\n<p>  <\/a><\/p>\n<p>Etter gr\u00f8nt lys fra Kulturarv og en ekstra runde i planutvalget er rivningen av Torstrand skole n\u00e5 i gang.<\/p>\n<p>  <a href=\"https:\/\/www.op.no\/5-36-1819865\" class=\"related-teaser has-image default-story-teaser article--c-eRUmMG article--c-eRUmMG-jKCPdD-design-default\" rel=\"nofollow noopener\" target=\"_blank\"><\/p>\n<p>    <img decoding=\"async\" loading=\"lazy\"  src=\"https:\/\/www.europesays.com\/no\/wp-content\/uploads\/2025\/12\/rivning+1.JPG\" alt=\"\" class=\"brick-c-cFOWSL\" style=\"\"\/><\/p>\n<p>\n            Les ogs\u00e5<\/p>\n<p>              Ikonisk bygg jevnes med jorden: \u2013 Vi setter i gang s\u00e5 fort som mulig\n        <\/p>\n<p>  <\/a><br \/>\n  OKTOBER<\/p>\n<p>\u00d8stlands-Posten, Skagerak Energi og Mikrobryggeriet byr p\u00e5 mange spennende gjester framover.<\/p>\n<p>  <a href=\"https:\/\/www.op.no\/5-36-1829033\" class=\"related-teaser has-image default-story-teaser article--c-eRUmMG article--c-eRUmMG-jKCPdD-design-default\" rel=\"nofollow noopener\" target=\"_blank\"><\/p>\n<p>    <img decoding=\"async\" loading=\"lazy\"  src=\"https:\/\/www.europesays.com\/no\/wp-content\/uploads\/2025\/12\/IMG_8769.jpg\" alt=\"\" class=\"brick-c-cFOWSL\" style=\"\"\/><\/p>\n<p>\n            Les ogs\u00e5<\/p>\n<p>              Hanne Krogh og Oddekalv kommer \u2013 og kanskje statsministeren ogs\u00e5\n        <\/p>\n<p>  <\/a><\/p>\n<p>Fra oktober kan du g\u00e5 til Torget og selv velge dikt du vil h\u00f8re lest opp. Og det fra en sv\u00e6rt spesiell installasjon.<\/p>\n<p>  <a href=\"https:\/\/www.op.no\/5-36-1831954\" class=\"related-teaser has-image default-story-teaser article--c-eRUmMG article--c-eRUmMG-jKCPdD-design-default\" rel=\"nofollow noopener\" target=\"_blank\"><\/p>\n<p>    <img decoding=\"async\" loading=\"lazy\"  src=\"https:\/\/www.europesays.com\/no\/wp-content\/uploads\/2025\/12\/IMG_2560.jpg\" alt=\"\" class=\"brick-c-cFOWSL\" style=\"\"\/><\/p>\n<p>\n            Les ogs\u00e5<\/p>\n<p>              Avduket spesiell jukeboks ved Torget: \u2013 Denne blir en av hundre i verden\n        <\/p>\n<p>  <\/a><\/p>\n<p>N\u00e5r h\u00f8stm\u00f8rket senker seg over L\u00e5gendalen, skal omr\u00e5det rundt H\u00f8yt &amp; Lavt og Kj\u00e6rra Fossepark fylles med lys, musikk og magiske m\u00f8ter.<\/p>\n<p>  <a href=\"https:\/\/www.op.no\/5-36-1828870\" class=\"related-teaser has-image default-story-teaser article--c-eRUmMG article--c-eRUmMG-jKCPdD-design-default\" rel=\"nofollow noopener\" target=\"_blank\"><\/p>\n<p>    <img decoding=\"async\" loading=\"lazy\"  src=\"https:\/\/www.europesays.com\/no\/wp-content\/uploads\/2025\/12\/IMG_9012.jpg\" alt=\"\" class=\"brick-c-cFOWSL\" style=\"\"\/><\/p>\n<p>\n            Les ogs\u00e5<\/p>\n<p>              G\u00e5r sammen om happening: \u2013 Tester noe vi aldri har gjort f\u00f8r\n        <\/p>\n<p>  <\/a><\/p>\n<p>Det ble en kveld for minneboka da L\u00e5gen by night ble arrangert for aller f\u00f8rste gang i Larvik.<\/p>\n<p>  <a href=\"https:\/\/www.op.no\/5-36-1834398\" class=\"related-teaser has-image default-story-teaser article--c-eRUmMG article--c-eRUmMG-jKCPdD-design-default\" rel=\"nofollow noopener\" target=\"_blank\"><\/p>\n<p>    <img decoding=\"async\" loading=\"lazy\"  src=\"https:\/\/www.europesays.com\/no\/wp-content\/uploads\/2025\/12\/IMG_94e78.JPG\" alt=\"\" class=\"brick-c-cFOWSL\" style=\"\"\/><\/p>\n<p>\n            Les ogs\u00e5<\/p>\n<p>              Magisk kveld ved L\u00e5gen: \u2013 Alt klaffet!\n        <\/p>\n<p>  <\/a><\/p>\n<p>Kjetil Langbach (49) fikk g\u00e5sehud da han bes\u00f8kte Tjodalyng herredshus. N\u00e5 har han f\u00e5tt med seg lokale musikere p\u00e5 et helt nytt kulturprosjekt.<\/p>\n<p>  <a href=\"https:\/\/www.op.no\/5-36-1836495\" class=\"related-teaser has-image default-story-teaser article--c-eRUmMG article--c-eRUmMG-jKCPdD-design-default\" rel=\"nofollow noopener\" target=\"_blank\"><\/p>\n<p>    <img decoding=\"async\" loading=\"lazy\"  src=\"https:\/\/www.europesays.com\/no\/wp-content\/uploads\/2025\/12\/IMG_9276.jpg\" alt=\"\" class=\"brick-c-cFOWSL\" style=\"\"\/><\/p>\n<p>\n            Les ogs\u00e5<\/p>\n<p>              Vil samle bygda: \u2013 Vet ikke helt hva vi har satt i gang\n        <\/p>\n<p>  <\/a><\/p>\n<p>Var aldri i tvil: \u2013 Jeg ville til Stavern, sier Morten Krogvold som flytter kursvirksomheten til Stavern.<\/p>\n<p>  <a href=\"https:\/\/www.op.no\/5-36-1840245\" class=\"related-teaser has-image default-story-teaser article--c-eRUmMG article--c-eRUmMG-jKCPdD-design-default\" rel=\"nofollow noopener\" target=\"_blank\"><\/p>\n<p>    <img decoding=\"async\" loading=\"lazy\"  src=\"https:\/\/www.europesays.com\/no\/wp-content\/uploads\/2025\/12\/DSC_5471.jpg\" alt=\"\" class=\"brick-c-cFOWSL\" style=\"\"\/><\/p>\n<p>\n            Les ogs\u00e5<\/p>\n<p>              Var aldri i tvil: \u2013 Jeg ville til Stavern\n        <\/p>\n<p>  <\/a><\/p>\n<p>N\u00e5 skal Elisabeth Reffhaug v\u00e6re med p\u00e5 \u00e5 utvikle det som skal bli kombinasjonen av Larviks nye bypark og aktivitetsomr\u00e5de, sosial innovasjon og historisk attraksjon.<\/p>\n<p>  <a href=\"https:\/\/www.op.no\/5-36-1829846\" class=\"related-teaser has-image default-feature-teaser article--c-eRUmMG article--c-eRUmMG-jKCPdD-design-default\" rel=\"nofollow noopener\" target=\"_blank\"><\/p>\n<p>    <img decoding=\"async\" loading=\"lazy\"  src=\"https:\/\/www.europesays.com\/no\/wp-content\/uploads\/2025\/12\/IMG_4676.jpg\" alt=\"\" class=\"brick-c-cFOWSL\" style=\"\"\/><\/p>\n<p>\n            Les ogs\u00e5<\/p>\n<p>              \u2013 Da jeg s\u00e5 utlysningen, tenkte jeg: Oh holy!\n        <\/p>\n<p>  <\/a><br \/>\n  NOVEMBER<\/p>\n<p>L\u00f8rdag 8. november er det duket for Larvik kulturnatt, og n\u00e5 er programmet for \u00e5rets arrangement klart.<\/p>\n<p>  <a href=\"https:\/\/www.op.no\/5-36-1840102\" class=\"related-teaser has-image default-story-teaser article--c-eRUmMG article--c-eRUmMG-jKCPdD-design-default\" rel=\"nofollow noopener\" target=\"_blank\"><\/p>\n<p>    <img decoding=\"async\" loading=\"lazy\"  src=\"https:\/\/www.europesays.com\/no\/wp-content\/uploads\/2025\/12\/5_36_1569090+Skjermbilde+2024+03+14+130807.jpg\" alt=\"\" class=\"brick-c-cFOWSL\" style=\"\"\/><\/p>\n<p>\n            Les ogs\u00e5<\/p>\n<p>              N\u00e5 er \u00e5rets program klart: \u2013 Skal rykkes ut av hverdagen\n        <\/p>\n<p>  <\/a><\/p>\n<p>Da Aon Raza Naqvi gikk p\u00e5 videreg\u00e5ende i Larvik, skrev han ut sine frustrasjoner i skoleavisa. Han skriver fortsatt, og n\u00e5 er debutboka hans nominert til Brageprisen.<\/p>\n<p>  <a href=\"https:\/\/www.op.no\/5-36-1844760\" class=\"related-teaser has-image default-story-teaser article--c-eRUmMG article--c-eRUmMG-jKCPdD-design-default\" rel=\"nofollow noopener\" target=\"_blank\"><\/p>\n<p>    <img decoding=\"async\" loading=\"lazy\"  src=\"https:\/\/www.europesays.com\/no\/wp-content\/uploads\/2025\/12\/Aon+portrett+h%C3%B8yde.jpg\" alt=\"\" class=\"brick-c-cFOWSL\" style=\"\"\/><\/p>\n<p>\n            Les ogs\u00e5<\/p>\n<p>              Nominert til gjev pris: \u2013 Jeg kjente meg som en outsider\n        <\/p>\n<p>  <\/a><\/p>\n<p>For at flere larvikinger skal kunne benytte seg av underholdningstilbudet, innf\u00f8res n\u00e5 et helt nytt konsept.<\/p>\n<p>  <a href=\"https:\/\/www.op.no\/5-36-1847483\" class=\"related-teaser has-image default-story-teaser article--c-eRUmMG article--c-eRUmMG-jKCPdD-design-default\" rel=\"nofollow noopener\" target=\"_blank\"><\/p>\n<p>    <img decoding=\"async\" loading=\"lazy\"  src=\"https:\/\/www.europesays.com\/no\/wp-content\/uploads\/2025\/12\/kino+hoved.jpg\" alt=\"\" class=\"brick-c-cFOWSL\" style=\"\"\/><\/p>\n<p>\n            Les ogs\u00e5<\/p>\n<p>              Nytt konsept: \u2013 N\u00e5 kan flere f\u00f8le seg hjemme\n        <\/p>\n<p>  <\/a><\/p>\n<p>Ole B\u00f8rud (48), kjent fra \u00abB\u00f8rud-Gjengen\u00bb, \u00abStjernekamp\u00bb og flere musikalske prosjekter, er aktuell med ny plate og turn\u00e9 i Norge f\u00f8r han drar til Japan \u2013 denne gangen med hele familien fra Stavern.<\/p>\n<p>  <a href=\"https:\/\/www.op.no\/5-36-1849161\" class=\"related-teaser has-image default-feature-teaser article--c-eRUmMG article--c-eRUmMG-jKCPdD-design-default\" rel=\"nofollow noopener\" target=\"_blank\"><\/p>\n<p>    <img decoding=\"async\" loading=\"lazy\"  src=\"https:\/\/www.europesays.com\/no\/wp-content\/uploads\/2025\/12\/RD+VEGG+FARGER.jpeg\" alt=\"\" class=\"brick-c-cFOWSL\" style=\"\"\/><\/p>\n<p>\n            Les ogs\u00e5<\/p>\n<p>              Tar med seg familien til Japan: \u2013 Ikke veldig r\u00f8lpete, for \u00e5 si det s\u00e5nn\n        <\/p>\n<p>  <\/a><\/p>\n<p>Per Joar Spydevold holder orden p\u00e5 Amfi Larvik om dagen \u2013 og slipper m\u00f8rket l\u00f8s om natta. Som frontfigur i Kampfar og bookingsjef for Spetakkelfestivalen har han satt Larvik p\u00e5 metal-kartet.<\/p>\n<p>  <a href=\"https:\/\/www.op.no\/5-36-1839500\" class=\"related-teaser has-image default-story-teaser article--c-eRUmMG article--c-eRUmMG-jKCPdD-design-default\" rel=\"nofollow noopener\" target=\"_blank\"><\/p>\n<p>    <img decoding=\"async\" loading=\"lazy\"  src=\"https:\/\/www.europesays.com\/no\/wp-content\/uploads\/2025\/12\/IMG_9887.jpg\" alt=\"\" class=\"brick-c-cFOWSL\" style=\"\"\/><\/p>\n<p>\n            Les ogs\u00e5<\/p>\n<p>              \u2013 Det f\u00e5r dere aldri til, sa folk. N\u00e5 blir det spetakkel igjen.\n        <\/p>\n<p>  <\/a><\/p>\n<p>Jotron Arena ble fylt av rockere og metalheads, under \u00e5rets utgave av Spetakkelfestivalen.<\/p>\n<p>  <a href=\"https:\/\/www.op.no\/5-36-1848692\" class=\"related-teaser has-image default-gallery-teaser article--c-eRUmMG article--c-eRUmMG-jKCPdD-design-default\" rel=\"nofollow noopener\" target=\"_blank\"><\/p>\n<p>    <img decoding=\"async\" loading=\"lazy\"  src=\"https:\/\/www.europesays.com\/no\/wp-content\/uploads\/2025\/12\/0Q9A9516.JPG\" alt=\"\" class=\"brick-c-cFOWSL\" style=\"\"\/><\/p>\n<p>\n            Bildeserie<\/p>\n<p>              Se hvem som var p\u00e5 Spetakkelfestivalen\n        <\/p>\n<p>  <\/a><br \/>\n  DESEMBER<\/p>\n<p>Hver m\u00e5ned arrangerer \u00d8stlands-Posten, Skagerak Energi og Larvik mikrobryggeri pubsamtaler med kjente mennesker. I desember var det Gyda Oddekalv som var gjest, og hvis du ikke fikk det med deg, har du sjansen n\u00e5.<\/p>\n<p>  <a href=\"https:\/\/www.op.no\/5-36-1856970\" class=\"related-teaser has-image default-story-teaser article--c-eRUmMG article--c-eRUmMG-jKCPdD-design-default\" rel=\"nofollow noopener\" target=\"_blank\"><\/p>\n<p>    <img decoding=\"async\" loading=\"lazy\"  src=\"https:\/\/www.europesays.com\/no\/wp-content\/uploads\/2025\/12\/image_3D6457A4-205C-4D1A-BE7C-F6B16D095DBC_1764612782.jpg\" alt=\"\" class=\"brick-c-cFOWSL\" style=\"\"\/><\/p>\n<p>\n            Les ogs\u00e5<\/p>\n<p>              H\u00f8r podkasten fra pubm\u00f8te i Larvik: \u2013 Men jeg m\u00e5 sp\u00f8rre, ble jeg egentlig kastet ut fra det radiostudioet?\n        <\/p>\n<p>  <\/a><\/p>\n<p>Mens publikum fyller opp storsalen p\u00e5 B\u00f8lgen og gj\u00f8r seg klare for Studio Nilles juleforestilling \u00abDesember\u00bb, utspiller det seg et helt eget show backstage. \u00d8P ble med:<\/p>\n<p>  <a href=\"https:\/\/www.op.no\/5-36-1854323\" class=\"related-teaser has-image default-story-teaser article--c-eRUmMG article--c-eRUmMG-jKCPdD-design-default\" rel=\"nofollow noopener\" target=\"_blank\"><\/p>\n<p>    <img decoding=\"async\" loading=\"lazy\"  src=\"https:\/\/www.europesays.com\/no\/wp-content\/uploads\/2025\/12\/IMG_3138.jpeg\" alt=\"\" class=\"brick-c-cFOWSL\" style=\"\"\/><\/p>\n<p>\n            Les ogs\u00e5<\/p>\n<p>              Solfrid (14) tar deg med backstage: \u2013 Det er helt kaos\n        <\/p>\n<p>  <\/a><\/p>\n<p>N\u00e5r Studio Nille skal sette opp sin tradisjonelle juleforestilling, er det med utallige dugnadstimer i ryggen. Ikke minst fra gjengen som ordner med kulisser og kostymer.<\/p>\n<p>  <a href=\"https:\/\/www.op.no\/5-36-1849435\" class=\"related-teaser has-image default-story-teaser article--c-eRUmMG article--c-eRUmMG-jKCPdD-design-default\" rel=\"nofollow noopener\" target=\"_blank\"><\/p>\n<p>    <img decoding=\"async\" loading=\"lazy\"  src=\"https:\/\/www.europesays.com\/no\/wp-content\/uploads\/2025\/12\/IMG_3211.jpg\" alt=\"\" class=\"brick-c-cFOWSL\" style=\"\"\/><\/p>\n<p>\n            Les ogs\u00e5<\/p>\n<p>              Klart for \u00e5rets h\u00f8ydepunkt: \u2013 I \u00e5r har vi smilegaranti\n        <\/p>\n<p>  <\/a><\/p>\n<p>Interessert i musikk? Da m\u00e5 du f\u00e5 med v\u00e5r nye, faste spalte. Velkommen til \u00abLytt p\u00e5 nytt med Kristian\u00bb!<\/p>\n<p>  <a href=\"https:\/\/www.op.no\/5-36-1855120\" class=\"related-teaser has-image default-opinion-teaser article--c-eRUmMG article--c-eRUmMG-jKCPdD-design-default\" rel=\"nofollow noopener\" target=\"_blank\"><\/p>\n<p>    <img decoding=\"async\" loading=\"lazy\"  src=\"https:\/\/www.europesays.com\/no\/wp-content\/uploads\/2025\/12\/1767194550_625_photo+%281%29.jpg\" alt=\"\" class=\"brick-c-cFOWSL\" style=\"\"\/><\/p>\n<p>\n            Les ogs\u00e5<\/p>\n<p>              Interessert i musikk? Da m\u00e5 du f\u00e5 med v\u00e5r nye, faste spalte\n        <\/p>\n<p>  <\/a><\/p>\n<p>  <a href=\"https:\/\/www.op.no\/5-36-1855245\" class=\"related-teaser has-image default-story-teaser article--c-eRUmMG article--c-eRUmMG-jKCPdD-design-default\" rel=\"nofollow noopener\" target=\"_blank\"><\/p>\n<p>    <img decoding=\"async\" loading=\"lazy\"  src=\"https:\/\/www.europesays.com\/no\/wp-content\/uploads\/2025\/12\/20_1.JPG\" alt=\"\" class=\"brick-c-cFOWSL\" style=\"\"\/><\/p>\n<p>\n            Les ogs\u00e5<\/p>\n<p>              \u2013 Opplevelsen traff meg s\u00e5pass hardt at jeg bestemte meg der og da\n        <\/p>\n<p>  <\/a><\/p>\n<p>  <a href=\"https:\/\/www.op.no\/5-36-1855239\" class=\"related-teaser has-image default-story-teaser article--c-eRUmMG article--c-eRUmMG-jKCPdD-design-default\" rel=\"nofollow noopener\" target=\"_blank\"><\/p>\n<p>    <img decoding=\"async\" loading=\"lazy\"  src=\"https:\/\/www.europesays.com\/no\/wp-content\/uploads\/2025\/12\/Stig+Storm+Correct.png\" alt=\"\" class=\"brick-c-cFOWSL\" style=\"\"\/><\/p>\n<p>\n            Les ogs\u00e5<\/p>\n<p>              Dette klarer han seg ikke uten: \u2013 Tok meg mange ti\u00e5r \u00e5 innr\u00f8mme\n        <\/p>\n<p>  <\/a><\/p>\n<p>Kommentarer fra sjefredakt\u00f8r Eirik Haugen:<\/p>\n<p>  <a href=\"https:\/\/www.op.no\/5-36-1790766\" class=\"related-teaser has-image default-opinion-teaser article--c-eRUmMG article--c-eRUmMG-jKCPdD-design-default\" rel=\"nofollow noopener\" target=\"_blank\"><\/p>\n<p>    <img decoding=\"async\" loading=\"lazy\"  src=\"https:\/\/www.europesays.com\/no\/wp-content\/uploads\/2025\/12\/IMG_9076.jpg\" alt=\"\" class=\"brick-c-cFOWSL\" style=\"\"\/><\/p>\n<p>\n            Les ogs\u00e5<\/p>\n<p>              De fortjener st\u00f8tten v\u00e5r\n        <\/p>\n<p>  <\/a><\/p>\n<p>  <a href=\"https:\/\/www.op.no\/5-36-1845775\" class=\"related-teaser has-image default-opinion-teaser article--c-eRUmMG article--c-eRUmMG-jKCPdD-design-default\" rel=\"nofollow noopener\" target=\"_blank\"><\/p>\n<p>    <img decoding=\"async\" loading=\"lazy\"  src=\"https:\/\/www.europesays.com\/no\/wp-content\/uploads\/2025\/12\/IMG_0539.jpg\" alt=\"\" class=\"brick-c-cFOWSL\" style=\"\"\/><\/p>\n<p>\n            Les ogs\u00e5<\/p>\n<p>              Takk og pris for at Kulturnatta overlevde\n        <\/p>\n<p>  <\/a><\/p>\n<p>  <a href=\"https:\/\/www.op.no\/5-36-1840637\" class=\"related-teaser has-image default-opinion-teaser article--c-eRUmMG article--c-eRUmMG-jKCPdD-design-default\" rel=\"nofollow noopener\" target=\"_blank\"><\/p>\n<p>    <img decoding=\"async\" loading=\"lazy\"  src=\"https:\/\/www.europesays.com\/no\/wp-content\/uploads\/2025\/12\/Trebilder.jpg\" alt=\"\" class=\"brick-c-cFOWSL\" style=\"\"\/><\/p>\n<p>\n            Les ogs\u00e5<\/p>\n<p>              Viktig melding: Lytt til Hedda, Kristian og Ole\n        <\/p>\n<p>  <\/a><\/p>\n","protected":false},"excerpt":{"rendered":"Lenger ned i saken kan du se et utvalg kultursaker fra \u00d8P fra 2025! \u2013 Jeg har aller&hellip;\n","protected":false},"author":2,"featured_media":125606,"comment_status":"","ping_status":"","sticky":false,"template":"","format":"standard","meta":{"footnotes":""},"categories":[58],"tags":[6518,14790,36,71,1839,410,113,30,28,29,14,72],"class_list":{"0":"post-125605","1":"post","2":"type-post","3":"status-publish","4":"format-standard","5":"has-post-thumbnail","7":"category-underholdning","8":"tag-6518","9":"tag-arskavalkade-2025","10":"tag-art","11":"tag-entertainment","12":"tag-feature","13":"tag-kultur","14":"tag-larvik","15":"tag-no","16":"tag-norge","17":"tag-norway","18":"tag-nyheter","19":"tag-underholdning"},"share_on_mastodon":{"url":"https:\/\/pubeurope.com\/@no\/115814868769557762","error":""},"_links":{"self":[{"href":"https:\/\/www.europesays.com\/no\/wp-json\/wp\/v2\/posts\/125605","targetHints":{"allow":["GET"]}}],"collection":[{"href":"https:\/\/www.europesays.com\/no\/wp-json\/wp\/v2\/posts"}],"about":[{"href":"https:\/\/www.europesays.com\/no\/wp-json\/wp\/v2\/types\/post"}],"author":[{"embeddable":true,"href":"https:\/\/www.europesays.com\/no\/wp-json\/wp\/v2\/users\/2"}],"replies":[{"embeddable":true,"href":"https:\/\/www.europesays.com\/no\/wp-json\/wp\/v2\/comments?post=125605"}],"version-history":[{"count":0,"href":"https:\/\/www.europesays.com\/no\/wp-json\/wp\/v2\/posts\/125605\/revisions"}],"wp:featuredmedia":[{"embeddable":true,"href":"https:\/\/www.europesays.com\/no\/wp-json\/wp\/v2\/media\/125606"}],"wp:attachment":[{"href":"https:\/\/www.europesays.com\/no\/wp-json\/wp\/v2\/media?parent=125605"}],"wp:term":[{"taxonomy":"category","embeddable":true,"href":"https:\/\/www.europesays.com\/no\/wp-json\/wp\/v2\/categories?post=125605"},{"taxonomy":"post_tag","embeddable":true,"href":"https:\/\/www.europesays.com\/no\/wp-json\/wp\/v2\/tags?post=125605"}],"curies":[{"name":"wp","href":"https:\/\/api.w.org\/{rel}","templated":true}]}}