{"id":125609,"date":"2025-12-31T15:26:07","date_gmt":"2025-12-31T15:26:07","guid":{"rendered":"https:\/\/www.europesays.com\/no\/125609\/"},"modified":"2025-12-31T15:26:07","modified_gmt":"2025-12-31T15:26:07","slug":"nyheter-lofoten-fiskebat-skal-vaere-i-ferd-med-a-synke-i-lofoten","status":"publish","type":"post","link":"https:\/\/www.europesays.com\/no\/125609\/","title":{"rendered":"Nyheter, Lofoten | Fiskeb\u00e5t skal v\u00e6re i ferd med \u00e5 synke i Lofoten"},"content":{"rendered":"\n<p>Det melder politiet i Nordland.<\/p>\n<p>Brannvesenet var klokken 15.22 p\u00e5 vei til stedet.<\/p>\n<p>B\u00e5ten ligger fort\u00f8yd og har f\u00e5tt slagside.<\/p>\n<p>Det er snakk om en treb\u00e5t.<\/p>\n<p>\u2013 Politiet oppfordrer b\u00e5teiere \u00e5 sjekke sine fart\u00f8yer etter den siste tidens uv\u00e6r som har v\u00e6rt, melder operasjonsleder Thomas Jarn\u00e6s Coe.<\/p>\n<p>Det skal v\u00e6re en tungt lastet b\u00e5t.<\/p>\n<p>&#8211; Eier er varslet av brannvesenet og bedt om \u00e5 gj\u00f8re tiltak, opplyser Coe. <\/p>\n","protected":false},"excerpt":{"rendered":"Det melder politiet i Nordland. Brannvesenet var klokken 15.22 p\u00e5 vei til stedet. B\u00e5ten ligger fort\u00f8yd og har&hellip;\n","protected":false},"author":2,"featured_media":4285,"comment_status":"","ping_status":"","sticky":false,"template":"","format":"standard","meta":{"footnotes":""},"categories":[10],"tags":[36,20,21,24,25,15,22,23,803,13,30,28,29,14,16,468,1510,26,27],"class_list":{"0":"post-125609","1":"post","2":"type-post","3":"status-publish","4":"format-standard","5":"has-post-thumbnail","7":"category-norge","8":"tag-art","9":"tag-breaking-news","10":"tag-breakingnews","11":"tag-featured-news","12":"tag-featurednews","13":"tag-headlines","14":"tag-latest-news","15":"tag-latestnews","16":"tag-lofoten","17":"tag-news","18":"tag-no","19":"tag-norge","20":"tag-norway","21":"tag-nyheter","22":"tag-overskrifter","23":"tag-politiet","24":"tag-story","25":"tag-top-stories","26":"tag-topstories"},"share_on_mastodon":{"url":"https:\/\/pubeurope.com\/@no\/115814883853860429","error":""},"_links":{"self":[{"href":"https:\/\/www.europesays.com\/no\/wp-json\/wp\/v2\/posts\/125609","targetHints":{"allow":["GET"]}}],"collection":[{"href":"https:\/\/www.europesays.com\/no\/wp-json\/wp\/v2\/posts"}],"about":[{"href":"https:\/\/www.europesays.com\/no\/wp-json\/wp\/v2\/types\/post"}],"author":[{"embeddable":true,"href":"https:\/\/www.europesays.com\/no\/wp-json\/wp\/v2\/users\/2"}],"replies":[{"embeddable":true,"href":"https:\/\/www.europesays.com\/no\/wp-json\/wp\/v2\/comments?post=125609"}],"version-history":[{"count":0,"href":"https:\/\/www.europesays.com\/no\/wp-json\/wp\/v2\/posts\/125609\/revisions"}],"wp:featuredmedia":[{"embeddable":true,"href":"https:\/\/www.europesays.com\/no\/wp-json\/wp\/v2\/media\/4285"}],"wp:attachment":[{"href":"https:\/\/www.europesays.com\/no\/wp-json\/wp\/v2\/media?parent=125609"}],"wp:term":[{"taxonomy":"category","embeddable":true,"href":"https:\/\/www.europesays.com\/no\/wp-json\/wp\/v2\/categories?post=125609"},{"taxonomy":"post_tag","embeddable":true,"href":"https:\/\/www.europesays.com\/no\/wp-json\/wp\/v2\/tags?post=125609"}],"curies":[{"name":"wp","href":"https:\/\/api.w.org\/{rel}","templated":true}]}}