{"id":125618,"date":"2025-12-31T15:42:24","date_gmt":"2025-12-31T15:42:24","guid":{"rendered":"https:\/\/www.europesays.com\/no\/125618\/"},"modified":"2025-12-31T15:42:24","modified_gmt":"2025-12-31T15:42:24","slug":"ola-hoftun-lillelien-og-jonathan-hoiland-skal-bli-foreldre-nrk-buskerud-lokale-nyheter-tv-og-radio","status":"publish","type":"post","link":"https:\/\/www.europesays.com\/no\/125618\/","title":{"rendered":"Ola Hoftun Lillelien og Jonathan H\u00f8iland skal bli foreldre \u2013 NRK Buskerud \u2013 Lokale nyheter, TV og radio"},"content":{"rendered":"<p>P\u00e5 \u00e5rets nest siste dag fortalte h\u00e5ndballspiller Ola Hoftun Lillelien og samboeren Jonathan H\u00f8iland p\u00e5 Facebook at de skal bli foreldre.<\/p>\n<p>Det har v\u00e6rt en lang reise.<\/p>\n<p><strong>\u2013 Det har v\u00e6rt sparing i mange \u00e5r, og samboeren min har l\u00e6rt meg viktigheten av det, og s\u00e5 har vi v\u00e6rt heldige med investeringer og salg, sier Lillelien til NRK<\/strong><\/p>\n<p>Inspirert av kongen<\/p>\n<p>Drammen-spilleren <a href=\"https:\/\/www.nrk.no\/sport\/handballspelar-ola-lillelien-fra-drammen-kom-ut-av-skapet-_-na-har-han-gitt-opp-barndomsdraumen-1.16943002\" ec-id=\"pp:article:1.16943002\" ec-name=\"sto i 2022 fram som homofil\" rel=\"nofollow noopener\" target=\"_blank\">sto i 2022 fram som homofil<\/a>, som den f\u00f8rste mannlige toppidrettsut\u00f8veren i Norge.<\/p>\n<p>Han ble inspirert av en tale kong Harald holdt i Slottsparken:<\/p>\n<p>\u00abNordmenn er enslige, skilte, barnefamilier og gamle ektepar. Nordmenn er jenter som er glad i jenter, gutter som er glad i gutter, og jenter og gutter som er glad i hverandre.\u00bb<\/p>\n<p><strong>Det fikk Lillelien til \u00e5 fortelle familien at han ikke kom til \u00e5 komme hjem med ei s\u00f8t jente, men en kjekk gutt.<\/strong><\/p>\n<p>Og den kjekke gutten ble advokat, og tidligere \u00abFarmen\u00bb-deltaker, Jonathan H\u00f8iland.<\/p>\n<p>Koster \u00e9n million<\/p>\n<p>Paret satser p\u00e5 \u00e5 g\u00e5 videre med surrogatiprosessen i f\u00f8rste halvdel av 2026, og s\u00e5 vil det ta den tida det tar.<\/p>\n<p>De har brukt langt tid p\u00e5 \u00e5 gj\u00f8re forarbeid, og forteller at det b\u00e5de er dyrt og komplisert for et homofilt par \u00e5 f\u00e5 barn gjennom surrogati.<\/p>\n<p>\u2013 Det er ogs\u00e5 et etisk dilemma, og en tematikk som engasjerer mennesker b\u00e5de positivt og negativt. Men v\u00e5re n\u00e6rmeste er veldig positive.<\/p>\n<p>Lillelien sier de regner med \u00e5 bruke minst \u00e9n million kroner.<\/p>\n<p>Men at det vil v\u00e6re verdt det.<\/p>\n<p>Har f\u00e5tt en plattform<\/p>\n<p>\u2013 Du har v\u00e6rt \u00e5pen om s\u00e5 mye tidligere, er det viktig for dere \u00e5 v\u00e6re \u00e5pne ogs\u00e5 om dette?<\/p>\n<p>\u2013 Det er lite informasjon der ute, og det er vanskelig \u00e5 lese seg opp p\u00e5 ting. Vi har f\u00e5tt en plattform for \u00e5 v\u00e6re forbilder, og kan bane vei for andre som har den samme dr\u00f8mmen som vi har.<\/p>\n<p>Og den dr\u00f8mmen er de n\u00e5 ett steg n\u00e6rmere \u00e5 n\u00e5.<\/p>\n<p>Publisert<\/p>\n<p>30.12.2025, kl. 20.35<\/p>\n<p>Oppdatert<\/p>\n<p>30.12.2025, kl. 20.59<\/p>\n","protected":false},"excerpt":{"rendered":"P\u00e5 \u00e5rets nest siste dag fortalte h\u00e5ndballspiller Ola Hoftun Lillelien og samboeren Jonathan H\u00f8iland p\u00e5 Facebook at de&hellip;\n","protected":false},"author":2,"featured_media":125619,"comment_status":"","ping_status":"","sticky":false,"template":"","format":"standard","meta":{"footnotes":""},"categories":[10],"tags":[20,21,24,25,15,22,23,13,30,28,29,14,16,26,27],"class_list":{"0":"post-125618","1":"post","2":"type-post","3":"status-publish","4":"format-standard","5":"has-post-thumbnail","7":"category-norge","8":"tag-breaking-news","9":"tag-breakingnews","10":"tag-featured-news","11":"tag-featurednews","12":"tag-headlines","13":"tag-latest-news","14":"tag-latestnews","15":"tag-news","16":"tag-no","17":"tag-norge","18":"tag-norway","19":"tag-nyheter","20":"tag-overskrifter","21":"tag-top-stories","22":"tag-topstories"},"share_on_mastodon":{"url":"https:\/\/pubeurope.com\/@no\/115814946933498343","error":""},"_links":{"self":[{"href":"https:\/\/www.europesays.com\/no\/wp-json\/wp\/v2\/posts\/125618","targetHints":{"allow":["GET"]}}],"collection":[{"href":"https:\/\/www.europesays.com\/no\/wp-json\/wp\/v2\/posts"}],"about":[{"href":"https:\/\/www.europesays.com\/no\/wp-json\/wp\/v2\/types\/post"}],"author":[{"embeddable":true,"href":"https:\/\/www.europesays.com\/no\/wp-json\/wp\/v2\/users\/2"}],"replies":[{"embeddable":true,"href":"https:\/\/www.europesays.com\/no\/wp-json\/wp\/v2\/comments?post=125618"}],"version-history":[{"count":0,"href":"https:\/\/www.europesays.com\/no\/wp-json\/wp\/v2\/posts\/125618\/revisions"}],"wp:featuredmedia":[{"embeddable":true,"href":"https:\/\/www.europesays.com\/no\/wp-json\/wp\/v2\/media\/125619"}],"wp:attachment":[{"href":"https:\/\/www.europesays.com\/no\/wp-json\/wp\/v2\/media?parent=125618"}],"wp:term":[{"taxonomy":"category","embeddable":true,"href":"https:\/\/www.europesays.com\/no\/wp-json\/wp\/v2\/categories?post=125618"},{"taxonomy":"post_tag","embeddable":true,"href":"https:\/\/www.europesays.com\/no\/wp-json\/wp\/v2\/tags?post=125618"}],"curies":[{"name":"wp","href":"https:\/\/api.w.org\/{rel}","templated":true}]}}