{"id":125642,"date":"2025-12-31T16:12:10","date_gmt":"2025-12-31T16:12:10","guid":{"rendered":"https:\/\/www.europesays.com\/no\/125642\/"},"modified":"2025-12-31T16:12:10","modified_gmt":"2025-12-31T16:12:10","slug":"i-dag-kan-du-skylde-pa-deg-selv","status":"publish","type":"post","link":"https:\/\/www.europesays.com\/no\/125642\/","title":{"rendered":"\u2013 I dag kan du skylde p\u00e5 deg selv"},"content":{"rendered":"\n<p class=\"_lead_o9xde_2 _lead_xtcu6_50 layout-component text-serif-m layout-normal text-serif-l layout-component layout-wide layout-padded _wide_17hqh_1 layout-padded\">Johannes H\u00f8sflot Kl\u00e6bo var misforn\u00f8yd med Federico Pellegrino i 5-kilometeren p\u00e5 nytt\u00e5rsaften. Det har han ingen grunn til, if\u00f8lge Viaplay-eksperten Mikael Gunnulfsen. <\/p>\n<p><img alt=\"Johannes H\u00f8sflot Kl\u00e6bo. Foto: MAXIM THORE \/ Bildbyr\u00e5n\" class=\"_image_qp4xg_65 layout-component layout-wide\" data-fullscreen- data-track-element-type=\"Article image fullscreen\" data-track-name=\"ImageFullscreen\" fetchpriority=\"high\" decoding=\"sync\" loading=\"eager\" height=\"4000\" itemprop=\"image\"  src=\"https:\/\/www.europesays.com\/no\/wp-content\/uploads\/2025\/12\/6c99e754-6991-4350-b695-67bbca388b16.jpeg\"  style=\"object-position:0% 0%\" width=\"6000\"\/>Johannes H\u00f8sflot Kl\u00e6bo. Foto: MAXIM THORE \/ Bildbyr\u00e5n<\/p>\n<ul aria-hidden=\"true\" class=\"_images_ntbth_112\">\n<li><a class=\"_link_ntbth_117\" href=\"https:\/\/www.vg.no\/forfatter\/herman-folvik\" style=\"z-index:2\" title=\"Herman Folvik\" rel=\"nofollow noopener\" target=\"_blank\"><img alt=\"Bilde av Herman Folvik\" class=\"_image_ntbth_93\" fetchpriority=\"low\" loading=\"lazy\" decoding=\"async\" itemprop=\"image\"  src=\"https:\/\/www.europesays.com\/no\/wp-content\/uploads\/2025\/12\/1767197528_130_b8d5eb91-9fa9-460c-b9f0-da310ffe35dd.png\"  width=\"480\"\/><\/a><\/li>\n<li><a class=\"_link_ntbth_117\" href=\"https:\/\/www.vg.no\/forfatter\/mikal-aaserud\" style=\"z-index:1\" title=\"Mikal Emil Aaserud\" rel=\"nofollow noopener\" target=\"_blank\"><img alt=\"Bilde av Mikal Emil Aaserud\" class=\"_image_ntbth_93\" fetchpriority=\"low\" loading=\"lazy\" decoding=\"async\" itemprop=\"image\"  src=\"https:\/\/www.europesays.com\/no\/wp-content\/uploads\/2025\/12\/1767197529_284_1f4bb18c-b7b1-46ba-9b49-79ae6afd7bbd.jpeg\"  width=\"480\"\/><\/a><\/li>\n<\/ul>\n<p>Toblach, Italia  Oppdatert onsdag 31. desember kl. 17:11    <\/p>\n<ul class=\"_list_o9xde_3 _list_64s2r_85 _unordered_o9xde_106 text-sans-m\">\n<li class=\"_item_o9xde_30\">Johannes H\u00f8sflot Kl\u00e6bo var misforn\u00f8yd over samarbeidet i sitt heat under 5-kilometeren p\u00e5 nytt\u00e5rsaften.<\/li>\n<li class=\"_item_o9xde_30\">Viaplay-ekspert Mikael Gunnulfsen mener Kl\u00e6bo b\u00f8r skylde p\u00e5 seg selv for 12. plassen.<\/li>\n<li class=\"_item_o9xde_30\">Gus Schumacher vant l\u00f8pet \u2013 Kl\u00e6bo leder fortsatt Tour de Ski sammenlagt.<\/li>\n<\/ul>\n<p>Vis mer <\/p>\n<p class=\"_paragraph_o9xde_4 _paragraph_xtcu6_10 layout-component text-serif-m layout-normal text-serif-m layout-padded\">Den nye \u00f8velsen 5 kilometer sk\u00f8yting med fire heat av 20\u201325 l\u00f8pere under Tour de Ski ble heftig debattert b\u00e5de f\u00f8r og etter ildd\u00e5pen nytt\u00e5rsaften.<\/p>\n<p class=\"_paragraph_o9xde_4 _paragraph_xtcu6_10 layout-component text-serif-m layout-normal text-serif-m layout-padded\"><a href=\"https:\/\/www.vg.no\/sport\/i\/k0JPKa\/full-splid-om-ny-oevelse-etter-amerikansk-seier-ser-ikke-poenget\" data-track-element-type=\"Link\" data-track-id=\"link:k0JPKa\" class=\"_link_o9xde_39\" rel=\"nofollow noopener\" target=\"_blank\">Gus Schumacher vant l\u00f8pet<\/a> foran Benjamin Moser og Lars Heggen. Trioen gikk i heat 2 og trakk frem det gode samarbeidet dem imellom underveis i l\u00f8pet som en n\u00f8kkelfaktor.<\/p>\n<p>Resultater 5 km sk\u00f8yting i Toblach<\/p>\n<ol class=\"_list_o9xde_3 _list_xtcu6_9 _list_16v91_9 _ordered_o9xde_79 layout-component text-serif-m layout-normal text-sans-m layout-padded\">\n<li class=\"_item_o9xde_30\">Gus Schumacher<\/li>\n<li class=\"_item_o9xde_30\">Benjamin Moser<\/li>\n<li class=\"_item_o9xde_30\">Lars Heggen<\/li>\n<li class=\"_item_o9xde_30\">Jules Chappaz<\/li>\n<li class=\"_item_o9xde_30\">James Clugnet<\/li>\n<li class=\"_item_o9xde_30\">Michal Novak<\/li>\n<li class=\"_item_o9xde_30\">Niio Moilanen<\/li>\n<li class=\"_item_o9xde_30\">Emil Iversen<\/li>\n<li class=\"_item_o9xde_30\">Andreas Fjorden Ree<\/li>\n<li class=\"_item_o9xde_30\">Richard Jouve<\/li>\n<li class=\"_item_o9xde_30\">Antoine Cyr<\/li>\n<li class=\"_item_o9xde_30\">Johannes H\u00f8sflot Kl\u00e6bo<\/li>\n<li class=\"_item_o9xde_30\">Xavier Mckveer<\/li>\n<li class=\"_item_o9xde_30\">Max Hollmann<\/li>\n<li class=\"_item_o9xde_30\">Mattis Stenshagen<\/li>\n<li class=\"_item_o9xde_30\">Federico Pellegrino<\/li>\n<li class=\"_item_o9xde_30\">Harald \u00d8stberg Amundsen<\/li>\n<li class=\"_item_o9xde_30\">Tobias Ganger<\/li>\n<li class=\"_item_o9xde_30\">Elia Barp<\/li>\n<li class=\"_item_o9xde_30\">Ben Ogden<\/li>\n<\/ol>\n<p>Vis mer<\/p>\n<p class=\"_paragraph_o9xde_4 _paragraph_xtcu6_10 layout-component text-serif-m layout-normal text-serif-m layout-padded\">Storfavoritt Johannes H\u00f8sflot Kl\u00e6bo kom f\u00f8rst i m\u00e5l i sitt heat, men skuffet likevel med en 12. plass. Etterp\u00e5 var han tydelig oppgitt over italienske <a href=\"https:\/\/www.vg.no\/tag\/federico-pellegrino?utm_source=vg-article&amp;utm_medium=auto-tagger&amp;utm_campaign=pBLOxX\" class=\"_link_o9xde_39\" rel=\"nofollow noopener\" target=\"_blank\">Federico Pellegrino<\/a> som tok f\u00f8ringen mot slutten av l\u00f8pet.<\/p>\n<p class=\"_paragraph_o9xde_4 _paragraph_xtcu6_10 layout-component text-serif-m layout-normal text-serif-m layout-padded\">\u2013 Det er Pellegrino som g\u00e5r f\u00f8rst og skal g\u00e5 et lurel\u00f8p, sier Kl\u00e6bo til Viaplay.<\/p>\n<p class=\"_paragraph_o9xde_4 _paragraph_xtcu6_10 layout-component text-serif-m layout-normal text-serif-m layout-padded\">\u2013 Det er noen som kommer opp, tar f\u00f8ringen og tenker mer p\u00e5 \u00e5 komme f\u00f8rst i m\u00e5l enn \u00e5 holde oppe farten. Da taper vi 5\u20136 sekunder, sier Kl\u00e6bo til VG og sikter til Pellegrino.<\/p>\n<p class=\"_paragraph_o9xde_4 _paragraph_xtcu6_10 layout-component text-serif-m layout-normal text-serif-m layout-padded\">\u2013 Hadde du pratet med ham f\u00f8r l\u00f8pet?<\/p>\n<p class=\"_paragraph_o9xde_4 _paragraph_xtcu6_10 layout-component text-serif-m layout-normal text-serif-m layout-padded\">\u2013 Nei, jeg hadde ikke pratet med ham. Jeg pratet med Mattis Stenshagen. Vi hadde en god strategi og byttet p\u00e5 \u00e5 dra. Men i nedoverbakken kommer folk forbi. <\/p>\n<p> <img alt=\"Pellegrino og Kl\u00e6bo har konkurrert mot hverandre i \u00e5revis. I h\u00f8st var de p\u00e5 en sportskonferanse sammen i Italia.   Foto: PTreno Sports Festival\" class=\"_image_qp4xg_65 layout-component layout-normal\" data-fullscreen- data-track-element-type=\"Article image fullscreen\" data-track-name=\"ImageFullscreen\" decoding=\"async\" loading=\"lazy\" height=\"1868\" itemprop=\"image\"  src=\"https:\/\/www.europesays.com\/no\/wp-content\/uploads\/2025\/12\/6ac934d8-e78e-400e-ad60-86c56668eb33.png\"  style=\"object-position:0% 0%\" width=\"2800\"\/>Pellegrino og Kl\u00e6bo har konkurrert mot hverandre i \u00e5revis. I h\u00f8st var de p\u00e5 en sportskonferanse sammen i Italia.   Foto: PTreno Sports Festival<\/p>\n<p class=\"_paragraph_o9xde_4 _paragraph_xtcu6_10 layout-component text-serif-m layout-normal text-serif-m layout-padded\">\u2013 Angrer du p\u00e5 at du ikke pratet med flere l\u00f8pere f\u00f8r start?<\/p>\n<p class=\"_paragraph_o9xde_4 _paragraph_xtcu6_10 layout-component text-serif-m layout-normal text-serif-m layout-padded\">\u2013 Nei, jeg snakket litt med Ben Ogden. Han tok en f\u00f8ring. Det er ikke vits \u00e5 snakke med alle. Du vil ikke ha alle der fremme, for da g\u00e5r farten ned. Hadde man v\u00e6rt 3\u20134 som bidro, burde det v\u00e6rt nok. Men da kan man ikke tenke p\u00e5 spurten, svarer Kl\u00e6bo.<\/p>\n<p class=\"_paragraph_o9xde_4 _paragraph_xtcu6_10 layout-component text-serif-m layout-normal text-serif-m layout-padded\">Stenshagen mener ogs\u00e5 at deres heat ikke hjalp hverandre nok. <\/p>\n<p class=\"_paragraph_o9xde_4 _paragraph_xtcu6_10 layout-component text-serif-m layout-normal text-serif-m layout-padded\">\u2013 N\u00e5r folk st\u00e5r og ser p\u00e5 hverandre, da g\u00e5r det ikke fort. Jeg vet ikke hva m\u00e5let til folk var, men det var i alle fall ikke \u00e5 g\u00e5 fort, sier Stenshagen, som ble nummer 15, til Viaplay.<\/p>\n<p class=\"_paragraph_o9xde_4 _paragraph_xtcu6_10 layout-component text-serif-m layout-normal text-serif-m layout-padded\">Mikael Gunnulfsen, tidligere langrennsl\u00f8per og gjest i Viaplay-studioet, kj\u00f8per ikke Kl\u00e6bos forklaring.<\/p>\n<p class=\"_paragraph_o9xde_4 _paragraph_xtcu6_10 layout-component text-serif-m layout-normal text-serif-m layout-padded\">\u2013 Det kan godt hende Pellegrino stopper litt p\u00e5 toppen av den siste bakken der, og at det er med p\u00e5 \u00e5 p\u00e5virke, men vi ser svart p\u00e5 hvitt faktisk at Kl\u00e6bo taper fem sekunder n\u00e5r han drar i den motbakken, s\u00e5 i dag s\u00e5 synes jeg du skal skylde p\u00e5 deg selv, Johannes, sier Gunnulfsen p\u00e5 Viaplay.<\/p>\n<p class=\"_paragraph_o9xde_4 _paragraph_xtcu6_10 layout-component text-serif-m layout-normal text-serif-m layout-padded\">\u2013 De ressursene Johannes viser nede p\u00e5 stadion, ved \u00e5 avgj\u00f8re det i sin fav\u00f8r, viser at han sannsynligvis har hatt krefter p\u00e5 lager som han kunne brukt tidligere. Hadde han g\u00e5tt fem sekunder fortere i den bakken s\u00e5 hadde kanskje heatet v\u00e6rt med og kjempet om seieren, men da hadde sannsynligvis ikke han vunnet heatet.<\/p>\n<p><img decoding=\"async\" alt=\"Bilde av Mikael Gunnulfsen\" class=\"_image_ygndg_42\" height=\"27\" itemprop=\"image\" loading=\"lazy\"  src=\"https:\/\/www.europesays.com\/no\/wp-content\/uploads\/2025\/12\/a5037b1e-1b2a-48a2-963e-828cd7f3194a.jpeg\"  width=\"40\"\/><strong class=\"_name_ygndg_51 title-serif-xs\">Mikael Gunnulfsen<\/strong><\/p>\n<p class=\"_paragraph_o9xde_4 text-sans-m _description_ygndg_56\">Tidligere langrennsl\u00f8per<\/p>\n<p class=\"_paragraph_o9xde_4 _paragraph_xtcu6_10 layout-component text-serif-m layout-normal text-serif-m layout-padded\">Han tror Kl\u00e6bo ble overrasket over sluttresultatet.<\/p>\n<p class=\"_paragraph_o9xde_4 _paragraph_xtcu6_10 layout-component text-serif-m layout-normal text-serif-m layout-padded\">\u2013 Jeg tror de har f\u00e5tt litt for gode sekunderinger, og han har tenkt at n\u00e5 skal jeg f\u00e5 en ny verdenscupseier, men s\u00e5 har han ikke tatt nok ansvar selv, sier Gunnulfsen.<\/p>\n<p class=\"_paragraph_o9xde_4 _paragraph_xtcu6_10 layout-component text-serif-m layout-normal text-serif-m layout-padded\">Pellegrino var ogs\u00e5 oppgitt etter m\u00e5lgang. <\/p>\n<p class=\"_paragraph_o9xde_4 _paragraph_xtcu6_10 layout-component text-serif-m layout-normal text-serif-m layout-padded\">\u2013 Leggene mine var bra og formen god. Men hodet var litt mindre med fordi jeg var ikke s\u00e5 entusiastisk for denne \u00f8velsen, men jeg pr\u00f8vde \u00e5 gj\u00f8re mitt beste, sier Pellegrino til VG.<\/p>\n<p class=\"_paragraph_o9xde_4 _paragraph_xtcu6_10 layout-component text-serif-m layout-normal text-serif-m layout-padded\">Ekspertkollega Marthe Kristoffersen mener ogs\u00e5 at Kl\u00e6bo og Stenshagen f\u00e5r takke seg selv.<\/p>\n<p class=\"_paragraph_o9xde_4 _paragraph_xtcu6_10 layout-component text-serif-m layout-normal text-serif-m layout-padded\">\u2013 N\u00e5r Kl\u00e6bo g\u00e5r 90 prosent, er han uansett vant til \u00e5 v\u00e6re best p\u00e5 slutten. Da kan det hende han sovnet litt, og s\u00e5 er det lett \u00e5 si etterp\u00e5 at det gikk sakte og at ingen samarbeidet og s\u00e5nne ting. Men Mattis og Johannes burde ha tatt mer ansvar, sier Kristoffersen.<\/p>\n<p class=\"_paragraph_o9xde_4 _paragraph_xtcu6_10 layout-component text-serif-m layout-normal text-serif-m layout-padded\">Kl\u00e6bo leder touren sammenlagt etter tre av seks etapper \u2013 45 sekunder ned til Lars Heggen og 57 sekunder til Harald \u00d8stberg Amundsen. Etappen nytt\u00e5rsaften gjorde sm\u00e5 utslag i totalen.<\/p>\n<p class=\"_paragraph_o9xde_4 _paragraph_xtcu6_10 layout-component text-serif-m layout-normal text-serif-m layout-padded\">\u2013 Det har ingen verdens betydning egentlig, sier Kl\u00e6bo om l\u00f8pet.<\/p>\n","protected":false},"excerpt":{"rendered":"Johannes H\u00f8sflot Kl\u00e6bo var misforn\u00f8yd med Federico Pellegrino i 5-kilometeren p\u00e5 nytt\u00e5rsaften. Det har han ingen grunn til,&hellip;\n","protected":false},"author":2,"featured_media":125643,"comment_status":"","ping_status":"","sticky":false,"template":"","format":"standard","meta":{"footnotes":""},"categories":[5],"tags":[20,21,24,25,9226,15,19,711,398,22,23,17,18,14792,14791,13,30,28,29,14,16,26,27,12662,399],"class_list":{"0":"post-125642","1":"post","2":"type-post","3":"status-publish","4":"format-standard","5":"has-post-thumbnail","7":"category-overskrifter","8":"tag-breaking-news","9":"tag-breakingnews","10":"tag-featured-news","11":"tag-featurednews","12":"tag-federico-pellegrino","13":"tag-headlines","14":"tag-hovedoppslag","15":"tag-johannes-hosflot-klaebo","16":"tag-langrenn","17":"tag-latest-news","18":"tag-latestnews","19":"tag-main-news","20":"tag-mainnews","21":"tag-marthe-kristoffersen","22":"tag-mikael-gunnulfsen","23":"tag-news","24":"tag-no","25":"tag-norge","26":"tag-norway","27":"tag-nyheter","28":"tag-overskrifter","29":"tag-top-stories","30":"tag-topstories","31":"tag-tour-de-ski","32":"tag-vintersport"},"share_on_mastodon":{"url":"https:\/\/pubeurope.com\/@no\/115815065148498182","error":""},"_links":{"self":[{"href":"https:\/\/www.europesays.com\/no\/wp-json\/wp\/v2\/posts\/125642","targetHints":{"allow":["GET"]}}],"collection":[{"href":"https:\/\/www.europesays.com\/no\/wp-json\/wp\/v2\/posts"}],"about":[{"href":"https:\/\/www.europesays.com\/no\/wp-json\/wp\/v2\/types\/post"}],"author":[{"embeddable":true,"href":"https:\/\/www.europesays.com\/no\/wp-json\/wp\/v2\/users\/2"}],"replies":[{"embeddable":true,"href":"https:\/\/www.europesays.com\/no\/wp-json\/wp\/v2\/comments?post=125642"}],"version-history":[{"count":0,"href":"https:\/\/www.europesays.com\/no\/wp-json\/wp\/v2\/posts\/125642\/revisions"}],"wp:featuredmedia":[{"embeddable":true,"href":"https:\/\/www.europesays.com\/no\/wp-json\/wp\/v2\/media\/125643"}],"wp:attachment":[{"href":"https:\/\/www.europesays.com\/no\/wp-json\/wp\/v2\/media?parent=125642"}],"wp:term":[{"taxonomy":"category","embeddable":true,"href":"https:\/\/www.europesays.com\/no\/wp-json\/wp\/v2\/categories?post=125642"},{"taxonomy":"post_tag","embeddable":true,"href":"https:\/\/www.europesays.com\/no\/wp-json\/wp\/v2\/tags?post=125642"}],"curies":[{"name":"wp","href":"https:\/\/api.w.org\/{rel}","templated":true}]}}