{"id":125644,"date":"2025-12-31T16:13:20","date_gmt":"2025-12-31T16:13:20","guid":{"rendered":"https:\/\/www.europesays.com\/no\/125644\/"},"modified":"2025-12-31T16:13:20","modified_gmt":"2025-12-31T16:13:20","slug":"dan-borge-akero-kollapset","status":"publish","type":"post","link":"https:\/\/www.europesays.com\/no\/125644\/","title":{"rendered":"Dan B\u00f8rge Aker\u00f8 kollapset"},"content":{"rendered":"<p>Presset mot brystkassa er s\u00e5 voldsomt at det svartner for \u00f8ynene hans. Er det s\u00e5nn det skal ende? Trinn for trinn jobber han seg oppover trappa, det er nyttel\u00f8st \u00e5 rope, stemmen vil ikke lystre.\u00a0<\/p>\n<p>Hvert fiber i kroppen forteller ham at han m\u00e5 komme seg opp i andre etasje der kona er. Det er bare hun som kan redde ham n\u00e5.\u00a0<\/p>\n<p> <a href=\"https:\/\/www.dagbladet.no\/pluss\/nyheter\" rel=\"nofollow noopener\" target=\"_blank\">Denne saken er laget av Dagbladet Pluss. Du kan lese flere saker fra Pluss her.<\/a> <\/p>\n<p>        FY FY: Dette er de vanligste tabbene nordmenn gj\u00f8r n\u00e5r de er p\u00e5 restaurant &#8211; sm\u00e5 grep gj\u00f8r en stor forskjell. <\/p>\n<p>Theatercafeen er festpyntet, og det er Dan B\u00f8rge Aker\u00f8 ogs\u00e5. Smokingjakke i m\u00f8rkegr\u00f8nn fl\u00f8yel, brystt\u00f8rkle i to nyanser lysere gr\u00f8nn. Kr\u00f8llene som en gang var knallr\u00f8de, matcher n\u00e5 b\u00e5de borduken og den hvite skjorta. P\u00e5 beina har han fornuftig fott\u00f8y.\u00a0<\/p>\n<p>&#8211; Jeg g\u00e5r ikke rundt i lakksko midt p\u00e5 vinteren, det er ikke \u00e5 anbefale for en som straks fyller 75 \u00e5r!\u00a0<\/p>\n<p>Han ler h\u00f8yt og hjertelig. Dan B\u00f8rge Aker\u00f8 er blid som ei sol, der han sitter blant andre festkledde mennesker p\u00e5 det tradisjonsrike etablissementet.\u00a0<\/p>\n<p>&#8211; Her har jeg hatt det mye moro, vi dro ofte hit etter sending, enten det var Dagsrevyen eller helgeunderholdning. Jeg levde et sv\u00e6rt aktivt og sosialt liv p\u00e5 80-tallet, og det ser jeg tilbake p\u00e5 med stor glede.\u00a0<\/p>\n<p>    <a itemprop=\"url\" href=\"https:\/\/dinside.dagbladet.no\/okonomi\/kraftige-prisokninger\/83986029\" rel=\"nofollow noopener\" target=\"_blank\"><\/p>\n<p>        <img loading=\"lazy\" decoding=\"async\" src=\"https:\/\/www.europesays.com\/no\/wp-content\/uploads\/2025\/12\/83986762.webp.webp\" width=\"980\" height=\"441\" title=\"- Dessverre\" alt=\"\" class=\"lazyload\" style=\"--aspect-ratio-image: 2.22; \"\/><\/p>\n<p>        &#8211; Dessverre<\/p>\n<p>    <\/a><\/p>\n<p>Han bestiller ribbesm\u00f8rbr\u00f8d og en pils.\u00a0<\/p>\n<p>Han kom til NRK etter noen \u00e5r som student ved Institutt for fredsforskning. I Dagsrevyen var han b\u00e5de programleder og reporter i inn- og utland.\u00a0<\/p>\n<p>&#8211; I 1985 var det sultkatastrofe i Etiopia, og rett f\u00f8r jeg dro for \u00e5 dekke den gikk det ut en melding om en ny NRK-satsing. Jeg slengte inn en s\u00f8knad, og tenkte ikke mer over det.\u00a0<\/p>\n<p>Etter tre lange uker med hjerteskj\u00e6rende reportasjer fra Afrika tikket det inn en teleks p\u00e5 hotellet i Addis Abeba: NRK-ledelsen \u00f8nsket ham hjertelig velkommen til \u00e5 pr\u00f8ve seg i underholdningsaavdelingen.\u00a0<\/p>\n<p>&#8211; Jeg husker jeg kj\u00f8pte en veldig dyr champagne for \u00e5 feire, for det h\u00f8rtes unektelig g\u00f8y ut med noe morsomt og nytt, der jeg satt utmattet p\u00e5 et hotell i Afrika etter en krevende jobbreise med sterke inntrykk.\u00a0<\/p>\n<p>    <a itemprop=\"url\" href=\"https:\/\/dinside.dagbladet.no\/okonomi\/noe-skvip\/83921440\" rel=\"nofollow noopener\" target=\"_blank\"><\/p>\n<p>        <img loading=\"lazy\" decoding=\"async\" src=\"https:\/\/www.europesays.com\/no\/wp-content\/uploads\/2025\/12\/83922409.webp.webp\" width=\"980\" height=\"441\" title=\"- Noe skvip!\" alt=\"\" class=\"lazyload\" style=\"--aspect-ratio-image: 2.22; \"\/><\/p>\n<p>        &#8211; Noe skvip!<\/p>\n<p>    <\/a><\/p>\n<p>Hjemme i Norge videreutviklet Aker\u00f8 ideen om et kveldssendt talkshow, landets aller f\u00f8rste.\u00a0<\/p>\n<p>&#8211; Vi hadde ikke den typen underholdning p\u00e5 tv p\u00e5 den tida, s\u00e5 jeg og produsenten min, legendariske John Andreassen, dro til USA for \u00e5 f\u00e5 inspirasjon fra talkshows der. S\u00e5 fant jeg min egen stil.\u00a0<\/p>\n<p>&laquo;SenFredag&raquo; hadde premiere i februar 1986, og ble en umiddelbar sukesss. Seertallene l\u00e5 stabilt p\u00e5 rundt to millioner.\u00a0<\/p>\n<p>&#8211; Det var helt ville tall, og et tegn p\u00e5 at Norge var klar for den typen underholdning.\u00a0<\/p>\n<p>        <img loading=\"lazy\" decoding=\"async\" src=\"https:\/\/www.europesays.com\/no\/wp-content\/uploads\/2025\/12\/83986350.webp.webp\" width=\"686\" height=\"481\" title=\"SUS OG DUS: P\u00e5 det glade 80-tallet frekventerte Dan B\u00f8rge Aker\u00f8 Theatercafeen til stadighet med gode kollegaer. - Det var en morsom tid, sier tv-personligheten som i dag er pensjonist. Foto: Lars Eivind Bones \/ Dagbladet\" alt=\"\" class=\"\" style=\"--aspect-ratio-image: 1.43; \"\/><\/p>\n<p>\n        SUS OG DUS: P\u00e5 det glade 80-tallet frekventerte Dan B\u00f8rge Aker\u00f8 Theatercafeen til stadighet med gode kollegaer. &#8211; Det var en morsom tid, sier tv-personligheten som i dag er pensjonist. Foto: Lars Eivind Bones \/ Dagbladet\n    <\/p>\n<p>Dan B\u00f8rge Aker\u00f8 ble helgekonge over natta.\u00a0<\/p>\n<p>&#8211; Jeg ble gjenkjent overalt, det var en voldsom forandring fra livet som seri\u00f8s reporter i Dagsrevyen.\u00a0<\/p>\n<p>Talkshowet holdt koken i tre sesonger, f\u00f8r programmet ble erstattet med &laquo;L\u00f8rDan&raquo;. Seinere kom &laquo;Talentiaden&raquo;, &laquo;Kjempesjansen&raquo;, &laquo;Den store klassefesten&raquo; og &laquo;QuizDan&raquo;, for \u00e5 nevne noe av det Aker\u00f8 ledet.\u00a0<\/p>\n<p>&#8211; Det var mye moro. I utgangspunktet var jo planen \u00e5 vende tilbake til Dagsrevyen, men s\u00e5nn ble det ikke.\u00a0<\/p>\n<p>I 1991 fikk TV2 konsesjon, og Dan B\u00f8rge Aker\u00f8 lot seg lokke til overgang.\u00a0<\/p>\n<p>&#8211; Jeg lot meg friste, ikke fordi jeg ikke trivdes i NRK, men fordi jeg ikke klarte \u00e5 motst\u00e5 tilbudet om \u00e5 v\u00e6re med p\u00e5 noe helt nytt.\u00a0<\/p>\n<p>    <a itemprop=\"url\" href=\"https:\/\/dinside.dagbladet.no\/okonomi\/vant-i-lotteriet-ingen-vits\/83986255\" rel=\"nofollow noopener\" target=\"_blank\"><\/p>\n<p>        <img loading=\"lazy\" decoding=\"async\" src=\"https:\/\/www.europesays.com\/no\/wp-content\/uploads\/2025\/12\/83986861.webp.webp\" width=\"980\" height=\"441\" title=\"\u00abVant\u00bb i lotteriet: - Ingen vits\" alt=\"\" class=\"lazyload\" style=\"--aspect-ratio-image: 2.22; \"\/><\/p>\n<p>        \u00abVant\u00bb i lotteriet: &#8211; Ingen vits<\/p>\n<p>    <\/a><\/p>\n<p>Ribbesm\u00f8rbr\u00f8d og pils ankommer bordet. Aker\u00f8 gyver l\u00f8s p\u00e5 herlighetene.\u00a0<\/p>\n<p>&#8211; L\u00f8nna var betydelig h\u00f8yere enn i NRK p\u00e5 den tida, men det var det kreative som fristet mest. Det var en veldig spennende periode, men jeg hadde ikke gjort det samme i dag.\u00a0<\/p>\n<p class=\"italic m-italic\" data-lab-italic=\"italic\">&#8211; Angrer du?\u00a0<\/p>\n<p>&#8211; Det blir feil \u00e5 si at jeg angrer, for livet er jo s\u00e5nn: Noen avgj\u00f8relser ser du tilbake p\u00e5 med blandede f\u00f8lelser, og overgangen til TV2 den gangen er en av dem.\u00a0<\/p>\n<p>    <a itemprop=\"url\" href=\"https:\/\/dinside.dagbladet.no\/motor\/veldig-irriterende\/83959429\" rel=\"nofollow noopener\" target=\"_blank\"><\/p>\n<p>        <img loading=\"lazy\" decoding=\"async\" src=\"https:\/\/www.europesays.com\/no\/wp-content\/uploads\/2025\/12\/83959467.webp.webp\" width=\"980\" height=\"441\" title=\"- \u00d8delegger flyten\" alt=\"\" class=\"lazyload\" style=\"--aspect-ratio-image: 2.22; \"\/><\/p>\n<p>        &#8211; \u00d8delegger flyten<\/p>\n<p>    <\/a><\/p>\n<p class=\"italic m-italic\" data-lab-italic=\"italic\">&#8211; &laquo;It was the best of times, it was the worst of times&raquo;, skrev Charles Dickens, kjenner du deg igjen i det?\u00a0<\/p>\n<p>&#8211; Det er spot on. Det var rein rovdrift, men jeg lot meg rovdrive. Det var veldig moro og veldig utmattende.\u00a0<\/p>\n<p>P\u00e5 jakkeslaget har han festet en pin i r\u00f8dt, hvitt og bl\u00e5tt som han fikk da han ble ridder av f\u00f8rste klasse av den kongelige norske St. Olav orden. Aker\u00f8 fikk utmerkelsen for sin innsats for norsk kulturliv gjennom mange \u00e5r.\u00a0<\/p>\n<p>&#8211; Den er litt j\u00e5lete, men den henger fast p\u00e5 smokingjakka, og jeg er jo stolt av den. Audiensen med Kong Harald er noe jeg tar med meg videre, s\u00e5nt er stas. <\/p>\n<p>Han klapper seg lett p\u00e5 brystet.\u00a0<\/p>\n<p>&#8211; Jeg har min primetime bak meg, n\u00e5 lever jeg et stille og rolig pensjonistliv. Men jeg har en aktiv familie rundt meg, s\u00e5 jeg henger i stroppen.\u00a0<\/p>\n<p>Dan B\u00f8rge Aker\u00f8 har to kull med unger, og er bestefar til to. Han ser stolt ut n\u00e5r han snakker om familien.\u00a0<\/p>\n<p>&#8211; Jeg har David og tvillingene Benedicte og Johanne med Mette, s\u00e5 har jeg Lin og Lisa fra mitt f\u00f8rste ekteskap med Miriam. Og s\u00e5 langt er jeg bestefar til to gutter.\u00a0<\/p>\n<p>    <a itemprop=\"url\" href=\"https:\/\/dinside.dagbladet.no\/okonomi\/bor-vaere-pa-vakt\/83963410\" rel=\"nofollow noopener\" target=\"_blank\"><\/p>\n<p>        <img loading=\"lazy\" decoding=\"async\" src=\"https:\/\/www.europesays.com\/no\/wp-content\/uploads\/2025\/12\/83965435.webp.webp\" width=\"980\" height=\"441\" title=\"- B\u00f8r v\u00e6re p\u00e5 vakt\" alt=\"\" class=\"lazyload\" style=\"--aspect-ratio-image: 2.22; \"\/><\/p>\n<p>        &#8211; B\u00f8r v\u00e6re p\u00e5 vakt<\/p>\n<p>    <\/a><\/p>\n<p>Han giftet seg allerede som 20-\u00e5ring. Da det f\u00f8rste ekteskapet havarerte giftet han seg med NRK-kollega Beate Arnestad, men ekteskapet sprakk da han traff femten \u00e5r yngre Mette Heitmann i 1988.\u00a0<\/p>\n<p>&#8211; Hva kan jeg si? Vi ble forelska, og det gikk som det m\u00e5tte g\u00e5. Og det har jo holdt!\u00a0<\/p>\n<p>Hadde det ikke v\u00e6rt for kona kunne livet f\u00e5tt en br\u00e5 slutt for elleve \u00e5r siden.\u00a0<\/p>\n<p>&#8211; Mette reddet livet mitt. Det er det absolutt ingen tvil om.\u00a0<\/p>\n<p>Aker\u00f8 var p\u00e5 guttetur p\u00e5 Azorene da han f\u00f8lte seg d\u00e5rlig og m\u00e5tte avbryte turen. Hjemme ble han grundig unders\u00f8kt.\u00a0<\/p>\n<p>&#8211; Legene kunne ikke finne noen grunn til at jeg ikke f\u00f8lte meg bra, s\u00e5 jeg ble sendt hjem for \u00e5 hvile.\u00a0<\/p>\n<p>        <img loading=\"lazy\" decoding=\"async\" src=\"https:\/\/www.europesays.com\/no\/wp-content\/uploads\/2025\/12\/83986352.webp.webp\" width=\"686\" height=\"515\" title=\"HJERTERKNEKT: Det holdt p\u00e5 \u00e5 g\u00e5 helt g\u00e6rent da Dan B\u00f8rge Aker\u00f8 fikk hjerteinfarkt i 2014. - Jeg ble redda p\u00e5 m\u00e5lstreken, sier han om den t\u00f8ffe tida. Foto: Lars Eivind Bones \/ Dagbladet\" alt=\"\" class=\"\" style=\"--aspect-ratio-image: 1.33; \"\/><\/p>\n<p>\n        HJERTERKNEKT: Det holdt p\u00e5 \u00e5 g\u00e5 helt g\u00e6rent da Dan B\u00f8rge Aker\u00f8 fikk hjerteinfarkt i 2014. &#8211; Jeg ble redda p\u00e5 m\u00e5lstreken, sier han om den t\u00f8ffe tida. Foto: Lars Eivind Bones \/ Dagbladet\n    <\/p>\n<p>Et voldsomt trykk i brystet, en lammende f\u00f8lelse i armer og bein.\u00a0<\/p>\n<p>&#8211; Bang!\u00a0<\/p>\n<p>Dan B\u00f8rge Aker\u00f8 sl\u00e5r ut med armene for \u00e5 illustrere f\u00f8lelsen av det massive hjerteinfarktet som rammet ham i 2014.\u00a0<\/p>\n<p>&#8211; Det skjedde s\u00e5 fort. Jeg rakk ikke tenke annet enn at jeg m\u00e5tte komme meg opp i annen etasje der Mette var, og det klarte jeg s\u00e5 vidt f\u00f8r jeg segnet om.\u00a0<\/p>\n<p>Kona ringte 113 umiddelbart. En sykebil som tilfeldigvis var i n\u00e6romr\u00e5det fikk Aker\u00f8 p\u00e5 sykehus i en rasende fart.\u00a0<\/p>\n<p>&#8211; &laquo;The widowmaker&raquo; kaller de den typen hjerteinfarkt jeg ble rammet av. Hadde ikke Mette v\u00e6rt hjemme hadde jeg d\u00f8dd. Jeg var klinisk d\u00f8d, fortalte de p\u00e5 sykehuset.\u00a0<\/p>\n<p>    <a itemprop=\"url\" href=\"https:\/\/dinside.dagbladet.no\/okonomi\/disse-stenger-alle-butikkene\/83926689\" rel=\"nofollow noopener\" target=\"_blank\"><\/p>\n<p>        <img loading=\"lazy\" decoding=\"async\" src=\"https:\/\/www.europesays.com\/no\/wp-content\/uploads\/2025\/12\/83931685.webp.webp\" width=\"980\" height=\"441\" title=\"Stenger alle butikkene\" alt=\"\" class=\"lazyload\" style=\"--aspect-ratio-image: 2.22; \"\/><\/p>\n<p>        Stenger alle butikkene<\/p>\n<p>    <\/a><\/p>\n<p>Det ellers blide ansiktet f\u00e5r et alvorlig drag. Han pirker litt i ribbesm\u00f8rbr\u00f8det med gaffelen.\u00a0<\/p>\n<p>&#8211; Jeg har gjort meg noen tanker om at livet kunne stoppet der. Livet er skj\u00f8rt, og jeg er takknemlig for at jeg fortsatt er her. N\u00e5 har jeg b\u00e5de pacemaker og hjertestarter innoperert. Ja da.\u00a0<\/p>\n<p>&#8211; Det h\u00f8res komplisert ut?\u00a0<\/p>\n<p>&#8211; Ja, det er det! Du, n\u00e5 m\u00e5 jeg bare ringe Mette s\u00e5 jeg ikke sier noe feil, det er hun som har best oversikt.\u00a0<\/p>\n<p>Han fisker fram en r\u00f8d telefon fra smokingjakka.\u00a0<\/p>\n<p>&#8211; Mette? Du jeg sitter her og blir intervjuet p\u00e5 Theatercafeen &#8230; Ja, det er en veldig fin prat, det vil si at jeg snakker hele tiden! Ja, ja, jeg skal roe meg ned. Men du, n\u00e5 har vi kommet til 2014 og hjerteinfarktet. Fikk jeg pacemaker med \u00e9n gang? De bare blokka ut f\u00f8rst? Akkurat, ja, s\u00e5 fikk jeg pacemaker mye senere. Ja, okay, ha det, ha det.\u00a0<\/p>\n<p>Telefonen blir liggende p\u00e5 bordet.\u00a0<\/p>\n<p>&#8211; Jo, den f\u00f8rste operasjonen var bare utblokking, s\u00e5 fikk jeg pacemakeren etter en stund, og s\u00e5 den hjertestarteren.\u00a0<\/p>\n<p>        <img loading=\"lazy\" decoding=\"async\" src=\"https:\/\/www.europesays.com\/no\/wp-content\/uploads\/2025\/12\/83986354.webp.webp\" width=\"686\" height=\"460\" title=\"HEFTIG OG BEGEISTRET: - Det var rein rovdrift, men jeg lot meg rovdrive, sier Dan B\u00f8rge Aker\u00f8 om tida da han sto i spagaten mellom NRK og TV2. Foto: Lars Eivind Bones \/ Dagbladet\" alt=\"\" class=\"\" style=\"--aspect-ratio-image: 1.49; \"\/><\/p>\n<p>\n        HEFTIG OG BEGEISTRET: &#8211; Det var rein rovdrift, men jeg lot meg rovdrive, sier Dan B\u00f8rge Aker\u00f8 om tida da han sto i spagaten mellom NRK og TV2. Foto: Lars Eivind Bones \/ Dagbladet\n    <\/p>\n<p>Aker\u00f8 lyser opp n\u00e5r kelneren kommer innom bordet.\u00a0<\/p>\n<p>&#8211; Kan jeg f\u00e5 en pils til, takk? H\u00e6h? Engelsk? One more beer, please.\u00a0<\/p>\n<p>Stemningen er stadig h\u00f8y p\u00e5 Theatercafeen.\u00a0<\/p>\n<p>&#8211; Jeg g\u00e5r ikke rundt og f\u00f8ler meg sjuk, selv om jeg kommer til \u00e5 v\u00e6re hjertepasient livet ut. Jeg spiser tablettene mine, og blir passet godt p\u00e5 av b\u00e5de Mette og legen min.\u00a0<\/p>\n<p>&#8211; Du m\u00e5 vel passe p\u00e5 hva du spiser og drikker ogs\u00e5?\u00a0<\/p>\n<p>&#8211; N\u00e5 m\u00e5 ikke du begynne ogs\u00e5, du er journalist! Men det er helt riktig, jeg f\u00e5r stadig formaninger om \u00e5 holde meg i bevegelse og alt det der.\u00a0<\/p>\n<p class=\"italic m-italic\" data-lab-italic=\"italic\">&#8211; H\u00f8rer du p\u00e5 dem, da?\u00a0<\/p>\n<p>&#8211; Stort sett, ja. Jeg jogger ikke akkurat, men jeg g\u00e5r en del turer og lever forholdsvis sunt.\u00a0<\/p>\n<p>    <a itemprop=\"url\" href=\"https:\/\/dinside.dagbladet.no\/okonomi\/disse-har-sokt-pa-deg\/83895854\" rel=\"nofollow noopener\" target=\"_blank\"><\/p>\n<p>        <img loading=\"lazy\" decoding=\"async\" src=\"https:\/\/www.europesays.com\/no\/wp-content\/uploads\/2025\/12\/83922337.webp.webp\" width=\"980\" height=\"441\" title=\"Disse har s\u00f8kt p\u00e5 deg\" alt=\"\" class=\"lazyload\" style=\"--aspect-ratio-image: 2.22; \"\/><\/p>\n<p>        Disse har s\u00f8kt p\u00e5 deg<\/p>\n<p>    <\/a><\/p>\n<p>Han tar en slurk av \u00f8lglasset. H\u00e5nda som stikker ut av smokingen er b\u00e5de r\u00f8d og bl\u00e5.\u00a0<\/p>\n<p>&#8211; De merkene her? Det er p\u00e5 grunn av blodfortynnende, jeg er er jo aktiv og det er lett \u00e5 sl\u00e5 borti ting og da blir det s\u00e5nn. Det er ikke farlig. Jeg f\u00f8ler meg veldig heldig.\u00a0<\/p>\n<p class=\"italic m-italic\" data-lab-italic=\"italic\">&#8211; Heldig?\u00a0<\/p>\n<p>&#8211; Ja, n\u00e5r jeg f\u00f8rst skulle f\u00e5 hjerteinfarkt var det lurt \u00e5 f\u00e5 det litt tidlig. Legene setter ikke jord og himmel i bevegelse for \u00e5 redde deg hvis du er over en viss alder. Det er barn foran voksen, voksen foran gammel, s\u00e5nn er rekkef\u00f8lgen, og det har jeg stor respekt for.\u00a0<\/p>\n<p>B\u00e5de moren og faren hans d\u00f8de av hjerterelaterte lidelser.\u00a0<\/p>\n<p>&#8211; Foreldrene mine d\u00f8de av det, men det var en annen tid. Jeg lovpriser det norske helsevesenet hver dag, jeg, det er takket v\u00e6re innsatsen deres at jeg lever et godt liv i dag.\u00a0<\/p>\n<p class=\"italic m-italic\" data-lab-italic=\"italic\">&#8211; Foreldrene dine hadde lovprist gud?\u00a0<\/p>\n<p>&#8211; Ja, det hadde de. Tidene forandrer seg.\u00a0<\/p>\n<p>        <img loading=\"lazy\" decoding=\"async\" src=\"https:\/\/www.europesays.com\/no\/wp-content\/uploads\/2025\/12\/83986357.webp.webp\" width=\"686\" height=\"549\" title=\"UNDERHOLDNINGSKONGEN: Dan B\u00f8rge Aker\u00f8 fyller 75 \u00e5r, og har stadig noen triks i ermet n\u00e5r det gjelder underholdning. - 75-\u00e5rsdagen skal feires i flere omganger, det blir g\u00f8y, sier den lystige pensjonisten. Foto: Lars Eivind Bones \/ Dagbladet\" alt=\"\" class=\"\" style=\"--aspect-ratio-image: 1.25; \"\/><\/p>\n<p>\n        UNDERHOLDNINGSKONGEN: Dan B\u00f8rge Aker\u00f8 fyller 75 \u00e5r, og har stadig noen triks i ermet n\u00e5r det gjelder underholdning. &#8211; 75-\u00e5rsdagen skal feires i flere omganger, det blir g\u00f8y, sier den lystige pensjonisten. Foto: Lars Eivind Bones \/ Dagbladet\n    <\/p>\n<p>Mor og far Aker\u00f8 var begge offiserer i Frelsesarmeen, og familien var reisende i forkynnelse og orkestervirksomhet.\u00a0<\/p>\n<p>&#8211; Jeg ble kalt Dan fordi jeg ble f\u00f8dt i Danmark. I f\u00f8lge faren min likte jeg \u00e5 underholde fra jeg var guttunge.\u00a0<\/p>\n<p>Familien levde et hektisk og uforutsigbart nomadeliv. Hvert \u00e5r fikk de brev i posten med ordre om hvor ferden eventuelt gikk videre. Byene han flyttet til med familien kan han p\u00e5 rams.\u00a0<\/p>\n<p>&#8211; Nyk\u00f8bing Mors og \u00c5rhus i Danmark, s\u00e5 ble det Fredrikstad, Skien, Oslo, Bergen, Oslo en gang til, Troms\u00f8 og Stavanger.\u00a0<\/p>\n<p class=\"italic m-italic\" data-lab-italic=\"italic\">&#8211; Det h\u00f8res t\u00f8ft ut for en liten gutt?\u00a0<\/p>\n<p>&#8211; Jeg var rotl\u00f8s i fysisk forstand, men vi hadde et veldig godt samhold b\u00e5de i familien og i Frelsesarmeen. Heldigvis er jeg f\u00f8dt med godt hum\u00f8r, det hjalp meg mye n\u00e5r jeg stadig ble kastet inn i nye skoleklasser.\u00a0<\/p>\n<p>    <a itemprop=\"url\" href=\"https:\/\/dinside.dagbladet.no\/okonomi\/selger-pallevis\/83741214\" rel=\"nofollow noopener\" target=\"_blank\"><\/p>\n<p>        <img loading=\"lazy\" decoding=\"async\" src=\"https:\/\/www.europesays.com\/no\/wp-content\/uploads\/2025\/12\/83384585.webp.webp\" width=\"980\" height=\"441\" title=\"- Selger pallevis\" alt=\"\" class=\"lazyload\" style=\"--aspect-ratio-image: 2.22; \"\/><\/p>\n<p>        &#8211; Selger pallevis<\/p>\n<p>    <\/a><\/p>\n<p>Han tar en ettertenksom slurk av \u00f8len. Lysene fra et festpyntet Oslo skinner inn p\u00e5 ham gjennom vinduene.\u00a0<\/p>\n<p>&#8211; Hemmeligheten var \u00e5 sl\u00e5 over til den lokale dialekten s\u00e5 raskt som mulig. Det var en effektiv overlevelsesteknikk.\u00a0<\/p>\n<p>Etter \u00e5 ha fullf\u00f8rt viderg\u00e5ende i Stavanger meldte han seg ut av Frelsesarmeen og ble humanetiker da han flyttet til Oslo. Faren trodde det var en del av s\u00f8nnens ungdomsoppr\u00f8r fram til sin d\u00f8d.\u00a0<\/p>\n<p>&#8211; Hum\u00f8ret mitt har hjulpet meg mye. Livet er et blandet regnskap, som Per Fugelli sa, men jeg er skrudd sammen s\u00e5nn at jeg ser optimistisk p\u00e5 livet. Kall meg gjerne naiv, men det funker fint for meg.\u00a0<\/p>\n<p>Kr\u00f8llene har kanskje gr\u00e5net, men smilet og hum\u00f8ret er det samme.\u00a0<\/p>\n<p>&#8211; Det er klart jeg gj\u00f8r meg noen tanker n\u00e5r jeg n\u00e5 fyller 75 \u00e5r. Jeg er dypt takknemlig for at jeg fortsatt er her.\u00a0<\/p>\n<p>&#8211; Hvordan skal dagen feires?\u00a0<\/p>\n<p>&#8211; Det blir flere feiringer, med familien og med ulike vennegjenger. Det blir garantert moro.\u00a0<\/p>\n<p>    DAN B\u00d8RGE AKER\u00d8<\/p>\n<p>F\u00f8dt: 23. januar 1951.<\/p>\n<p>\nFamilie: Gift med Mette Heitmann Aker\u00f8 (59). Fem voksne barn, to barnebarn.<\/p>\n<p>Beste egenskap: Godt hum\u00f8r!\u00a0<\/p>\n<p>Verste egenskap: For store doser godt hum\u00f8r!\u00a0<\/p>\n<p>Redd for: Jeg er ikke veldig engstelig, men det er viktig for meg \u00e5 ikke pr\u00f8ve \u00e5 sprenge grenser lenger.\u00a0<\/p>\n<p>Ser p\u00e5: Nyheter, debatter, sport og underholdning.\u00a0<\/p>\n<p>N\u00e5r gr\u00e5t du sist? Jeg blir lett r\u00f8rt av det jeg leser, ser eller opplever med mine n\u00e6rmeste. Det er mange ber\u00f8ringspunkter som kan gj\u00f8re meg r\u00f8rt, rett og slett.\u00a0<\/p>\n<p>Det klokeste r\u00e5det du har f\u00e5tt? V\u00e6r snill. Det gir jeg gjerne videre.\u00a0<\/p>\n<p>Din mest dramatiske opplevelse? Hjerteinfarket i 2014. Det er ikke mulig \u00e5 matche det, det kunne fort g\u00e5tt helt g\u00e6rent.\u00a0<\/p>\n<p>Hva gj\u00f8r deg forbanna? Personlig trakassering, det er jeg ikke spesielt glad i. Jeg har v\u00e6rt fors\u00f8kt trakassert, men har st\u00e5tt i mot.\u00a0<\/p>\n<p>Hva gj\u00f8r deg glad? Jeg er lettledd, og det er jeg glad for. Har fortsatt evnen til \u00e5 se lyset i m\u00f8rket.\u00a0<\/p>\n<p>Oppsummer helsa di i en setning: Jesus d\u00f8de for v\u00e5re synder, og jeg f\u00f8ler meg ikke s\u00e5 bra jeg heller.\u00a0<\/p>\n<p>Hva gj\u00f8r du hvis du er statsminister for en dag? Trekker meg!\u00a0<\/p>\n<p>Hva gj\u00f8r du om ti \u00e5r? Det er opp til det norske helsevesenet! <\/p>\n<p>      Vis mer<br \/>\n      Vis mindre<\/p>\n","protected":false},"excerpt":{"rendered":"Presset mot brystkassa er s\u00e5 voldsomt at det svartner for \u00f8ynene hans. Er det s\u00e5nn det skal ende?&hellip;\n","protected":false},"author":2,"featured_media":125645,"comment_status":"","ping_status":"","sticky":false,"template":"","format":"standard","meta":{"footnotes":""},"categories":[59],"tags":[14426,479,30,28,29,787,83,82],"class_list":{"0":"post-125644","1":"post","2":"type-post","3":"status-publish","4":"format-standard","5":"has-post-thumbnail","7":"category-sport","8":"tag-dan-borge-akero","9":"tag-kjendis","10":"tag-no","11":"tag-norge","12":"tag-norway","13":"tag-nrk","14":"tag-sport","15":"tag-sports"},"share_on_mastodon":{"url":"https:\/\/pubeurope.com\/@no\/115815068790600386","error":""},"_links":{"self":[{"href":"https:\/\/www.europesays.com\/no\/wp-json\/wp\/v2\/posts\/125644","targetHints":{"allow":["GET"]}}],"collection":[{"href":"https:\/\/www.europesays.com\/no\/wp-json\/wp\/v2\/posts"}],"about":[{"href":"https:\/\/www.europesays.com\/no\/wp-json\/wp\/v2\/types\/post"}],"author":[{"embeddable":true,"href":"https:\/\/www.europesays.com\/no\/wp-json\/wp\/v2\/users\/2"}],"replies":[{"embeddable":true,"href":"https:\/\/www.europesays.com\/no\/wp-json\/wp\/v2\/comments?post=125644"}],"version-history":[{"count":0,"href":"https:\/\/www.europesays.com\/no\/wp-json\/wp\/v2\/posts\/125644\/revisions"}],"wp:featuredmedia":[{"embeddable":true,"href":"https:\/\/www.europesays.com\/no\/wp-json\/wp\/v2\/media\/125645"}],"wp:attachment":[{"href":"https:\/\/www.europesays.com\/no\/wp-json\/wp\/v2\/media?parent=125644"}],"wp:term":[{"taxonomy":"category","embeddable":true,"href":"https:\/\/www.europesays.com\/no\/wp-json\/wp\/v2\/categories?post=125644"},{"taxonomy":"post_tag","embeddable":true,"href":"https:\/\/www.europesays.com\/no\/wp-json\/wp\/v2\/tags?post=125644"}],"curies":[{"name":"wp","href":"https:\/\/api.w.org\/{rel}","templated":true}]}}