{"id":125646,"date":"2025-12-31T16:21:11","date_gmt":"2025-12-31T16:21:11","guid":{"rendered":"https:\/\/www.europesays.com\/no\/125646\/"},"modified":"2025-12-31T16:21:11","modified_gmt":"2025-12-31T16:21:11","slug":"brann-ulykker-og-hendelser-en-person-siktet-etter-brann-i-omsorgsbolig","status":"publish","type":"post","link":"https:\/\/www.europesays.com\/no\/125646\/","title":{"rendered":"Brann, Ulykker og hendelser | En person siktet etter brann i omsorgsbolig"},"content":{"rendered":"\n<p>Onsdag ettermiddag rykket n\u00f8detatene ut til brann i en omsorgsbolig p\u00e5 Lena. Det ble tidlig opplyst at fire personer var ute av boligen og i sikkerhet. <\/p>\n<p>Kun ti minutter etter at meldingen kom inn til politiet, kunne brannvesenet melde brannen slukket. <\/p>\n<p>Til OA opplyser operasjonsleder Frode \u00d8vre\u00e5s at det brant i to etasjer p\u00e5 boligen. <\/p>\n<p>\u2013 Politiet har siktet en person for hendelsen, og vi har kontroll p\u00e5 vedkommende, sier han. <\/p>\n<p>OA oppdaterer saken. <\/p>\n","protected":false},"excerpt":{"rendered":"Onsdag ettermiddag rykket n\u00f8detatene ut til brann i en omsorgsbolig p\u00e5 Lena. Det ble tidlig opplyst at fire&hellip;\n","protected":false},"author":2,"featured_media":4217,"comment_status":"","ping_status":"","sticky":false,"template":"","format":"standard","meta":{"footnotes":""},"categories":[5],"tags":[36,367,20,21,24,25,15,19,22,23,17,18,13,30,28,29,14,16,5124,1510,26,27,6465,941],"class_list":{"0":"post-125646","1":"post","2":"type-post","3":"status-publish","4":"format-standard","5":"has-post-thumbnail","7":"category-overskrifter","8":"tag-art","9":"tag-brann","10":"tag-breaking-news","11":"tag-breakingnews","12":"tag-featured-news","13":"tag-featurednews","14":"tag-headlines","15":"tag-hovedoppslag","16":"tag-latest-news","17":"tag-latestnews","18":"tag-main-news","19":"tag-mainnews","20":"tag-news","21":"tag-no","22":"tag-norge","23":"tag-norway","24":"tag-nyheter","25":"tag-overskrifter","26":"tag-ostre-toten","27":"tag-story","28":"tag-top-stories","29":"tag-topstories","30":"tag-totenidag","31":"tag-ulykker-og-hendelser"},"share_on_mastodon":{"url":"https:\/\/pubeurope.com\/@no\/115815100181364307","error":""},"_links":{"self":[{"href":"https:\/\/www.europesays.com\/no\/wp-json\/wp\/v2\/posts\/125646","targetHints":{"allow":["GET"]}}],"collection":[{"href":"https:\/\/www.europesays.com\/no\/wp-json\/wp\/v2\/posts"}],"about":[{"href":"https:\/\/www.europesays.com\/no\/wp-json\/wp\/v2\/types\/post"}],"author":[{"embeddable":true,"href":"https:\/\/www.europesays.com\/no\/wp-json\/wp\/v2\/users\/2"}],"replies":[{"embeddable":true,"href":"https:\/\/www.europesays.com\/no\/wp-json\/wp\/v2\/comments?post=125646"}],"version-history":[{"count":0,"href":"https:\/\/www.europesays.com\/no\/wp-json\/wp\/v2\/posts\/125646\/revisions"}],"wp:featuredmedia":[{"embeddable":true,"href":"https:\/\/www.europesays.com\/no\/wp-json\/wp\/v2\/media\/4217"}],"wp:attachment":[{"href":"https:\/\/www.europesays.com\/no\/wp-json\/wp\/v2\/media?parent=125646"}],"wp:term":[{"taxonomy":"category","embeddable":true,"href":"https:\/\/www.europesays.com\/no\/wp-json\/wp\/v2\/categories?post=125646"},{"taxonomy":"post_tag","embeddable":true,"href":"https:\/\/www.europesays.com\/no\/wp-json\/wp\/v2\/tags?post=125646"}],"curies":[{"name":"wp","href":"https:\/\/api.w.org\/{rel}","templated":true}]}}