{"id":125649,"date":"2025-12-31T16:29:21","date_gmt":"2025-12-31T16:29:21","guid":{"rendered":"https:\/\/www.europesays.com\/no\/125649\/"},"modified":"2025-12-31T16:29:21","modified_gmt":"2025-12-31T16:29:21","slug":"unngikk-moms-smell-sparte-50-000","status":"publish","type":"post","link":"https:\/\/www.europesays.com\/no\/125649\/","title":{"rendered":"Unngikk moms-smell &#8211; sparte 50\u202f000"},"content":{"rendered":"<p class=\"kicker color_mobile_bg-green text-black color_mobile_text-black mobile-hasTextPadding\" style=\"\">Bil<\/p>\n<p>  Influenser Therese Lien kj\u00f8pte bil til mannen f\u00f8r nytt\u00e5r &#8211; og unngikk \u00e5 betale 50\u202f000 kroner ekstra i moms.<\/p>\n<p>\n    SPARTE 50\u202f000: Influenser Therese Lien kj\u00f8pte ny BMW iX1 til mannen f\u00f8r nytt\u00e5r og unngikk moms\u00f8kningen p\u00e5 elbiler. Foto: Privat\n  <\/p>\n<p>    Kort fortalt<\/p>\n<ul lang=\"nb-NO\">\n<li>Fra nytt\u00e5r blir elbiler dyrere i Norge grunnet senket momsgrense fra 500\u202f000 til 300\u202f000 kroner.<\/li>\n<li>Therese Lien kj\u00f8pte en BMW iX1 til mannen f\u00f8r nytt\u00e5r og sparte 50\u202f000 kroner.<\/li>\n<li>Bilforhandlere opplevde rekordomsetning f\u00f8r nytt\u00e5r p\u00e5 grunn av endringen i momstaket.<\/li>\n<li>Elbilandelen var rekordh\u00f8y i november, men salget forventes \u00e5 avta etter nytt\u00e5r.<\/li>\n<\/ul>\n<p class=\"italic ai-disclaimer\" data-lab-italic=\"italic\">Sammendraget er laget av ChatGPT og godkjent av DinSide.<\/p>\n<p>      Vis mer<br \/>\n      Vis mindre<\/p>\n<p>Fra nytt\u00e5r blir det dyrere \u00e5 kj\u00f8pe elbil i Norge. Regjeringen har senket grensen for moms\u00adfritak fra 500\u202f000 til 300\u202f000 kroner, noe som betyr at mange elbiler n\u00e5 blir 40\u202f000-50\u202f000 kroner dyrere.<\/p>\n<p>Det har influenser\u00a0Therese Lien, som st\u00e5r bak merkevaren\u00a0By Lien, f\u00e5tt merke. Hun har n\u00e6rmere\u00a0180\u202f000 f\u00f8lgere fordelt p\u00e5 Instagram og Snapchat, og delte der hvordan hun kj\u00f8pte en ny BMW iX1 til mannen \u00d8ivind som julegave &#8211; og samtidig sparte rundt 50\u202f000 kroner p\u00e5 \u00e5 handle f\u00f8r nytt\u00e5r.<\/p>\n<p>    <a itemprop=\"url\" href=\"https:\/\/dinside.dagbladet.no\/motor\/flyr-ut-av-butikken\/83965131\" rel=\"nofollow noopener\" target=\"_blank\"><\/p>\n<p>        <img loading=\"lazy\" decoding=\"async\" src=\"https:\/\/www.europesays.com\/no\/wp-content\/uploads\/2025\/12\/83965143.webp.webp\" width=\"980\" height=\"441\" title=\"- Flyr ut av butikken\" alt=\"\" class=\"lazyload\" style=\"--aspect-ratio-image: 2.22; \"\/><\/p>\n<p>        &#8211; Flyr ut av butikken<\/p>\n<p>    <\/a><\/p>\n<p>Rakk levering f\u00f8r nytt\u00e5r\t<\/p>\n<p>&#8211; Jeg hadde sett at flere bilforhandlere kj\u00f8rte kampanjer p\u00e5 elbiler f\u00f8r jul, men det var ikke \u00abtop of mind\u00bb da jeg tok kontakt med Sulland Moss. Jeg s\u00e5 de hadde kampanje p\u00e5 BMW iX1 og iX2 og tenkte det var en fin pendlerbil til \u00d8ivind, forteller Lien til DinSide.<\/p>\n<p>Da hun fikk tilbud p\u00e5 bilen hun f\u00f8rst hadde konfigurert selv, fikk hun beskjed om at prisen ville \u00f8ke med 50\u202f000 kroner etter nytt\u00e5r p\u00e5 grunn av de nye momsreglene.<\/p>\n<p>&#8211; Jeg sa rett ut at det er kjipt \u00e5 betale 50\u202f000 kroner mer i mars uten ekstra utstyr. Bilselgeren fortalte at det hadde v\u00e6rt helt vilt mye salg f\u00f8r nytt\u00e5r p\u00e5 grunn av endringen av momstaket &#8211; bilene fl\u00f8y ut, forteller hun.<\/p>\n<p>        <img loading=\"lazy\" decoding=\"async\" src=\"https:\/\/www.europesays.com\/no\/wp-content\/uploads\/2025\/12\/84040825.webp.webp\" width=\"980\" height=\"559\" title=\"JULEGAVEN: \u00d8ivind Stanger fikk ny bil i gave av kona Therese levert i siste liten f\u00f8r moms\u00f8kningen slo inn. Foto: Privat\" alt=\"\" class=\"\" style=\"--aspect-ratio-image: 1.75; \"\/><\/p>\n<p>\n        JULEGAVEN: \u00d8ivind Stanger fikk ny bil i gave av kona Therese levert i siste liten f\u00f8r moms\u00f8kningen slo inn. Foto: Privat\n    <\/p>\n<p>Etter litt leting fant forhandleren tre biler &#8211; to i butikken og \u00e9n p\u00e5 vei fra fabrikken. Den ene ble solgt dagen etter, s\u00e5 Lien reserverte de to siste.<\/p>\n<p>&#8211; Jeg valgte den med mest utstyr, selv om det ble litt dyrere enn planlagt. \u00abGirl math\u00bb &#8211; jeg fikk topputstyrt bil uten \u00e5 m\u00e5tte betale moms, siden vi rakk utlevering 29. desember, sier hun med et smil.<\/p>\n<p>    <a itemprop=\"url\" href=\"https:\/\/dinside.dagbladet.no\/motor\/blir-enda-dyrere\/83971375\" rel=\"nofollow noopener\" target=\"_blank\"><\/p>\n<p>        <img loading=\"lazy\" decoding=\"async\" src=\"https:\/\/www.europesays.com\/no\/wp-content\/uploads\/2025\/12\/83971497.webp.webp\" width=\"980\" height=\"441\" title=\"Elleville pris\u00f8kninger fra nytt\u00e5r\" alt=\"\" class=\"lazyload\" style=\"--aspect-ratio-image: 2.22; \"\/><\/p>\n<p>        Elleville pris\u00f8kninger fra nytt\u00e5r<\/p>\n<p>    <\/a><\/p>\n<p>Overrasket p\u00e5 juleaften\t<\/p>\n<p>Paret har hatt elbil i flere \u00e5r. Lien kj\u00f8rer selv en BMW iX60, mens \u00d8ivind tidligere hadde en BMW i3.<\/p>\n<p>&#8211; Den var ikke akkurat pendlervennlig fra S\u00f8rlandet til \u00d8stfold, ler hun.<\/p>\n<p>Hun forteller at bilselgeren tror salget vil roe seg litt etter nytt\u00e5r, men at folk raskt vil vende tilbake til vanene sine.<\/p>\n<p>&#8211; Han sa at de fleste nok vil avvente litt i starten, men s\u00e5 \u00abglemmer de det\u00bb og handler som f\u00f8r. Jeg tror ogs\u00e5 at vi som er forn\u00f8yde med elbil og ikke vil tilbake til bensin eller diesel, kommer til \u00e5 fortsette \u00e5 kj\u00f8pe elbil uansett, sier Lien.<\/p>\n<p>        <img loading=\"lazy\" decoding=\"async\" src=\"https:\/\/www.europesays.com\/no\/wp-content\/uploads\/2025\/12\/84040823.webp.webp\" width=\"667\" height=\"828\" title=\"T\u00c5RER P\u00c5 JULAFTEN: \u00d8ivind ble r\u00f8rt til t\u00e5rer da han oppdaget hva kona Therese hadde pakket inn under treet. Foto: Privat\" alt=\"\" class=\"\" style=\"--aspect-ratio-image: 0.81; \"\/><\/p>\n<p>\n        T\u00c5RER P\u00c5 JULAFTEN: \u00d8ivind ble r\u00f8rt til t\u00e5rer da han oppdaget hva kona Therese hadde pakket inn under treet. Foto: Privat\n    <\/p>\n<p>Da \u00d8ivind fikk overraskelsen, ble det et sterkt \u00f8yeblikk.<\/p>\n<p>&#8211; Han fikk ikke ut et ord &#8211; t\u00e5rene bare rant. Vi hadde avduking av bilen p\u00e5 Sulland i Moss, og han var rimelig stolt da han kj\u00f8rte hjem mot S\u00f8rlandet, forteller hun.<\/p>\n<p>    <a itemprop=\"url\" href=\"https:\/\/dinside.dagbladet.no\/motor\/bensinforbud-droppes\/83993735\" rel=\"nofollow noopener\" target=\"_blank\"><\/p>\n<p>        <img loading=\"lazy\" decoding=\"async\" src=\"https:\/\/www.europesays.com\/no\/wp-content\/uploads\/2025\/12\/83933701.webp.webp\" width=\"980\" height=\"441\" title=\"Bensinforbud droppes\" alt=\"\" class=\"lazyload\" style=\"--aspect-ratio-image: 2.22; \"\/><\/p>\n<p>        Bensinforbud droppes<\/p>\n<p>    <\/a><\/p>\n<p>Elbilrush f\u00f8r ny momsgrense\t<\/p>\n<p>Salget av elbiler har skutt i v\u00e6ret mot slutten av \u00e5ret. Flere forhandlere melder om rekordomsetning og biler som \u00abflyr ut av butikken\u00bb.\u00a0<\/p>\n<p>DinSide skrev <a href=\"https:\/\/dinside.dagbladet.no\/motor\/flyr-ut-av-butikken\/83965131\" rel=\"nofollow noopener\" target=\"_blank\">nylig<\/a> at Kia-forhandler Thorolf Rudolfsen p\u00e5 Romerike aldri har opplevd maken til trykk, og forteller at biler forsvinner til kunder nesten f\u00f8r de rekker \u00e5 st\u00e5 i utstillingen.<\/p>\n<p>Ogs\u00e5 p\u00e5 landets st\u00f8rste havn for bilimport i Drammen har aktiviteten v\u00e6rt rekordh\u00f8y.<\/p>\n<p>&#8211; Vi har f\u00e5tt inn over 30\u202f000 biler de to siste m\u00e5nedene. Det er ny rekord, sier Tom Egil Johannesen, losse- og importansvarlig hos Motorships AS, til\u00a0<a href=\"https:\/\/www.nrk.no\/vestland\/tusenvis-av-elbilar-kjem-til-noreg-rett-for-auke-i-moms-pa-opptil-50.000-kroner-i-2026-1.17708424\" rel=\"nofollow noopener\" target=\"_blank\">NRK<\/a>.<\/p>\n<p>Tall fra Opplysningsr\u00e5det for veitrafikken (OFV) viser at elbilandelen i november var rekordh\u00f8y, med n\u00e6r 98 prosent av alle nyregistrerte biler. Bransjen forventer at salget vil roe seg betydelig etter nytt\u00e5r, n\u00e5r de fleste som planla bilkj\u00f8p har fremskyndet handelen.<\/p>\n<p>    Nye momsregler for elbiler<\/p>\n<ul>\n<li>Fra 1. januar 2026 senkes grensen for moms\u00adfritak fra 500\u202f000 til 300\u202f000 kroner.<\/li>\n<li>Det betyr at elbiler som koster mer enn 300\u202f000 kroner, f\u00e5r 25\u202fprosent moms p\u00e5 bel\u00f8pet over grensen.<\/li>\n<li>For mange modeller betyr det 40\u202f000-50\u202f000 kroner i pris\u00f8kning.<\/li>\n<li>Full moms p\u00e5 alle elbiler er varslet fra 2028.<\/li>\n<\/ul>\n<p>      Vis mer<br \/>\n      Vis mindre<\/p>\n","protected":false},"excerpt":{"rendered":"Bil Influenser Therese Lien kj\u00f8pte bil til mannen f\u00f8r nytt\u00e5r &#8211; og unngikk \u00e5 betale 50\u202f000 kroner ekstra&hellip;\n","protected":false},"author":2,"featured_media":125650,"comment_status":"","ping_status":"","sticky":false,"template":"","format":"standard","meta":{"footnotes":""},"categories":[5],"tags":[20,21,267,10887,24,25,15,19,22,23,17,18,7939,7938,217,13,30,28,29,14,16,26,27],"class_list":{"0":"post-125649","1":"post","2":"type-post","3":"status-publish","4":"format-standard","5":"has-post-thumbnail","7":"category-overskrifter","8":"tag-breaking-news","9":"tag-breakingnews","10":"tag-elbil","11":"tag-elbilmoms","12":"tag-featured-news","13":"tag-featurednews","14":"tag-headlines","15":"tag-hovedoppslag","16":"tag-latest-news","17":"tag-latestnews","18":"tag-main-news","19":"tag-mainnews","20":"tag-moms","21":"tag-momsgrense","22":"tag-motor","23":"tag-news","24":"tag-no","25":"tag-norge","26":"tag-norway","27":"tag-nyheter","28":"tag-overskrifter","29":"tag-top-stories","30":"tag-topstories"},"share_on_mastodon":{"url":"https:\/\/pubeurope.com\/@no\/115815131762193527","error":""},"_links":{"self":[{"href":"https:\/\/www.europesays.com\/no\/wp-json\/wp\/v2\/posts\/125649","targetHints":{"allow":["GET"]}}],"collection":[{"href":"https:\/\/www.europesays.com\/no\/wp-json\/wp\/v2\/posts"}],"about":[{"href":"https:\/\/www.europesays.com\/no\/wp-json\/wp\/v2\/types\/post"}],"author":[{"embeddable":true,"href":"https:\/\/www.europesays.com\/no\/wp-json\/wp\/v2\/users\/2"}],"replies":[{"embeddable":true,"href":"https:\/\/www.europesays.com\/no\/wp-json\/wp\/v2\/comments?post=125649"}],"version-history":[{"count":0,"href":"https:\/\/www.europesays.com\/no\/wp-json\/wp\/v2\/posts\/125649\/revisions"}],"wp:featuredmedia":[{"embeddable":true,"href":"https:\/\/www.europesays.com\/no\/wp-json\/wp\/v2\/media\/125650"}],"wp:attachment":[{"href":"https:\/\/www.europesays.com\/no\/wp-json\/wp\/v2\/media?parent=125649"}],"wp:term":[{"taxonomy":"category","embeddable":true,"href":"https:\/\/www.europesays.com\/no\/wp-json\/wp\/v2\/categories?post=125649"},{"taxonomy":"post_tag","embeddable":true,"href":"https:\/\/www.europesays.com\/no\/wp-json\/wp\/v2\/tags?post=125649"}],"curies":[{"name":"wp","href":"https:\/\/api.w.org\/{rel}","templated":true}]}}