{"id":125655,"date":"2025-12-31T16:38:08","date_gmt":"2025-12-31T16:38:08","guid":{"rendered":"https:\/\/www.europesays.com\/no\/125655\/"},"modified":"2025-12-31T16:38:08","modified_gmt":"2025-12-31T16:38:08","slug":"dronning-camilla-bekrefter-overgrepsforsok-som-tenaring","status":"publish","type":"post","link":"https:\/\/www.europesays.com\/no\/125655\/","title":{"rendered":"Dronning Camilla bekrefter overgrepsfors\u00f8k som ten\u00e5ring"},"content":{"rendered":"\n<p class=\"_lead_o9xde_2 _lead_xtcu6_50 layout-component text-serif-m layout-normal text-serif-l layout-component layout-wide layout-padded _wide_17hqh_1 layout-padded\">For f\u00f8rste gang bekrefter den britiske dronningen hva hun opplevde som sytten\u00e5ring.<\/p>\n<p><img alt=\"MED H\u00c6LEN: Storbritannias dronnning Camilla brukte knepet hun l\u00e6rte av moren sin, da hun som ten\u00e5ring forsvarte seg mot en mulig overgriper. Bildet er tatt i forbindelse med \u00e5rets julegudstjeneste. Foto: Hannah McKay \/ Reuters \/ NTB\" class=\"_image_qp4xg_65 layout-component layout-wide\" data-fullscreen- data-track-element-type=\"Article image fullscreen\" data-track-name=\"ImageFullscreen\" fetchpriority=\"high\" decoding=\"sync\" loading=\"eager\" height=\"3440\" itemprop=\"image\"  src=\"https:\/\/www.europesays.com\/no\/wp-content\/uploads\/2025\/12\/1772d185-b7ca-43f8-85a5-50a1400f1341.jpeg\"  style=\"object-position:0% 0%\" width=\"5152\"\/>MED H\u00c6LEN: Storbritannias dronnning Camilla brukte knepet hun l\u00e6rte av moren sin, da hun som ten\u00e5ring forsvarte seg mot en mulig overgriper. Bildet er tatt i forbindelse med \u00e5rets julegudstjeneste. Foto: Hannah McKay \/ Reuters \/ NTB<\/p>\n<ul aria-hidden=\"true\" class=\"_images_ntbth_112\">\n<li><a class=\"_link_ntbth_117\" href=\"https:\/\/www.vg.no\/forfatter\/haakon-f-hoeydal\" style=\"z-index:1\" title=\"H\u00e5kon F. H\u00f8ydal\" rel=\"nofollow noopener\" target=\"_blank\"><img alt=\"Bilde av H\u00e5kon F. H\u00f8ydal\" class=\"_image_ntbth_93\" fetchpriority=\"low\" loading=\"lazy\" decoding=\"async\" itemprop=\"image\"  src=\"https:\/\/www.europesays.com\/no\/wp-content\/uploads\/2025\/12\/1767199088_901_791defbc-20b8-4779-b615-3d02a4d66e97.jpeg\"  width=\"480\"\/><\/a><\/li>\n<\/ul>\n<p> Oppdatert onsdag 31. desember kl. 17:15    <\/p>\n<ul class=\"_list_o9xde_3 _list_64s2r_85 _unordered_o9xde_106 text-sans-m\">\n<li class=\"_item_o9xde_30\">Dronning Camilla bekrefter for f\u00f8rste gang at hun ble utsatt for et overgrepsfors\u00f8k som ten\u00e5ring.<\/li>\n<li class=\"_item_o9xde_30\">I et BBC-intervju beskriver hun episoden p\u00e5 toget, hvor hun kjempet tilbake mot angriperen.<\/li>\n<li class=\"_item_o9xde_30\">Hendelsen ble f\u00f8rst omtalt i en bok tidligere i \u00e5r, men ikke bekreftet av Buckingham Palace f\u00f8r n\u00e5. <\/li>\n<\/ul>\n<p>Vis mer <\/p>\n<p class=\"_paragraph_o9xde_4 _paragraph_xtcu6_10 layout-component text-serif-m layout-normal text-serif-m layout-padded\"><a href=\"https:\/\/www.vg.no\/tag\/dronning-camilla?utm_source=vg-article&amp;utm_medium=auto-tagger&amp;utm_campaign=Pd9LBe\" class=\"_link_o9xde_39\" rel=\"nofollow noopener\" target=\"_blank\">Dronning Camilla<\/a> har for f\u00f8rste gang bekreftet at hun ble utsatt for et overgrepsfors\u00f8k som ten\u00e5ring.<\/p>\n<p class=\"_paragraph_o9xde_4 _paragraph_xtcu6_10 layout-component text-serif-m layout-normal text-serif-m layout-padded\">I et intervju med <a href=\"https:\/\/www.bbc.com\/news\/videos\/cp871zrey80o\" class=\"_link_o9xde_39\" rel=\"nofollow noopener\" target=\"_blank\">BBC<\/a> fortalte den 78 \u00e5r gamle dronningen om den dramatiske hendelsen p\u00e5 toget.<\/p>\n<p class=\"_paragraph_o9xde_4 _paragraph_xtcu6_10 layout-component text-serif-m layout-normal text-serif-m layout-padded\"><strong class=\"_strong_o9xde_25\">\u2013 Da jeg var ten\u00e5ring, ble jeg angrepet p\u00e5 et tog. Jeg husker at jeg var s\u00e5 sint p\u00e5 den tiden, sa hun if\u00f8lge Reuters.<\/strong><\/p>\n<p class=\"_paragraph_o9xde_4 _paragraph_xtcu6_10 layout-component text-serif-m layout-normal text-serif-m layout-padded\">\u2013 Jeg leste boken min, og s\u00e5 angrep denne gutten \u2013 mannen \u2013 meg, og jeg slo tilbake, fortsatte hun.<\/p>\n<p class=\"_paragraph_o9xde_4 _paragraph_xtcu6_10 layout-component text-serif-m layout-normal text-serif-m layout-padded\">Camilla fortalte at hun ikke kjente mannen som angrep henne.<\/p>\n<p class=\"_paragraph_o9xde_4 _paragraph_xtcu6_10 layout-component text-serif-m layout-normal text-serif-m layout-padded\">Hendelsen <a href=\"https:\/\/www.vg.no\/i\/Avoy43\" data-track-element-type=\"Link\" data-track-id=\"link:Avoy43\" class=\"_link_o9xde_39\" rel=\"nofollow noopener\" target=\"_blank\">ble f\u00f8rst omtalt i september da en bok<\/a> om kongefamilien ble publisert i The Times, men hadde ikke tidligere blitt bekreftet av Buckingham Palace.<\/p>\n<p class=\"_paragraph_o9xde_4 _paragraph_xtcu6_10 layout-component text-serif-m layout-normal layout-padded\"><strong class=\"_strong_o9xde_25\">Les ogs\u00e5:<\/strong> <a href=\"https:\/\/www.vg.no\/i\/Avoy43\" data-track-element-type=\"Link\" data-track-id=\"link:Avoy43\" class=\"_link_o9xde_39\" rel=\"nofollow noopener\" target=\"_blank\">Ny bok: Dronning Camilla slo mulig overgriper<\/a><\/p>\n<p class=\"_paragraph_o9xde_4 _paragraph_xtcu6_10 layout-component text-serif-m layout-normal text-serif-m layout-padded\">\u2013 Jeg husker at jeg gikk av toget og moren min s\u00e5 p\u00e5 meg og sa: \u00abHvorfor st\u00e5r h\u00e5ret ditt til alle kanter og hvorfor mangler det en knapp p\u00e5 k\u00e5pen din?\u00bb, fortalte dronningen til BBC.<\/p>\n<p class=\"_paragraph_o9xde_4 _paragraph_xtcu6_10 layout-component text-serif-m layout-normal text-serif-m layout-padded\"><strong class=\"_strong_o9xde_25\">\u2013 Jeg var s\u00e5 rasende for det som hadde skjedd, og det har p\u00e5 en m\u00e5te ligget der i mange \u00e5r.<\/strong><\/p>\n<p><img alt=\"MOT VOLD: Storbritannias dronning Camilla har i flere \u00e5r engasjert seg mot vold mot kvinner. Her er hun i samtale med kvinner fra en lokal organisasjon.  Foto: Danny Lawson \/ Pa Photos \/ NTB\" class=\"_image_qp4xg_65 layout-component layout-normal\" data-fullscreen- data-track-element-type=\"Article image fullscreen\" data-track-name=\"ImageFullscreen\" decoding=\"async\" loading=\"lazy\" height=\"4000\" itemprop=\"image\"  src=\"https:\/\/www.europesays.com\/no\/wp-content\/uploads\/2025\/12\/46fea24b-0a58-4aa1-b843-b2b942bfd41b.jpeg\"  style=\"object-position:0% 0%\" width=\"6000\"\/>MOT VOLD: Storbritannias dronning Camilla har i flere \u00e5r engasjert seg mot vold mot kvinner. Her er hun i samtale med kvinner fra en lokal organisasjon.  Foto: Danny Lawson \/ Pa Photos \/ NTB<\/p>\n<p class=\"_paragraph_o9xde_4 _paragraph_xtcu6_10 layout-component text-serif-m layout-normal text-serif-m layout-padded\">If\u00f8lge boken skjedde hendelsen p\u00e5 et tog til Paddington stasjon i London da Camilla var rundt 16-17 \u00e5r gammel. Hun skal ha tatt av seg skoen og sl\u00e5tt mannen i skrittet med h\u00e6len.<\/p>\n<p class=\"_paragraph_o9xde_4 _paragraph_xtcu6_10 layout-component text-serif-m layout-normal text-serif-m layout-padded\"><strong class=\"_strong_o9xde_25\">\u2013 Jeg gjorde det moren min l\u00e6rte meg. Jeg tok av meg skoen og slo ham i skrittet med h\u00e6len, skal dronningen if\u00f8lge boken ha fortalt den tidligere britiske statsministeren Boris Johnson.<\/strong><\/p>\n<p class=\"_paragraph_o9xde_4 _paragraph_xtcu6_10 layout-component text-serif-m layout-normal text-serif-m layout-padded\">Da hun kom til Paddington, pekte hun ut angriperen til en tjenestemann og han ble arrestert, if\u00f8lge boken.<\/p>\n<p class=\"_paragraph_o9xde_4 _paragraph_xtcu6_10 layout-component text-serif-m layout-normal text-serif-m layout-padded\">Dronning Camilla har i mange \u00e5r kjempet mot seksuell vold og vold i n\u00e6re relasjoner.<\/p>\n","protected":false},"excerpt":{"rendered":"For f\u00f8rste gang bekrefter den britiske dronningen hva hun opplevde som sytten\u00e5ring. MED H\u00c6LEN: Storbritannias dronnning Camilla brukte&hellip;\n","protected":false},"author":2,"featured_media":125656,"comment_status":"","ping_status":"","sticky":false,"template":"","format":"standard","meta":{"footnotes":""},"categories":[58],"tags":[3868,71,30,28,29,72,46],"class_list":{"0":"post-125655","1":"post","2":"type-post","3":"status-publish","4":"format-standard","5":"has-post-thumbnail","7":"category-underholdning","8":"tag-dronning-camilla","9":"tag-entertainment","10":"tag-no","11":"tag-norge","12":"tag-norway","13":"tag-underholdning","14":"tag-vgai"},"share_on_mastodon":{"url":"https:\/\/pubeurope.com\/@no\/115815166954351184","error":""},"_links":{"self":[{"href":"https:\/\/www.europesays.com\/no\/wp-json\/wp\/v2\/posts\/125655","targetHints":{"allow":["GET"]}}],"collection":[{"href":"https:\/\/www.europesays.com\/no\/wp-json\/wp\/v2\/posts"}],"about":[{"href":"https:\/\/www.europesays.com\/no\/wp-json\/wp\/v2\/types\/post"}],"author":[{"embeddable":true,"href":"https:\/\/www.europesays.com\/no\/wp-json\/wp\/v2\/users\/2"}],"replies":[{"embeddable":true,"href":"https:\/\/www.europesays.com\/no\/wp-json\/wp\/v2\/comments?post=125655"}],"version-history":[{"count":0,"href":"https:\/\/www.europesays.com\/no\/wp-json\/wp\/v2\/posts\/125655\/revisions"}],"wp:featuredmedia":[{"embeddable":true,"href":"https:\/\/www.europesays.com\/no\/wp-json\/wp\/v2\/media\/125656"}],"wp:attachment":[{"href":"https:\/\/www.europesays.com\/no\/wp-json\/wp\/v2\/media?parent=125655"}],"wp:term":[{"taxonomy":"category","embeddable":true,"href":"https:\/\/www.europesays.com\/no\/wp-json\/wp\/v2\/categories?post=125655"},{"taxonomy":"post_tag","embeddable":true,"href":"https:\/\/www.europesays.com\/no\/wp-json\/wp\/v2\/tags?post=125655"}],"curies":[{"name":"wp","href":"https:\/\/api.w.org\/{rel}","templated":true}]}}